{"id":2573,"date":"2022-04-23T16:50:50","date_gmt":"2022-04-23T21:50:50","guid":{"rendered":"http:\/\/contextoanalisisperiodistico.com.mx\/?p=2573"},"modified":"2022-04-23T16:50:50","modified_gmt":"2022-04-23T21:50:50","slug":"con-dialogo-y-el-acuerdo-de-colonos-gobierno-municipal-de-xoxo-restablece-libre-transito-en-blvd-guadalupe-hinojosa","status":"publish","type":"post","link":"https:\/\/contextoanalisisperiodistico.com\/index.php\/2022\/04\/23\/con-dialogo-y-el-acuerdo-de-colonos-gobierno-municipal-de-xoxo-restablece-libre-transito-en-blvd-guadalupe-hinojosa\/","title":{"rendered":"Con di\u00e1logo y el acuerdo de colonos, gobierno municipal de Xoxo restablece libre tr\u00e1nsito en Blvd Guadalupe Hinojosa"},"content":{"rendered":"<div id=\"fb-root\"><\/div>\n\n<p>Resultado de la intervenci\u00f3n del Gobierno Municipal de Santa Cruz Xoxocotl\u00e1n, que encabeza el @DrCCastellanos, a trav\u00e9s del di\u00e1logo y el consenso con los habitantes de la agencia de San Isidro Monjas y colonias aleda\u00f1as, como la Agust\u00edn Melgar y La Paz, se logr\u00f3 la liberaci\u00f3n del Blvd. Guadalupe Hinojosa.<br \/>El Edil reiter\u00f3 su llamado a la construcci\u00f3n de acuerdos para el desarrollo de la comunidad, as\u00ed como para garantizar sus derechos a la salud y el bienestar social.<\/p>\n\n\n\n<h1 class=\"wp-block-heading\"><\/h1>\n\n\n\n<h1 class=\"wp-block-heading\">SANTACRUZXOXOCOTLAN<\/h1>\n\n\n\n<p><!-- Embedded with Magic Embeds - https:\/\/magicembeds.com --><div class=\"wef-measure\" style=\"max-width: 450px;\"><\/div><div class=\"fb-post\" data-href=\"https:\/\/www.facebook.com\/100002043066148\/posts\/4990756017669118\/?sfnsn=scwspmo\" data-width=\"450\" data-show-text=\"true\"><\/div><\/p>\n\n\n\n<figure class=\"wp-block-image size-large\"><img decoding=\"async\" src=\"https:\/\/contextoinformacionyanalisisperiodistico.files.wordpress.com\/2022\/04\/screenshot_20220423-164809_facebook.jpg?w=720\" alt=\"\" class=\"wp-image-2575\" \/><\/figure>\n","protected":false},"excerpt":{"rendered":"<p>Resultado de la intervenci\u00f3n del Gobierno Municipal de Santa Cruz Xoxocotl\u00e1n, que encabeza el @DrCCastellanos,&#8230;<\/p>\n","protected":false},"author":2,"featured_media":0,"comment_status":"open","ping_status":"open","sticky":false,"template":"","format":"standard","meta":{"footnotes":""},"categories":[7,9],"tags":[],"jetpack_sharing_enabled":true,"featured_image_urls":{"full":"","thumbnail":"","medium":"","medium_large":"","large":"","1536x1536":"","2048x2048":"","covernews-slider-full":"","covernews-slider-center":"","covernews-featured":"","covernews-medium":"","covernews-medium-square":""},"author_info":{"display_name":"Miguel","author_link":"https:\/\/contextoanalisisperiodistico.com\/index.php\/author\/editor\/"},"category_info":"<a href=\"https:\/\/contextoanalisisperiodistico.com\/index.php\/category\/municipios\/\" rel=\"category tag\">Municipios<\/a> <a href=\"https:\/\/contextoanalisisperiodistico.com\/index.php\/category\/politica\/\" rel=\"category tag\">Pol\u00edtica<\/a>","tag_info":"Pol\u00edtica","comment_count":"0","jetpack_featured_media_url":"","_links":{"self":[{"href":"https:\/\/contextoanalisisperiodistico.com\/index.php\/wp-json\/wp\/v2\/posts\/2573"}],"collection":[{"href":"https:\/\/contextoanalisisperiodistico.com\/index.php\/wp-json\/wp\/v2\/posts"}],"about":[{"href":"https:\/\/contextoanalisisperiodistico.com\/index.php\/wp-json\/wp\/v2\/types\/post"}],"author":[{"embeddable":true,"href":"https:\/\/contextoanalisisperiodistico.com\/index.php\/wp-json\/wp\/v2\/users\/2"}],"replies":[{"embeddable":true,"href":"https:\/\/contextoanalisisperiodistico.com\/index.php\/wp-json\/wp\/v2\/comments?post=2573"}],"version-history":[{"count":0,"href":"https:\/\/contextoanalisisperiodistico.com\/index.php\/wp-json\/wp\/v2\/posts\/2573\/revisions"}],"wp:attachment":[{"href":"https:\/\/contextoanalisisperiodistico.com\/index.php\/wp-json\/wp\/v2\/media?parent=2573"}],"wp:term":[{"taxonomy":"category","embeddable":true,"href":"https:\/\/contextoanalisisperiodistico.com\/index.php\/wp-json\/wp\/v2\/categories?post=2573"},{"taxonomy":"post_tag","embeddable":true,"href":"https:\/\/contextoanalisisperiodistico.com\/index.php\/wp-json\/wp\/v2\/tags?post=2573"}],"curies":[{"name":"wp","href":"https:\/\/api.w.org\/{rel}","templated":true}]}}