{"id":25555,"date":"2024-03-31T08:07:22","date_gmt":"2024-03-31T14:07:22","guid":{"rendered":"https:\/\/contextoanalisisperiodistico.com\/index.php\/2024\/03\/31\/que-la-luz-de-cristo-resucitado-y-glorioso-disipelas-tinieblas-de-nuestro-corazon-y-espiritu-rvo\/"},"modified":"2024-03-31T08:11:50","modified_gmt":"2024-03-31T14:11:50","slug":"que-la-luz-de-cristo-resucitado-y-glorioso-disipelas-tinieblas-de-nuestro-corazon-y-espiritu-rvo","status":"publish","type":"post","link":"https:\/\/contextoanalisisperiodistico.com\/index.php\/2024\/03\/31\/que-la-luz-de-cristo-resucitado-y-glorioso-disipelas-tinieblas-de-nuestro-corazon-y-espiritu-rvo\/","title":{"rendered":"Que la Luz de Cristo, resucitado y glorioso, disipe las tinieblas de nuestro coraz\u00f3n y esp\u00edritu: RVO"},"content":{"rendered":"<div id=\"fb-root\"><\/div>\n\n<p>\u2022 Se\u00f1ala presb\u00edtero ante cat\u00f3licos del Rosario, al celebrar la Vigilia Pascual.<br \/>Parroquia de Nuestra Se\u00f1ora del Rosario,<\/p>\n\n\n\n<p> Oax., 30 de Marzo, 2024.- \u201cQue la luz Cristo, resucitado y glorioso, disipe las tinieblas de nuestro coraz\u00f3n y nuestro esp\u00edritu\u201d, con esta oraci\u00f3n, cat\u00f3licos de esta cabecera parroquial celebraron este s\u00e1bado la gloriosa resurrecci\u00f3n del Se\u00f1or Jesucristo. Los bautizados en Cristo, encabezados por su presb\u00edtero Ricardo V\u00e1squez Ojeda, atestiguaron el cumplimiento del Santo Evangelio en esta Semana Santa, el Triduo Pascual, con la Pasi\u00f3n, Muerte y Resurrecci\u00f3n de Jesucristo, el Hijo unig\u00e9nito del Se\u00f1or.<br \/>En emotivo acontecimiento, despu\u00e9s de que los feligreses meditaran la pasi\u00f3n y muerte del Se\u00f1or, su descenso al lugar de los muertos y su resurrecci\u00f3n celebraron en comunidad, la vida plena del Se\u00f1or que venci\u00f3 a la muerte y que hoy se celebr\u00f3 con gozo festivo, como anticipo de la contemplaci\u00f3n beat\u00edfica del Padre, del Hijo y del Esp\u00edritu Santo. \u00a1Gloria a la Sant\u00edsima Trinidad!.<br \/>Celebrando la Vigilia Pascual, la bendici\u00f3n del fuego nuevo, realizado a un costado de la Capilla de la Ex Hacienda, en la que su p\u00e1rroco Ricardo, en respetuoso silencio de los asistentes se\u00f1alaba: \u201cEsta noche santa, en que nuestro Se\u00f1or Jesucristo pas\u00f3 de la muerte a la vida, conmemoramos la Pascua del Se\u00f1or, escuchando su palabra y participando en sus sacramentos, con esperanza de participar tambi\u00e9n en su triunfo sobre la muerte y vivir con \u00e9l para siempre en Dios\u201d.<br \/>Seguidamente, bendijo el fuego de la luz del Se\u00f1or y despu\u00e9s de trazar en el cirio pascual la cruz y dem\u00e1s signos, lo encendi\u00f3 con el fuego nuevo a\u00f1adiendo: \u201cQue la luz de Cristo, resucitado y glorioso, disipe las tinieblas de nuestro coraz\u00f3n y de nuestro esp\u00edritu\u201d.<br \/>En cumplimiento al Evangelio, portando velas, las encendieron del cirio pascual y las y los presentes se dirigieron hacia su templo en el que el Sacerdote proclam\u00f3 el Preg\u00f3n Pascual: \u201cAl\u00e9grense, por fin, los coros de los \u00e1ngeles, al\u00e9grense las jerarqu\u00edas del cielo y, por la victoria de rey tan poderoso, que las trompetas anuncien la salvaci\u00f3n. Goce tambi\u00e9n la tierra, inundada de tanta claridad, y que, radiante con el fulgor del rey eterno, se sienta libre de la tiniebla que cubr\u00eda el orbe entero. Al\u00e9grese tambi\u00e9n nuestra madre de la iglesia, revestida de luz tan brillante; resuene este recinto con las aclamaciones del pueblo (\u2026)\u201d.<br \/>Durante la Liturgia agregaba: \u201cHabiendo iniciado solemnemente la Vigilia Pascual, escuchemos con recogimiento la palabra de Dios. Meditemos como, en la antigua alianza, Dios salv\u00f3 a su pueblo y en la plenitud de los tiempos, envi\u00f3 al mundo a su Hijo para que nos redimiera. Oremos para que Dios lleve a su plenitud de la redenci\u00f3n realizada por el misterio pascual.<br \/>Los asistentes escucharon con atenci\u00f3n las siete lecturas del Evangelio, parte fundamental de esta Vigilia Pascual y sus respectivos salmos. Al t\u00e9rmino de la s\u00e9ptima, con su salmo responsorial y oraci\u00f3n, se encendieron las velas del altar y las luces del templo, y el sacerdote enton\u00f3 el himno: \u201cGloria a Dios en el cielo\u201d, al que se sumaron los congregados en el Se\u00f1or en tanto las campanas de este templo repicaban nuevamente, Un acto de fe, amor, l\u00e1grimas de alegr\u00eda y sinn\u00famero de expresiones de gratitud a Jesucristo entre los presentes se percib\u00edan y denotaban en esta noche en la Cristo venci\u00f3 a la muerte por nuestra salvaci\u00f3n.<br \/>Minutos despu\u00e9s, en esta celebraci\u00f3n, la fiesta m\u00e1s grande de nuestra Iglesia, en la que el p\u00e1rroco conminaba a los reunidos abrir su mente y coraz\u00f3n a Cristo, para, posteriormente, en reflexi\u00f3n al santo Evangelio, seg\u00fan san Marcos, agregar: \u201cEsta celebraci\u00f3n tiene una gran riqueza, la iniciamos con la bendici\u00f3n del fuego, encender el Cirio Pascual y esta procesi\u00f3n en medio de la noche y las tinieblas en la que brilla la luz de Cristo.<br \/>Luego, este Preg\u00f3n tan bello y hermoso, les invito a leerlo, meditarlo, es un canto de gozo y alegr\u00eda. despu\u00e9s de haber pasado unos d\u00edas de contemplaci\u00f3n de la Pasi\u00f3n del Se\u00f1or, ahora, con el gozo de felicidad de saber que nosotros creemos en un Dios que ha vencido a la muerte, ha resucitado. Aliment\u00e9monos como cristianos de las 7 lecturas del Antiguo Testamento, la carta de san Pablo, la Liturgia y el santo Evangelio, guardemos en nuestro coraz\u00f3n ese mensaje que Dios nos ha dado como palabras de aliento y esperanza.<br \/>\u201cEstos d\u00edas de la Pascua hablemos de esta palabra tan abundante que hemos escuchado, grab\u00e9mosla en nuestro coraz\u00f3n; son palabras de amor y vida eterna. Esta palabra est\u00e1 centrada en el Sacramento del Bautismo, la luz y el agua que representa a Cristo resucitado, por lo que celebraremos la octava de la victoria de Cristo, su resurrecci\u00f3n.<br \/>Vivamos como hijos de Dios esta Pascua del Se\u00f1or, porque hemos muerto con \u00e9l para resucitar con \u00e9l, por ello, esta noche renovaremos, reavivemos y comprometemos nuestras promesas bautismales. Asimismo, a\u00f1adi\u00f3, esta noche, pasaremos al momento Eucar\u00edstico, donde Cristo se hace presente, vivo, victorioso, en el altar y se nos da como alimento para venir a habitar en nuestro coraz\u00f3n y permanezca en nosotros. Agradezco, a todos los que han colaborado para hacer posible estas celebraciones, su disponibilidad interior. Puntualizaba, previo a la celebraci\u00f3n de la Eucarist\u00eda del Se\u00f1or as\u00ed como del acto de profesi\u00f3n de fe.<br \/>Minutos despu\u00e9s, se llev\u00f3 a cabo la Liturgia Bautismal en la que en oraci\u00f3n pidi\u00f3 a Dios todopoderoso santifique esta fuente bautismal, para que cuantos en el bautismo van a ser regenerados en Cristo, sean agregados al n\u00famero de hijos adoptivos de Dios. Aunado a ello, se bendijo el agua bautismal, la renovaci\u00f3n de las promesas bautismales y la liturgia Eucar\u00edstica.<br \/>En esta solemne celebraci\u00f3n Eucar\u00edstica, el presb\u00edtero Ricardo V\u00e1squez Ojeda, agradeci\u00f3 y bendijo en Comuni\u00f3n a todos los y las participantes en estos eventos, -ni\u00f1as y ni\u00f1os, j\u00f3venes, adultos y adultos mayores-, as\u00ed como el apoyo, disposici\u00f3n y difusi\u00f3n de las redes sociales y medios de comunicaci\u00f3n. Aunado a las pastorales de Monaguillos, Liturgia, Familia, Intercesi\u00f3n, Kerigma, Movimiento Familiar Cristiano, Proceso y de su coordinadora por su servicio al Se\u00f1or Jesucristo y acompa\u00f1amiento a Santa Mar\u00eda Virgen con actos de fe, penitencia, gozo, devoci\u00f3n, respeto, amor y fe.<br \/>En este d\u00eda, m\u00faltiples viviendas y el templo parroquial, ex profeso, fueron adornadas con flores, listones, cadenas de papel, pasacalles, mo\u00f1os y banderas, entre otras, de color rojo y blanco, como signos y celebraci\u00f3n de que Cristo ha vencido la muerte, retorna victorioso y nos ha dado la vida eterna. \u201cAnuncien a todos la alegr\u00eda del Se\u00f1or resucitado aleluya, aleluya; verdaderamente ha resucitado, aleluya, aleluya.!\u201d. Conclu\u00eda el presb\u00edtero en este d\u00eda de Vigilia Pascual, la resurrecci\u00f3n de Cristo. (Joel JAVIER)<\/p>\n\n\n\n<figure class=\"wp-block-image size-large\"><img fetchpriority=\"high\" decoding=\"async\" width=\"496\" height=\"1024\" src=\"https:\/\/contextoanalisisperiodistico.com\/wp-content\/uploads\/2024\/03\/img-20240331-wa00196628567748967821952-496x1024.jpg\" alt=\"\" class=\"wp-image-25538\" srcset=\"https:\/\/contextoanalisisperiodistico.com\/wp-content\/uploads\/2024\/03\/img-20240331-wa00196628567748967821952-496x1024.jpg 496w, https:\/\/contextoanalisisperiodistico.com\/wp-content\/uploads\/2024\/03\/img-20240331-wa00196628567748967821952-145x300.jpg 145w, https:\/\/contextoanalisisperiodistico.com\/wp-content\/uploads\/2024\/03\/img-20240331-wa00196628567748967821952.jpg 523w\" sizes=\"(max-width: 496px) 100vw, 496px\" \/><\/figure>\n\n\n\n<figure class=\"wp-block-image\"><img decoding=\"async\" width=\"1024\" height=\"557\" src=\"https:\/\/contextoanalisisperiodistico.com\/wp-content\/uploads\/2024\/03\/img-20240331-wa00097192466113949176983-1024x557.jpg\" alt=\"\" class=\"wp-image-25542\" srcset=\"https:\/\/contextoanalisisperiodistico.com\/wp-content\/uploads\/2024\/03\/img-20240331-wa00097192466113949176983-1024x557.jpg 1024w, https:\/\/contextoanalisisperiodistico.com\/wp-content\/uploads\/2024\/03\/img-20240331-wa00097192466113949176983-300x163.jpg 300w, https:\/\/contextoanalisisperiodistico.com\/wp-content\/uploads\/2024\/03\/img-20240331-wa00097192466113949176983-768x417.jpg 768w, https:\/\/contextoanalisisperiodistico.com\/wp-content\/uploads\/2024\/03\/img-20240331-wa00097192466113949176983.jpg 1080w\" sizes=\"(max-width: 1024px) 100vw, 1024px\" \/><\/figure>\n\n\n\n<figure class=\"wp-block-image\"><img decoding=\"async\" width=\"741\" height=\"1024\" src=\"https:\/\/contextoanalisisperiodistico.com\/wp-content\/uploads\/2024\/03\/img-20240331-wa00077568994592793345223-741x1024.jpg\" alt=\"\" class=\"wp-image-25541\" srcset=\"https:\/\/contextoanalisisperiodistico.com\/wp-content\/uploads\/2024\/03\/img-20240331-wa00077568994592793345223-741x1024.jpg 741w, https:\/\/contextoanalisisperiodistico.com\/wp-content\/uploads\/2024\/03\/img-20240331-wa00077568994592793345223-217x300.jpg 217w, https:\/\/contextoanalisisperiodistico.com\/wp-content\/uploads\/2024\/03\/img-20240331-wa00077568994592793345223-768x1062.jpg 768w, https:\/\/contextoanalisisperiodistico.com\/wp-content\/uploads\/2024\/03\/img-20240331-wa00077568994592793345223.jpg 781w\" sizes=\"(max-width: 741px) 100vw, 741px\" \/><\/figure>\n\n\n\n<figure class=\"wp-block-image\"><img loading=\"lazy\" decoding=\"async\" width=\"678\" height=\"1024\" src=\"https:\/\/contextoanalisisperiodistico.com\/wp-content\/uploads\/2024\/03\/img-20240331-wa0018201244723746740410-678x1024.jpg\" alt=\"\" class=\"wp-image-25539\" srcset=\"https:\/\/contextoanalisisperiodistico.com\/wp-content\/uploads\/2024\/03\/img-20240331-wa0018201244723746740410-678x1024.jpg 678w, https:\/\/contextoanalisisperiodistico.com\/wp-content\/uploads\/2024\/03\/img-20240331-wa0018201244723746740410-199x300.jpg 199w, https:\/\/contextoanalisisperiodistico.com\/wp-content\/uploads\/2024\/03\/img-20240331-wa0018201244723746740410.jpg 715w\" sizes=\"(max-width: 678px) 100vw, 678px\" \/><\/figure>\n\n\n\n<figure class=\"wp-block-image\"><img loading=\"lazy\" decoding=\"async\" width=\"562\" height=\"1024\" src=\"https:\/\/contextoanalisisperiodistico.com\/wp-content\/uploads\/2024\/03\/img-20240331-wa00065240291502404702959-562x1024.jpg\" alt=\"\" class=\"wp-image-25540\" srcset=\"https:\/\/contextoanalisisperiodistico.com\/wp-content\/uploads\/2024\/03\/img-20240331-wa00065240291502404702959-562x1024.jpg 562w, https:\/\/contextoanalisisperiodistico.com\/wp-content\/uploads\/2024\/03\/img-20240331-wa00065240291502404702959-165x300.jpg 165w, https:\/\/contextoanalisisperiodistico.com\/wp-content\/uploads\/2024\/03\/img-20240331-wa00065240291502404702959.jpg 593w\" sizes=\"(max-width: 562px) 100vw, 562px\" \/><\/figure>\n\n\n\n<figure class=\"wp-block-image\"><img loading=\"lazy\" decoding=\"async\" width=\"1024\" height=\"657\" src=\"https:\/\/contextoanalisisperiodistico.com\/wp-content\/uploads\/2024\/03\/img-20240331-wa00118998920768844137975-1024x657.jpg\" alt=\"\" class=\"wp-image-25544\" srcset=\"https:\/\/contextoanalisisperiodistico.com\/wp-content\/uploads\/2024\/03\/img-20240331-wa00118998920768844137975-1024x657.jpg 1024w, https:\/\/contextoanalisisperiodistico.com\/wp-content\/uploads\/2024\/03\/img-20240331-wa00118998920768844137975-300x193.jpg 300w, https:\/\/contextoanalisisperiodistico.com\/wp-content\/uploads\/2024\/03\/img-20240331-wa00118998920768844137975-768x493.jpg 768w, https:\/\/contextoanalisisperiodistico.com\/wp-content\/uploads\/2024\/03\/img-20240331-wa00118998920768844137975.jpg 1080w\" sizes=\"(max-width: 1024px) 100vw, 1024px\" \/><\/figure>\n\n\n\n<figure class=\"wp-block-image\"><img loading=\"lazy\" decoding=\"async\" width=\"1024\" height=\"357\" src=\"https:\/\/contextoanalisisperiodistico.com\/wp-content\/uploads\/2024\/03\/img-20240331-wa00104934637625730819282-1024x357.jpg\" alt=\"\" class=\"wp-image-25543\" srcset=\"https:\/\/contextoanalisisperiodistico.com\/wp-content\/uploads\/2024\/03\/img-20240331-wa00104934637625730819282-1024x357.jpg 1024w, https:\/\/contextoanalisisperiodistico.com\/wp-content\/uploads\/2024\/03\/img-20240331-wa00104934637625730819282-300x105.jpg 300w, https:\/\/contextoanalisisperiodistico.com\/wp-content\/uploads\/2024\/03\/img-20240331-wa00104934637625730819282-768x268.jpg 768w, https:\/\/contextoanalisisperiodistico.com\/wp-content\/uploads\/2024\/03\/img-20240331-wa00104934637625730819282.jpg 1080w\" sizes=\"(max-width: 1024px) 100vw, 1024px\" \/><\/figure>\n\n\n\n<figure class=\"wp-block-image\"><img loading=\"lazy\" decoding=\"async\" width=\"1024\" height=\"536\" src=\"https:\/\/contextoanalisisperiodistico.com\/wp-content\/uploads\/2024\/03\/img-20240331-wa00014694464887061704933-1024x536.jpg\" alt=\"\" class=\"wp-image-25545\" srcset=\"https:\/\/contextoanalisisperiodistico.com\/wp-content\/uploads\/2024\/03\/img-20240331-wa00014694464887061704933-1024x536.jpg 1024w, https:\/\/contextoanalisisperiodistico.com\/wp-content\/uploads\/2024\/03\/img-20240331-wa00014694464887061704933-300x157.jpg 300w, https:\/\/contextoanalisisperiodistico.com\/wp-content\/uploads\/2024\/03\/img-20240331-wa00014694464887061704933-768x402.jpg 768w, https:\/\/contextoanalisisperiodistico.com\/wp-content\/uploads\/2024\/03\/img-20240331-wa00014694464887061704933.jpg 1080w\" sizes=\"(max-width: 1024px) 100vw, 1024px\" \/><\/figure>\n\n\n\n<figure class=\"wp-block-image\"><img loading=\"lazy\" decoding=\"async\" width=\"1024\" height=\"456\" src=\"https:\/\/contextoanalisisperiodistico.com\/wp-content\/uploads\/2024\/03\/img-20240331-wa00057790221066254517162-1024x456.jpg\" alt=\"\" class=\"wp-image-25546\" srcset=\"https:\/\/contextoanalisisperiodistico.com\/wp-content\/uploads\/2024\/03\/img-20240331-wa00057790221066254517162-1024x456.jpg 1024w, https:\/\/contextoanalisisperiodistico.com\/wp-content\/uploads\/2024\/03\/img-20240331-wa00057790221066254517162-300x134.jpg 300w, https:\/\/contextoanalisisperiodistico.com\/wp-content\/uploads\/2024\/03\/img-20240331-wa00057790221066254517162-768x342.jpg 768w, https:\/\/contextoanalisisperiodistico.com\/wp-content\/uploads\/2024\/03\/img-20240331-wa00057790221066254517162.jpg 1080w\" sizes=\"(max-width: 1024px) 100vw, 1024px\" \/><\/figure>\n\n\n\n<figure class=\"wp-block-image\"><img loading=\"lazy\" decoding=\"async\" width=\"1024\" height=\"741\" src=\"https:\/\/contextoanalisisperiodistico.com\/wp-content\/uploads\/2024\/03\/img-20240331-wa00154175230566242907043-1024x741.jpg\" alt=\"\" class=\"wp-image-25547\" srcset=\"https:\/\/contextoanalisisperiodistico.com\/wp-content\/uploads\/2024\/03\/img-20240331-wa00154175230566242907043-1024x741.jpg 1024w, https:\/\/contextoanalisisperiodistico.com\/wp-content\/uploads\/2024\/03\/img-20240331-wa00154175230566242907043-300x217.jpg 300w, https:\/\/contextoanalisisperiodistico.com\/wp-content\/uploads\/2024\/03\/img-20240331-wa00154175230566242907043-768x556.jpg 768w, https:\/\/contextoanalisisperiodistico.com\/wp-content\/uploads\/2024\/03\/img-20240331-wa00154175230566242907043.jpg 1080w\" sizes=\"(max-width: 1024px) 100vw, 1024px\" \/><\/figure>\n\n\n\n<figure class=\"wp-block-image\"><img loading=\"lazy\" decoding=\"async\" width=\"1024\" height=\"466\" src=\"https:\/\/contextoanalisisperiodistico.com\/wp-content\/uploads\/2024\/03\/img-20240331-wa00037620980237187882996-1024x466.jpg\" alt=\"\" class=\"wp-image-25548\" srcset=\"https:\/\/contextoanalisisperiodistico.com\/wp-content\/uploads\/2024\/03\/img-20240331-wa00037620980237187882996-1024x466.jpg 1024w, https:\/\/contextoanalisisperiodistico.com\/wp-content\/uploads\/2024\/03\/img-20240331-wa00037620980237187882996-300x136.jpg 300w, https:\/\/contextoanalisisperiodistico.com\/wp-content\/uploads\/2024\/03\/img-20240331-wa00037620980237187882996-768x349.jpg 768w, https:\/\/contextoanalisisperiodistico.com\/wp-content\/uploads\/2024\/03\/img-20240331-wa00037620980237187882996.jpg 1080w\" sizes=\"(max-width: 1024px) 100vw, 1024px\" \/><\/figure>\n\n\n\n<figure class=\"wp-block-image\"><img loading=\"lazy\" decoding=\"async\" width=\"1024\" height=\"649\" src=\"https:\/\/contextoanalisisperiodistico.com\/wp-content\/uploads\/2024\/03\/img-20240331-wa00021973913359815212957-1024x649.jpg\" alt=\"\" class=\"wp-image-25549\" srcset=\"https:\/\/contextoanalisisperiodistico.com\/wp-content\/uploads\/2024\/03\/img-20240331-wa00021973913359815212957-1024x649.jpg 1024w, https:\/\/contextoanalisisperiodistico.com\/wp-content\/uploads\/2024\/03\/img-20240331-wa00021973913359815212957-300x190.jpg 300w, https:\/\/contextoanalisisperiodistico.com\/wp-content\/uploads\/2024\/03\/img-20240331-wa00021973913359815212957-768x486.jpg 768w, https:\/\/contextoanalisisperiodistico.com\/wp-content\/uploads\/2024\/03\/img-20240331-wa00021973913359815212957.jpg 1080w\" sizes=\"(max-width: 1024px) 100vw, 1024px\" \/><\/figure>\n\n\n\n<figure class=\"wp-block-image\"><img loading=\"lazy\" decoding=\"async\" width=\"1024\" height=\"650\" src=\"https:\/\/contextoanalisisperiodistico.com\/wp-content\/uploads\/2024\/03\/img-20240331-wa00043086315247902905291-1024x650.jpg\" alt=\"\" class=\"wp-image-25550\" srcset=\"https:\/\/contextoanalisisperiodistico.com\/wp-content\/uploads\/2024\/03\/img-20240331-wa00043086315247902905291-1024x650.jpg 1024w, https:\/\/contextoanalisisperiodistico.com\/wp-content\/uploads\/2024\/03\/img-20240331-wa00043086315247902905291-300x191.jpg 300w, https:\/\/contextoanalisisperiodistico.com\/wp-content\/uploads\/2024\/03\/img-20240331-wa00043086315247902905291-768x488.jpg 768w, https:\/\/contextoanalisisperiodistico.com\/wp-content\/uploads\/2024\/03\/img-20240331-wa00043086315247902905291.jpg 1080w\" sizes=\"(max-width: 1024px) 100vw, 1024px\" \/><\/figure>\n\n\n\n<figure class=\"wp-block-image\"><img loading=\"lazy\" decoding=\"async\" width=\"810\" height=\"1024\" src=\"https:\/\/contextoanalisisperiodistico.com\/wp-content\/uploads\/2024\/03\/img-20240331-wa00215439564364000714367-810x1024.jpg\" alt=\"\" class=\"wp-image-25551\" srcset=\"https:\/\/contextoanalisisperiodistico.com\/wp-content\/uploads\/2024\/03\/img-20240331-wa00215439564364000714367-810x1024.jpg 810w, https:\/\/contextoanalisisperiodistico.com\/wp-content\/uploads\/2024\/03\/img-20240331-wa00215439564364000714367-237x300.jpg 237w, https:\/\/contextoanalisisperiodistico.com\/wp-content\/uploads\/2024\/03\/img-20240331-wa00215439564364000714367-768x971.jpg 768w, https:\/\/contextoanalisisperiodistico.com\/wp-content\/uploads\/2024\/03\/img-20240331-wa00215439564364000714367.jpg 854w\" sizes=\"(max-width: 810px) 100vw, 810px\" \/><\/figure>\n\n\n\n<figure class=\"wp-block-image\"><img loading=\"lazy\" decoding=\"async\" width=\"1024\" height=\"688\" src=\"https:\/\/contextoanalisisperiodistico.com\/wp-content\/uploads\/2024\/03\/img-20240331-wa00164937354043742158192-1024x688.jpg\" alt=\"\" class=\"wp-image-25552\" srcset=\"https:\/\/contextoanalisisperiodistico.com\/wp-content\/uploads\/2024\/03\/img-20240331-wa00164937354043742158192-1024x688.jpg 1024w, https:\/\/contextoanalisisperiodistico.com\/wp-content\/uploads\/2024\/03\/img-20240331-wa00164937354043742158192-300x202.jpg 300w, https:\/\/contextoanalisisperiodistico.com\/wp-content\/uploads\/2024\/03\/img-20240331-wa00164937354043742158192-768x516.jpg 768w, https:\/\/contextoanalisisperiodistico.com\/wp-content\/uploads\/2024\/03\/img-20240331-wa00164937354043742158192.jpg 1080w\" sizes=\"(max-width: 1024px) 100vw, 1024px\" \/><\/figure>\n\n\n\n<figure class=\"wp-block-image\"><img loading=\"lazy\" decoding=\"async\" width=\"1024\" height=\"598\" src=\"https:\/\/contextoanalisisperiodistico.com\/wp-content\/uploads\/2024\/03\/img-20240331-wa00141628858538603209830-1024x598.jpg\" alt=\"\" class=\"wp-image-25553\" srcset=\"https:\/\/contextoanalisisperiodistico.com\/wp-content\/uploads\/2024\/03\/img-20240331-wa00141628858538603209830-1024x598.jpg 1024w, https:\/\/contextoanalisisperiodistico.com\/wp-content\/uploads\/2024\/03\/img-20240331-wa00141628858538603209830-300x175.jpg 300w, https:\/\/contextoanalisisperiodistico.com\/wp-content\/uploads\/2024\/03\/img-20240331-wa00141628858538603209830-768x449.jpg 768w, https:\/\/contextoanalisisperiodistico.com\/wp-content\/uploads\/2024\/03\/img-20240331-wa00141628858538603209830.jpg 1080w\" sizes=\"(max-width: 1024px) 100vw, 1024px\" \/><\/figure>\n\n\n\n<figure class=\"wp-block-image\"><img loading=\"lazy\" decoding=\"async\" width=\"596\" height=\"1024\" src=\"https:\/\/contextoanalisisperiodistico.com\/wp-content\/uploads\/2024\/03\/img-20240331-wa00127291427944650193685-596x1024.jpg\" alt=\"\" class=\"wp-image-25554\" srcset=\"https:\/\/contextoanalisisperiodistico.com\/wp-content\/uploads\/2024\/03\/img-20240331-wa00127291427944650193685-596x1024.jpg 596w, https:\/\/contextoanalisisperiodistico.com\/wp-content\/uploads\/2024\/03\/img-20240331-wa00127291427944650193685-175x300.jpg 175w, https:\/\/contextoanalisisperiodistico.com\/wp-content\/uploads\/2024\/03\/img-20240331-wa00127291427944650193685.jpg 629w\" sizes=\"(max-width: 596px) 100vw, 596px\" \/><\/figure>\n","protected":false},"excerpt":{"rendered":"<p>\u2022 Se\u00f1ala presb\u00edtero ante cat\u00f3licos del Rosario, al celebrar la Vigilia Pascual.Parroquia de Nuestra Se\u00f1ora&#8230;<\/p>\n","protected":false},"author":4,"featured_media":25537,"comment_status":"closed","ping_status":"open","sticky":false,"template":"","format":"standard","meta":{"footnotes":""},"categories":[9],"tags":[],"jetpack_sharing_enabled":true,"featured_image_urls":{"full":["https:\/\/contextoanalisisperiodistico.com\/wp-content\/uploads\/2024\/03\/IMG-20240331-WA0003.jpg",1080,491,false],"thumbnail":["https:\/\/contextoanalisisperiodistico.com\/wp-content\/uploads\/2024\/03\/IMG-20240331-WA0003-150x150.jpg",150,150,true],"medium":["https:\/\/contextoanalisisperiodistico.com\/wp-content\/uploads\/2024\/03\/IMG-20240331-WA0003-300x136.jpg",300,136,true],"medium_large":["https:\/\/contextoanalisisperiodistico.com\/wp-content\/uploads\/2024\/03\/IMG-20240331-WA0003-768x349.jpg",640,291,true],"large":["https:\/\/contextoanalisisperiodistico.com\/wp-content\/uploads\/2024\/03\/IMG-20240331-WA0003-1024x466.jpg",640,291,true],"1536x1536":["https:\/\/contextoanalisisperiodistico.com\/wp-content\/uploads\/2024\/03\/IMG-20240331-WA0003.jpg",1080,491,false],"2048x2048":["https:\/\/contextoanalisisperiodistico.com\/wp-content\/uploads\/2024\/03\/IMG-20240331-WA0003.jpg",1080,491,false],"covernews-slider-full":["https:\/\/contextoanalisisperiodistico.com\/wp-content\/uploads\/2024\/03\/IMG-20240331-WA0003.jpg",1080,491,false],"covernews-slider-center":["https:\/\/contextoanalisisperiodistico.com\/wp-content\/uploads\/2024\/03\/IMG-20240331-WA0003-800x491.jpg",800,491,true],"covernews-featured":["https:\/\/contextoanalisisperiodistico.com\/wp-content\/uploads\/2024\/03\/IMG-20240331-WA0003-1024x466.jpg",1024,466,true],"covernews-medium":["https:\/\/contextoanalisisperiodistico.com\/wp-content\/uploads\/2024\/03\/IMG-20240331-WA0003-540x340.jpg",540,340,true],"covernews-medium-square":["https:\/\/contextoanalisisperiodistico.com\/wp-content\/uploads\/2024\/03\/IMG-20240331-WA0003-400x250.jpg",400,250,true]},"author_info":{"display_name":"Mario Gir\u00f3n","author_link":"https:\/\/contextoanalisisperiodistico.com\/index.php\/author\/director\/"},"category_info":"<a href=\"https:\/\/contextoanalisisperiodistico.com\/index.php\/category\/politica\/\" rel=\"category tag\">Pol\u00edtica<\/a>","tag_info":"Pol\u00edtica","comment_count":"0","jetpack_featured_media_url":"https:\/\/contextoanalisisperiodistico.com\/wp-content\/uploads\/2024\/03\/IMG-20240331-WA0003.jpg","_links":{"self":[{"href":"https:\/\/contextoanalisisperiodistico.com\/index.php\/wp-json\/wp\/v2\/posts\/25555"}],"collection":[{"href":"https:\/\/contextoanalisisperiodistico.com\/index.php\/wp-json\/wp\/v2\/posts"}],"about":[{"href":"https:\/\/contextoanalisisperiodistico.com\/index.php\/wp-json\/wp\/v2\/types\/post"}],"author":[{"embeddable":true,"href":"https:\/\/contextoanalisisperiodistico.com\/index.php\/wp-json\/wp\/v2\/users\/4"}],"replies":[{"embeddable":true,"href":"https:\/\/contextoanalisisperiodistico.com\/index.php\/wp-json\/wp\/v2\/comments?post=25555"}],"version-history":[{"count":1,"href":"https:\/\/contextoanalisisperiodistico.com\/index.php\/wp-json\/wp\/v2\/posts\/25555\/revisions"}],"predecessor-version":[{"id":25556,"href":"https:\/\/contextoanalisisperiodistico.com\/index.php\/wp-json\/wp\/v2\/posts\/25555\/revisions\/25556"}],"wp:featuredmedia":[{"embeddable":true,"href":"https:\/\/contextoanalisisperiodistico.com\/index.php\/wp-json\/wp\/v2\/media\/25537"}],"wp:attachment":[{"href":"https:\/\/contextoanalisisperiodistico.com\/index.php\/wp-json\/wp\/v2\/media?parent=25555"}],"wp:term":[{"taxonomy":"category","embeddable":true,"href":"https:\/\/contextoanalisisperiodistico.com\/index.php\/wp-json\/wp\/v2\/categories?post=25555"},{"taxonomy":"post_tag","embeddable":true,"href":"https:\/\/contextoanalisisperiodistico.com\/index.php\/wp-json\/wp\/v2\/tags?post=25555"}],"curies":[{"name":"wp","href":"https:\/\/api.w.org\/{rel}","templated":true}]}}