{"id":25468,"date":"2024-03-28T12:22:53","date_gmt":"2024-03-28T18:22:53","guid":{"rendered":"https:\/\/contextoanalisisperiodistico.com\/index.php\/2024\/03\/28\/estrecha-vigilancia-en-operativo-cuaresma-limpia-2024-sso\/"},"modified":"2024-03-28T12:22:53","modified_gmt":"2024-03-28T18:22:53","slug":"estrecha-vigilancia-en-operativo-cuaresma-limpia-2024-sso","status":"publish","type":"post","link":"https:\/\/contextoanalisisperiodistico.com\/index.php\/2024\/03\/28\/estrecha-vigilancia-en-operativo-cuaresma-limpia-2024-sso\/","title":{"rendered":"Estrecha vigilancia en Operativo Cuaresma Limpia 2024: SSO"},"content":{"rendered":"<div id=\"fb-root\"><\/div>\n\n<p>\u2022 En esta estrategia que concluye el 7 de abril, los Servicios de Salud de Oaxaca aplican 9 medidas de seguridad y efect\u00faa la suspensi\u00f3n de trabajos y servicios por incumplir la normatividad vigente<\/p>\n\n\n\n<figure class=\"wp-block-image size-large\"><img fetchpriority=\"high\" decoding=\"async\" width=\"1024\" height=\"576\" src=\"https:\/\/contextoanalisisperiodistico.com\/wp-content\/uploads\/2024\/03\/img-20240328-wa00041891700513807945613-1024x576.jpg\" alt=\"\" class=\"wp-image-25465\" srcset=\"https:\/\/contextoanalisisperiodistico.com\/wp-content\/uploads\/2024\/03\/img-20240328-wa00041891700513807945613-1024x576.jpg 1024w, https:\/\/contextoanalisisperiodistico.com\/wp-content\/uploads\/2024\/03\/img-20240328-wa00041891700513807945613-300x169.jpg 300w, https:\/\/contextoanalisisperiodistico.com\/wp-content\/uploads\/2024\/03\/img-20240328-wa00041891700513807945613-768x432.jpg 768w, https:\/\/contextoanalisisperiodistico.com\/wp-content\/uploads\/2024\/03\/img-20240328-wa00041891700513807945613-1536x864.jpg 1536w, https:\/\/contextoanalisisperiodistico.com\/wp-content\/uploads\/2024\/03\/img-20240328-wa00041891700513807945613.jpg 1600w\" sizes=\"(max-width: 1024px) 100vw, 1024px\" \/><\/figure>\n\n\n\n<figure class=\"wp-block-image\"><img decoding=\"async\" width=\"1024\" height=\"576\" src=\"https:\/\/contextoanalisisperiodistico.com\/wp-content\/uploads\/2024\/03\/img-20240328-wa00052529897579549132976-1024x576.jpg\" alt=\"\" class=\"wp-image-25467\" srcset=\"https:\/\/contextoanalisisperiodistico.com\/wp-content\/uploads\/2024\/03\/img-20240328-wa00052529897579549132976-1024x576.jpg 1024w, https:\/\/contextoanalisisperiodistico.com\/wp-content\/uploads\/2024\/03\/img-20240328-wa00052529897579549132976-300x169.jpg 300w, https:\/\/contextoanalisisperiodistico.com\/wp-content\/uploads\/2024\/03\/img-20240328-wa00052529897579549132976-768x432.jpg 768w, https:\/\/contextoanalisisperiodistico.com\/wp-content\/uploads\/2024\/03\/img-20240328-wa00052529897579549132976-1536x864.jpg 1536w, https:\/\/contextoanalisisperiodistico.com\/wp-content\/uploads\/2024\/03\/img-20240328-wa00052529897579549132976.jpg 1600w\" sizes=\"(max-width: 1024px) 100vw, 1024px\" \/><\/figure>\n\n\n\n<figure class=\"wp-block-image\"><img decoding=\"async\" width=\"1024\" height=\"576\" src=\"https:\/\/contextoanalisisperiodistico.com\/wp-content\/uploads\/2024\/03\/img-20240328-wa00037054937234453667068-1024x576.jpg\" alt=\"\" class=\"wp-image-25466\" srcset=\"https:\/\/contextoanalisisperiodistico.com\/wp-content\/uploads\/2024\/03\/img-20240328-wa00037054937234453667068-1024x576.jpg 1024w, https:\/\/contextoanalisisperiodistico.com\/wp-content\/uploads\/2024\/03\/img-20240328-wa00037054937234453667068-300x169.jpg 300w, https:\/\/contextoanalisisperiodistico.com\/wp-content\/uploads\/2024\/03\/img-20240328-wa00037054937234453667068-768x432.jpg 768w, https:\/\/contextoanalisisperiodistico.com\/wp-content\/uploads\/2024\/03\/img-20240328-wa00037054937234453667068-1536x864.jpg 1536w, https:\/\/contextoanalisisperiodistico.com\/wp-content\/uploads\/2024\/03\/img-20240328-wa00037054937234453667068.jpg 1600w\" sizes=\"(max-width: 1024px) 100vw, 1024px\" \/><\/figure>\n\n\n\n<p>\u2022 Fundamental aplicar medidas de higiene al preparar alimentos y bebidas para evitar enfermedades<\/p>\n\n\n\n<p>Oaxaca de Ju\u00e1rez, Oax. 28 de marzo de 2024.- Como parte de las acciones del Operativo Cuaresma Limpia 2024, Servicios de Salud de Oaxaca (SSO) a trav\u00e9s de la Direcci\u00f3n de Regulaci\u00f3n y Fomento Sanitario busca fortalecer las tareas de vigilancia sanitaria en establecimientos dedicados al proceso, venta y distribuci\u00f3n de pescados y mariscos crudos y preparados.<\/p>\n\n\n\n<p>La instituci\u00f3n destaca que las labores fundamentadas en la normatividad vigente iniciaron el 12 de febrero y terminan el pr\u00f3ximo 7 de abril, a fin de garantizar las buenas pr\u00e1cticas de higiene en la distribuci\u00f3n, conservaci\u00f3n y preparaci\u00f3n de los alimentos.<\/p>\n\n\n\n<p>A la fecha se han realizado 305 visitas de verificaci\u00f3n, de las cuales 225 han sido en negocios dedicados a la preparaci\u00f3n de alimentos del mar, 43 a expendios de productos frescos del mar y 37 a plantas purificadoras de agua.<\/p>\n\n\n\n<p>Esta estrategia se implementa en las seis jurisdicciones sanitarias de la entidad para mercados municipales y tiendas de autoservicio, a fin de fortalecer las medidas de prevenci\u00f3n mediante el fomento sanitario en las y los responsables de dichos establecimientos.<\/p>\n\n\n\n<p>En este sentido, durante seis semanas se capacitaron a mil 116 personas manejadoras de alimentos -876 de Valles Centrales y 240 del resto de jurisdicciones- sobre las caracter\u00edsticas y cuidados que deben tener con los pescados, mariscos y moluscos; antes, durante y despu\u00e9s de su preparaci\u00f3n para evitar intoxicaciones alimentarias.<\/p>\n\n\n\n<p>Asimismo, previo a las vacaciones de Semana Santa, en la Jurisdicci\u00f3n Sanitaria n\u00famero 4 Costa en coordinaci\u00f3n con el municipio de San Pedro Mixtepec se realizaron reuniones de trabajo para establecer un plan de fortalecimiento para la vigilancia en establecimientos de bienes y servicios ubicados en las principales playas con afluencia tur\u00edstica.<\/p>\n\n\n\n<p>Prueba de ello son 146 visitas de supervisi\u00f3n a empresas, negocios y comercios ubicados en las avenidas P\u00e9rez Gasga y Oaxaca, las calles Alejandro C\u00e1rdenas y del Morro, la colonia Brisas y el mercado y la playa de Zicatela, en la que se aplicaron tres medidas de seguridad, consistentes en la suspensi\u00f3n de trabajos y servicios, as\u00ed como un aseguramiento de producto.<\/p>\n\n\n\n<p>Cabe destacar que en un establecimiento comercial se visitaron nueve \u00e1reas en las que se aplicaron seis medidas de seguridad con la suspensi\u00f3n de trabajos y servicios, por lo que la persona responsable dio cumplimiento a las anomal\u00edas detectadas y actualmente las sanciones fueron levantadas.<\/p>\n\n\n\n<p>-0-<\/p>\n","protected":false},"excerpt":{"rendered":"<p>\u2022 En esta estrategia que concluye el 7 de abril, los Servicios de Salud de&#8230;<\/p>\n","protected":false},"author":4,"featured_media":25464,"comment_status":"","ping_status":"open","sticky":false,"template":"","format":"standard","meta":{"footnotes":""},"categories":[92],"tags":[],"jetpack_sharing_enabled":true,"featured_image_urls":{"full":["https:\/\/contextoanalisisperiodistico.com\/wp-content\/uploads\/2024\/03\/IMG-20240328-WA0002.jpg",1600,900,false],"thumbnail":["https:\/\/contextoanalisisperiodistico.com\/wp-content\/uploads\/2024\/03\/IMG-20240328-WA0002-150x150.jpg",150,150,true],"medium":["https:\/\/contextoanalisisperiodistico.com\/wp-content\/uploads\/2024\/03\/IMG-20240328-WA0002-300x169.jpg",300,169,true],"medium_large":["https:\/\/contextoanalisisperiodistico.com\/wp-content\/uploads\/2024\/03\/IMG-20240328-WA0002-768x432.jpg",640,360,true],"large":["https:\/\/contextoanalisisperiodistico.com\/wp-content\/uploads\/2024\/03\/IMG-20240328-WA0002-1024x576.jpg",640,360,true],"1536x1536":["https:\/\/contextoanalisisperiodistico.com\/wp-content\/uploads\/2024\/03\/IMG-20240328-WA0002-1536x864.jpg",1536,864,true],"2048x2048":["https:\/\/contextoanalisisperiodistico.com\/wp-content\/uploads\/2024\/03\/IMG-20240328-WA0002.jpg",1600,900,false],"covernews-slider-full":["https:\/\/contextoanalisisperiodistico.com\/wp-content\/uploads\/2024\/03\/IMG-20240328-WA0002-1115x715.jpg",1115,715,true],"covernews-slider-center":["https:\/\/contextoanalisisperiodistico.com\/wp-content\/uploads\/2024\/03\/IMG-20240328-WA0002-800x500.jpg",800,500,true],"covernews-featured":["https:\/\/contextoanalisisperiodistico.com\/wp-content\/uploads\/2024\/03\/IMG-20240328-WA0002-1024x576.jpg",1024,576,true],"covernews-medium":["https:\/\/contextoanalisisperiodistico.com\/wp-content\/uploads\/2024\/03\/IMG-20240328-WA0002-540x340.jpg",540,340,true],"covernews-medium-square":["https:\/\/contextoanalisisperiodistico.com\/wp-content\/uploads\/2024\/03\/IMG-20240328-WA0002-400x250.jpg",400,250,true]},"author_info":{"display_name":"Mario Gir\u00f3n","author_link":"https:\/\/contextoanalisisperiodistico.com\/index.php\/author\/director\/"},"category_info":"<a href=\"https:\/\/contextoanalisisperiodistico.com\/index.php\/category\/salud\/\" rel=\"category tag\">Salud<\/a>","tag_info":"Salud","comment_count":"0","jetpack_featured_media_url":"https:\/\/contextoanalisisperiodistico.com\/wp-content\/uploads\/2024\/03\/IMG-20240328-WA0002.jpg","_links":{"self":[{"href":"https:\/\/contextoanalisisperiodistico.com\/index.php\/wp-json\/wp\/v2\/posts\/25468"}],"collection":[{"href":"https:\/\/contextoanalisisperiodistico.com\/index.php\/wp-json\/wp\/v2\/posts"}],"about":[{"href":"https:\/\/contextoanalisisperiodistico.com\/index.php\/wp-json\/wp\/v2\/types\/post"}],"author":[{"embeddable":true,"href":"https:\/\/contextoanalisisperiodistico.com\/index.php\/wp-json\/wp\/v2\/users\/4"}],"replies":[{"embeddable":true,"href":"https:\/\/contextoanalisisperiodistico.com\/index.php\/wp-json\/wp\/v2\/comments?post=25468"}],"version-history":[{"count":0,"href":"https:\/\/contextoanalisisperiodistico.com\/index.php\/wp-json\/wp\/v2\/posts\/25468\/revisions"}],"wp:featuredmedia":[{"embeddable":true,"href":"https:\/\/contextoanalisisperiodistico.com\/index.php\/wp-json\/wp\/v2\/media\/25464"}],"wp:attachment":[{"href":"https:\/\/contextoanalisisperiodistico.com\/index.php\/wp-json\/wp\/v2\/media?parent=25468"}],"wp:term":[{"taxonomy":"category","embeddable":true,"href":"https:\/\/contextoanalisisperiodistico.com\/index.php\/wp-json\/wp\/v2\/categories?post=25468"},{"taxonomy":"post_tag","embeddable":true,"href":"https:\/\/contextoanalisisperiodistico.com\/index.php\/wp-json\/wp\/v2\/tags?post=25468"}],"curies":[{"name":"wp","href":"https:\/\/api.w.org\/{rel}","templated":true}]}}