{"id":2545,"date":"2022-04-23T12:01:25","date_gmt":"2022-04-23T17:01:25","guid":{"rendered":"http:\/\/contextoanalisisperiodistico.com.mx\/2022\/04\/23\/poblaciones-indigena-y-afromexicana-son-fundamentales-para-el-gobierno-que-impulsara-naty-diaz\/"},"modified":"2022-04-23T12:01:25","modified_gmt":"2022-04-23T17:01:25","slug":"poblaciones-indigena-y-afromexicana-son-fundamentales-para-el-gobierno-que-impulsara-naty-diaz","status":"publish","type":"post","link":"https:\/\/contextoanalisisperiodistico.com\/index.php\/2022\/04\/23\/poblaciones-indigena-y-afromexicana-son-fundamentales-para-el-gobierno-que-impulsara-naty-diaz\/","title":{"rendered":"POBLACIONES IND\u00cdGENA Y AFROMEXICANA SON FUNDAMENTALES PARA EL GOBIERNO QUE IMPULSAR\u00c1 NATY D\u00cdAZ"},"content":{"rendered":"<div id=\"fb-root\"><\/div>\n\n<p><\/p>\n\n\n\n<p>*Con el gobierno de Naty D\u00edaz, por el PAN, habr\u00e1 cero tolerancia a la discriminaci\u00f3n, a la violencia contra mujeres y ni\u00f1ez<\/p>\n\n\n\n<figure class=\"wp-block-image size-large\"><img decoding=\"async\" src=\"https:\/\/contextoinformacionyanalisisperiodistico.files.wordpress.com\/2022\/04\/img-20220423-wa0016-1.jpg?w=960\" alt=\"\" class=\"wp-image-2550\" \/><\/figure>\n\n\n\n<figure class=\"wp-block-video\"><video controls src=\"https:\/\/contextoinformacionyanalisisperiodistico.files.wordpress.com\/2022\/04\/vid-20220423-wa0020.mp4\"><\/video><\/figure>\n\n\n\n<figure class=\"wp-block-video\"><video controls src=\"https:\/\/contextoinformacionyanalisisperiodistico.files.wordpress.com\/2022\/04\/vid-20220423-wa0018.mp4\"><\/video><\/figure>\n\n\n\n<figure class=\"wp-block-image size-large\"><img decoding=\"async\" src=\"https:\/\/contextoinformacionyanalisisperiodistico.files.wordpress.com\/2022\/04\/img-20220423-wa0015-1.jpg?w=960\" alt=\"\" class=\"wp-image-2553\" \/><\/figure>\n\n\n\n<figure class=\"wp-block-image\"><img decoding=\"async\" src=\"https:\/\/contextoinformacionyanalisisperiodistico.files.wordpress.com\/2022\/04\/img-20220423-wa0013-1.jpg\" alt=\"\" class=\"wp-image-2554\" \/><\/figure>\n\n\n\n<p>*Convoc\u00f3 a las y los defensores de derechos humanos a conformar el primer Observatorio de Derechos Humanos en Oaxaca<\/p>\n\n\n\n<p>Al firmar su Carta Compromiso por los Derechos Humanos, la candidata del PAN a la gubernatura de Oaxca, Naty D\u00edaz sostuvo que los derechos humanos son fundamentales, pues son la base del respeto a la dignidad de la persona, \u201cpor lo que ser\u00e1n pilar de mi gobierno\u201d.<\/p>\n\n\n\n<p>Durante el Taller de \u201cIntroducci\u00f3n a la Diversidad Cultural de M\u00e9xico, construcci\u00f3n de una perspectiva en Acci\u00f3n Nacional\u201d, afirm\u00f3 que en su gobierno \u201chabr\u00e1 Cero tolerancia a la discriminaci\u00f3n, pues todas las personas somos iguales en dignidad y ese ser\u00e1 el sello de la nueva etapa para Oaxaca\u201d.<\/p>\n\n\n\n<p>Nadie puede tener una vida digna si no tiene a su alcance todos los bienes para desarrollarse plenamente y para lograrlo, pondr\u00e9 todos los recursos que tenga a mi alcance, detall\u00f3<\/p>\n\n\n\n<p>Reunida con representantes de organismos de la Sociedad Civil, personas defensoras de los derechos humanos y de la sociedad oaxaque\u00f1a, Naty D\u00edaz se comprometi\u00f3 con el respeto y garant\u00eda de los derechos humanos de todas las personas que viven y transitan en esta entidad.<\/p>\n\n\n\n<p>De esta manera, los grupos en situaci\u00f3n de vulnerabilidad tendr\u00e1n prioridad en las acciones que emprender\u00e9 desde el inicio de mi gobierno, las mujeres tendr\u00e1n garantizados todos los mecanismos legales e institucionales para una vida libre de violencia, precis\u00f3<\/p>\n\n\n\n<p>La candidata al gobierno estatal, Naty D\u00edaz se\u00f1al\u00f3 que la paridad es una obligaci\u00f3n desde la Constituci\u00f3n, \u201cpero para m\u00ed es una convicci\u00f3n, es indispensable que las mujeres participen en los puestos de decisi\u00f3n p\u00fablica en igualdad de condiciones que los hombres, necesitamos sus aportes y visibilizar sus necesidades y demandas, por eso, en la Administraci\u00f3n P\u00fablica Estatal de Oaxaca, todos los puestos directivos desde las Secretar\u00edas de Despacho hasta las jefaturas de departamento ser\u00e1n designadas bajo el principio de paridad de g\u00e9nero\u201d.<\/p>\n\n\n\n<p>Puntualiz\u00f3 que pondr\u00e1 en marcha todas las medidas de accesibilidad para que las personas con discapacidad gocen de los mismos derechos que todas las dem\u00e1s, en tanto que de la mano de las y los representantes de nuestros pueblos y comunidades ind\u00edgenas y afromexicanas, se crear\u00e1n las condiciones para que, en la elecci\u00f3n de los<br \/>representantes y autoridades internas ejerzan su derecho de votar y ser votados en condiciones de igualdad.<\/p>\n\n\n\n<p>En mi gobierno, apunt\u00f3, las ni\u00f1as, ni\u00f1os y adolescentes ser\u00e1n escuchados y todo acto de violencia contra ellos ser\u00e1 sancionado de forma contundente, no solo desde el DIF Estatal sino desde todas las instancias de la administraci\u00f3n p\u00fablica, mientras que las personas adultas mayores que empe\u00f1aron su vida en favor del desarrollo de Oaxaca, mi administraci\u00f3n compensar\u00e1 este esfuerzo y sus derechos ser\u00e1n garantizados.<\/p>\n\n\n\n<p>Naty d\u00edaz expres\u00f3 su total respeto a las diversidades de pensamiento, sexo, g\u00e9nero, etnia, creencia religiosa de ideolog\u00eda pol\u00edtica.<\/p>\n\n\n\n<p>\u201cTodas las personas podr\u00e1n exigir sus derechos sin ninguna restricci\u00f3n. Adem\u00e1s de que la libertad de expresi\u00f3n y de informaci\u00f3n son condiciones necesarias en cualquier democracia, por ello, digo desde ahora, que ninguna censura a los medios de comunicaci\u00f3n, estoy para escuchar y abierta a las cr\u00edticas para mejorar\u201d, detall\u00f3.<\/p>\n\n\n\n<p>Luego de hacer un reconocimiento p\u00fablico a quienes integran las organizaciones de la sociedad civil, colectivos y personas que trabajan por los derechos humanos, a quienes buscan justicia, a quienes buscan a personas desaparecidas y ambientalistas, las invit\u00f3 a colaborar en su gobierno como integrantes de un observatorio de derechos humanos.<\/p>\n\n\n\n<p>\u201cVamos a respetar todos los contenidos en la Constituci\u00f3n y en los Tratados Internacionales y para esto les necesito a ustedes, a todas las organizaciones, a las defensoras y defensores de derechos humanos, a los liderazgos de las comunidades y pueblos ind\u00edgenas y afromexicanos, a los medios de comunicaci\u00f3n y a todas las personas de buena voluntad que quieran sumarse; sea para acompa\u00f1ar a grupos en situaci\u00f3n de vulnerabilidad o para denunciar cualquier violaci\u00f3n a los derechos humanos que cometa alguna servidora o servidor p\u00fablico de mi gobierno\u201d, expuso.<\/p>\n\n\n\n<p>Vamos por un Oaxaca libre de discriminaci\u00f3n, que avance a estadios de igualdad, donde la poblaci\u00f3n se sienta protegida por su gobierno, adem\u00e1s de poner en marcha mecanismos de traducci\u00f3n e interpretaci\u00f3n ante las instancias gubernamentales estatales, a efecto de que la poblaci\u00f3n ind\u00edgena tenga acceso a todos sus derechos humanos. Asimismo, buscar\u00e9 garantizar el acceso a su derecho humano a la salud, mediante la ampliaci\u00f3n de la cobertura del sistema estatal, aprovechando debidamente la medicina tradicional, entre otras acciones, anunci\u00f3 Naty D\u00edaz.<\/p>\n","protected":false},"excerpt":{"rendered":"<p>*Con el gobierno de Naty D\u00edaz, por el PAN, habr\u00e1 cero tolerancia a la discriminaci\u00f3n,&#8230;<\/p>\n","protected":false},"author":2,"featured_media":2541,"comment_status":"open","ping_status":"open","sticky":false,"template":"","format":"standard","meta":{"footnotes":""},"categories":[7,9],"tags":[],"jetpack_sharing_enabled":true,"featured_image_urls":{"full":"","thumbnail":"","medium":"","medium_large":"","large":"","1536x1536":"","2048x2048":"","covernews-slider-full":"","covernews-slider-center":"","covernews-featured":"","covernews-medium":"","covernews-medium-square":""},"author_info":{"display_name":"Miguel","author_link":"https:\/\/contextoanalisisperiodistico.com\/index.php\/author\/editor\/"},"category_info":"<a href=\"https:\/\/contextoanalisisperiodistico.com\/index.php\/category\/municipios\/\" rel=\"category tag\">Municipios<\/a> <a href=\"https:\/\/contextoanalisisperiodistico.com\/index.php\/category\/politica\/\" rel=\"category tag\">Pol\u00edtica<\/a>","tag_info":"Pol\u00edtica","comment_count":"0","jetpack_featured_media_url":"","_links":{"self":[{"href":"https:\/\/contextoanalisisperiodistico.com\/index.php\/wp-json\/wp\/v2\/posts\/2545"}],"collection":[{"href":"https:\/\/contextoanalisisperiodistico.com\/index.php\/wp-json\/wp\/v2\/posts"}],"about":[{"href":"https:\/\/contextoanalisisperiodistico.com\/index.php\/wp-json\/wp\/v2\/types\/post"}],"author":[{"embeddable":true,"href":"https:\/\/contextoanalisisperiodistico.com\/index.php\/wp-json\/wp\/v2\/users\/2"}],"replies":[{"embeddable":true,"href":"https:\/\/contextoanalisisperiodistico.com\/index.php\/wp-json\/wp\/v2\/comments?post=2545"}],"version-history":[{"count":0,"href":"https:\/\/contextoanalisisperiodistico.com\/index.php\/wp-json\/wp\/v2\/posts\/2545\/revisions"}],"wp:featuredmedia":[{"embeddable":true,"href":"https:\/\/contextoanalisisperiodistico.com\/index.php\/wp-json\/"}],"wp:attachment":[{"href":"https:\/\/contextoanalisisperiodistico.com\/index.php\/wp-json\/wp\/v2\/media?parent=2545"}],"wp:term":[{"taxonomy":"category","embeddable":true,"href":"https:\/\/contextoanalisisperiodistico.com\/index.php\/wp-json\/wp\/v2\/categories?post=2545"},{"taxonomy":"post_tag","embeddable":true,"href":"https:\/\/contextoanalisisperiodistico.com\/index.php\/wp-json\/wp\/v2\/tags?post=2545"}],"curies":[{"name":"wp","href":"https:\/\/api.w.org\/{rel}","templated":true}]}}