{"id":25422,"date":"2024-03-26T17:08:33","date_gmt":"2024-03-26T23:08:33","guid":{"rendered":"https:\/\/contextoanalisisperiodistico.com\/index.php\/2024\/03\/26\/con-sheinbaum-la-transformacion-es-el-camino-afirma-nino-morales\/"},"modified":"2024-03-26T17:08:33","modified_gmt":"2024-03-26T23:08:33","slug":"con-sheinbaum-la-transformacion-es-el-camino-afirma-nino-morales","status":"publish","type":"post","link":"https:\/\/contextoanalisisperiodistico.com\/index.php\/2024\/03\/26\/con-sheinbaum-la-transformacion-es-el-camino-afirma-nino-morales\/","title":{"rendered":"Con Sheinbaum, la transformaci\u00f3n es el camino, afirma Nino Morales"},"content":{"rendered":"<div id=\"fb-root\"><\/div>\n\n<p>*El candidato ind\u00edgena de morena, recibi\u00f3 y acompa\u00f1\u00f3 a la Dra. Claudia Sheinbaum Pardo, en su visita a Oaxaca<\/p>\n\n\n\n<figure class=\"wp-block-image size-large\"><img fetchpriority=\"high\" decoding=\"async\" width=\"763\" height=\"1024\" src=\"https:\/\/contextoanalisisperiodistico.com\/wp-content\/uploads\/2024\/03\/img-20240326-wa0020746930812522758550-763x1024.jpg\" alt=\"\" class=\"wp-image-25419\" srcset=\"https:\/\/contextoanalisisperiodistico.com\/wp-content\/uploads\/2024\/03\/img-20240326-wa0020746930812522758550-763x1024.jpg 763w, https:\/\/contextoanalisisperiodistico.com\/wp-content\/uploads\/2024\/03\/img-20240326-wa0020746930812522758550-224x300.jpg 224w, https:\/\/contextoanalisisperiodistico.com\/wp-content\/uploads\/2024\/03\/img-20240326-wa0020746930812522758550-768x1030.jpg 768w, https:\/\/contextoanalisisperiodistico.com\/wp-content\/uploads\/2024\/03\/img-20240326-wa0020746930812522758550.jpg 954w\" sizes=\"(max-width: 763px) 100vw, 763px\" \/><\/figure>\n\n\n\n<figure class=\"wp-block-image\"><img decoding=\"async\" width=\"768\" height=\"1024\" src=\"https:\/\/contextoanalisisperiodistico.com\/wp-content\/uploads\/2024\/03\/img-20240326-wa00198499316196116974159-768x1024.jpg\" alt=\"\" class=\"wp-image-25421\" srcset=\"https:\/\/contextoanalisisperiodistico.com\/wp-content\/uploads\/2024\/03\/img-20240326-wa00198499316196116974159-768x1024.jpg 768w, https:\/\/contextoanalisisperiodistico.com\/wp-content\/uploads\/2024\/03\/img-20240326-wa00198499316196116974159-225x300.jpg 225w, https:\/\/contextoanalisisperiodistico.com\/wp-content\/uploads\/2024\/03\/img-20240326-wa00198499316196116974159.jpg 960w\" sizes=\"(max-width: 768px) 100vw, 768px\" \/><\/figure>\n\n\n\n<figure class=\"wp-block-image\"><img decoding=\"async\" width=\"1024\" height=\"683\" src=\"https:\/\/contextoanalisisperiodistico.com\/wp-content\/uploads\/2024\/03\/img-20240326-wa00176641495617516884839-1024x683.jpg\" alt=\"\" class=\"wp-image-25420\" srcset=\"https:\/\/contextoanalisisperiodistico.com\/wp-content\/uploads\/2024\/03\/img-20240326-wa00176641495617516884839-1024x683.jpg 1024w, https:\/\/contextoanalisisperiodistico.com\/wp-content\/uploads\/2024\/03\/img-20240326-wa00176641495617516884839-300x200.jpg 300w, https:\/\/contextoanalisisperiodistico.com\/wp-content\/uploads\/2024\/03\/img-20240326-wa00176641495617516884839-768x512.jpg 768w, https:\/\/contextoanalisisperiodistico.com\/wp-content\/uploads\/2024\/03\/img-20240326-wa00176641495617516884839.jpg 1280w\" sizes=\"(max-width: 1024px) 100vw, 1024px\" \/><\/figure>\n\n\n\n<p>Tlacolula de Matamoros, 26 de marzo de 2024. La transformaci\u00f3n del pa\u00eds, est\u00e1 en MORENA y es con Claudia Sheinbaum, afirm\u00f3 Nino Morales candidato ind\u00edgena al Senado de la Rep\u00fablica por Oaxaca, al acompa\u00f1ar en sus m\u00edtines de campa\u00f1a a la candidata de la coalici\u00f3n Sigamos Haciendo Historia, en su visita a la entidad oaxaque\u00f1a.<\/p>\n\n\n\n<p>El joven pol\u00edtico originario de la Heroica Villa de San Blas Atempa, destac\u00f3 que la presencia de la pr\u00f3xima Presidenta de M\u00e9xico, en el estado, ahora como candidata, es el inicio de la nueva historia que marca a Oaxaca y sin duda, es el mejor camino de la transformaci\u00f3n.<\/p>\n\n\n\n<p>\u00abPorque las mujeres son las que escribir\u00e1n la nueva historia del pa\u00eds, se marcar\u00e1 un antes y un despu\u00e9s, como parte de una reconocimiento que ellas mismas se han ganado por su lucha, capacidad y entrega en todas las etapas hist\u00f3ricas de M\u00e9xico\u00bb, destac\u00f3 Nino Morales.<\/p>\n\n\n\n<p>Cabe mencionar que Nino Morales Toledo, acompa\u00f1\u00f3 desde la ma\u00f1ana a la candidata de la coalici\u00f3n Sigamos Haciendo Historia Claudia Sheinbaum Pardo a una conferencia de prensa que sostuvo con las y los representantes de los medios de comunicaci\u00f3n, posteriormente a un mitin que se llev\u00f3 a cabo en esta poblaci\u00f3n zapoteca de los Valles Centrales y posteriormente en Miahuatl\u00e1n de Porfirio Diaz.<\/p>\n","protected":false},"excerpt":{"rendered":"<p>*El candidato ind\u00edgena de morena, recibi\u00f3 y acompa\u00f1\u00f3 a la Dra. Claudia Sheinbaum Pardo, en&#8230;<\/p>\n","protected":false},"author":4,"featured_media":25418,"comment_status":"","ping_status":"open","sticky":false,"template":"","format":"standard","meta":{"footnotes":""},"categories":[9],"tags":[],"jetpack_sharing_enabled":true,"featured_image_urls":{"full":["https:\/\/contextoanalisisperiodistico.com\/wp-content\/uploads\/2024\/03\/IMG-20240326-WA0018.jpg",1280,853,false],"thumbnail":["https:\/\/contextoanalisisperiodistico.com\/wp-content\/uploads\/2024\/03\/IMG-20240326-WA0018-150x150.jpg",150,150,true],"medium":["https:\/\/contextoanalisisperiodistico.com\/wp-content\/uploads\/2024\/03\/IMG-20240326-WA0018-300x200.jpg",300,200,true],"medium_large":["https:\/\/contextoanalisisperiodistico.com\/wp-content\/uploads\/2024\/03\/IMG-20240326-WA0018-768x512.jpg",640,427,true],"large":["https:\/\/contextoanalisisperiodistico.com\/wp-content\/uploads\/2024\/03\/IMG-20240326-WA0018-1024x682.jpg",640,426,true],"1536x1536":["https:\/\/contextoanalisisperiodistico.com\/wp-content\/uploads\/2024\/03\/IMG-20240326-WA0018.jpg",1280,853,false],"2048x2048":["https:\/\/contextoanalisisperiodistico.com\/wp-content\/uploads\/2024\/03\/IMG-20240326-WA0018.jpg",1280,853,false],"covernews-slider-full":["https:\/\/contextoanalisisperiodistico.com\/wp-content\/uploads\/2024\/03\/IMG-20240326-WA0018-1115x715.jpg",1115,715,true],"covernews-slider-center":["https:\/\/contextoanalisisperiodistico.com\/wp-content\/uploads\/2024\/03\/IMG-20240326-WA0018-800x500.jpg",800,500,true],"covernews-featured":["https:\/\/contextoanalisisperiodistico.com\/wp-content\/uploads\/2024\/03\/IMG-20240326-WA0018-1024x682.jpg",1024,682,true],"covernews-medium":["https:\/\/contextoanalisisperiodistico.com\/wp-content\/uploads\/2024\/03\/IMG-20240326-WA0018-540x340.jpg",540,340,true],"covernews-medium-square":["https:\/\/contextoanalisisperiodistico.com\/wp-content\/uploads\/2024\/03\/IMG-20240326-WA0018-400x250.jpg",400,250,true]},"author_info":{"display_name":"Mario Gir\u00f3n","author_link":"https:\/\/contextoanalisisperiodistico.com\/index.php\/author\/director\/"},"category_info":"<a href=\"https:\/\/contextoanalisisperiodistico.com\/index.php\/category\/politica\/\" rel=\"category tag\">Pol\u00edtica<\/a>","tag_info":"Pol\u00edtica","comment_count":"0","jetpack_featured_media_url":"https:\/\/contextoanalisisperiodistico.com\/wp-content\/uploads\/2024\/03\/IMG-20240326-WA0018.jpg","_links":{"self":[{"href":"https:\/\/contextoanalisisperiodistico.com\/index.php\/wp-json\/wp\/v2\/posts\/25422"}],"collection":[{"href":"https:\/\/contextoanalisisperiodistico.com\/index.php\/wp-json\/wp\/v2\/posts"}],"about":[{"href":"https:\/\/contextoanalisisperiodistico.com\/index.php\/wp-json\/wp\/v2\/types\/post"}],"author":[{"embeddable":true,"href":"https:\/\/contextoanalisisperiodistico.com\/index.php\/wp-json\/wp\/v2\/users\/4"}],"replies":[{"embeddable":true,"href":"https:\/\/contextoanalisisperiodistico.com\/index.php\/wp-json\/wp\/v2\/comments?post=25422"}],"version-history":[{"count":0,"href":"https:\/\/contextoanalisisperiodistico.com\/index.php\/wp-json\/wp\/v2\/posts\/25422\/revisions"}],"wp:featuredmedia":[{"embeddable":true,"href":"https:\/\/contextoanalisisperiodistico.com\/index.php\/wp-json\/wp\/v2\/media\/25418"}],"wp:attachment":[{"href":"https:\/\/contextoanalisisperiodistico.com\/index.php\/wp-json\/wp\/v2\/media?parent=25422"}],"wp:term":[{"taxonomy":"category","embeddable":true,"href":"https:\/\/contextoanalisisperiodistico.com\/index.php\/wp-json\/wp\/v2\/categories?post=25422"},{"taxonomy":"post_tag","embeddable":true,"href":"https:\/\/contextoanalisisperiodistico.com\/index.php\/wp-json\/wp\/v2\/tags?post=25422"}],"curies":[{"name":"wp","href":"https:\/\/api.w.org\/{rel}","templated":true}]}}