{"id":25401,"date":"2024-03-26T09:29:06","date_gmt":"2024-03-26T15:29:06","guid":{"rendered":"https:\/\/contextoanalisisperiodistico.com\/index.php\/2024\/03\/26\/atienden-reporte-de-incendio-forestal-en-la-sierras-de-flores-magon-y-de-juarez\/"},"modified":"2024-03-26T09:29:06","modified_gmt":"2024-03-26T15:29:06","slug":"atienden-reporte-de-incendio-forestal-en-la-sierras-de-flores-magon-y-de-juarez","status":"publish","type":"post","link":"https:\/\/contextoanalisisperiodistico.com\/index.php\/2024\/03\/26\/atienden-reporte-de-incendio-forestal-en-la-sierras-de-flores-magon-y-de-juarez\/","title":{"rendered":"Atienden reporte de incendio forestal en la Sierras de Flores Mag\u00f3n y de Ju\u00e1rez"},"content":{"rendered":"<div id=\"fb-root\"><\/div>\n\n<p>El Gobierno del Estado a trav\u00e9s de la Comisi\u00f3n Estatal Forestal (Coesfo) atiende los reportes de incendios forestales registrados en los municipios de Santa Mar\u00eda P\u00e1palo en la Sierra de Flores Mag\u00f3n y Santiago Ixcuintepec en la Sierra de Ju\u00e1rez.<\/p>\n\n\n\n<p>Personal combatiente de la dependencia se dirige hacia la zona de ambos siniestros para identificar el \u00e1rea y definir un plan para realizar labores de combate, control y liquidaci\u00f3n del fuego.<\/p>\n\n\n\n<p>Los incendios forestales se pueden prevenir, por lo que se exhorta a la poblaci\u00f3n que al visitar un \u00e1rea con cobertura vegetal evite quemar basura, tirar cigarros, vidrios o botellas.<\/p>\n\n\n\n<p>En caso de detectar fuego, calor o humo, es importante informar inmediatamente a las autoridades a los n\u00fameros telef\u00f3nicos 951 503 2166 de la Coesto, as\u00ed como al 951 515 0520, 951 516 5112 de la Comisi\u00f3n Nacional Forestal (Conafor) o al 9-1-1 de la Secretar\u00eda de Seguridad y Protecci\u00f3n Ciudadana.<\/p>\n\n\n\n<p>-0-<\/p>\n\n\n","protected":false},"excerpt":{"rendered":"<p>El Gobierno del Estado a trav\u00e9s de la Comisi\u00f3n Estatal Forestal (Coesfo) atiende los reportes&#8230;<\/p>\n","protected":false},"author":4,"featured_media":25400,"comment_status":"","ping_status":"open","sticky":false,"template":"","format":"standard","meta":{"footnotes":""},"categories":[9],"tags":[],"jetpack_sharing_enabled":true,"featured_image_urls":{"full":["https:\/\/contextoanalisisperiodistico.com\/wp-content\/uploads\/2024\/03\/IMG-20240326-WA0001.jpg",662,462,false],"thumbnail":["https:\/\/contextoanalisisperiodistico.com\/wp-content\/uploads\/2024\/03\/IMG-20240326-WA0001-150x150.jpg",150,150,true],"medium":["https:\/\/contextoanalisisperiodistico.com\/wp-content\/uploads\/2024\/03\/IMG-20240326-WA0001-300x209.jpg",300,209,true],"medium_large":["https:\/\/contextoanalisisperiodistico.com\/wp-content\/uploads\/2024\/03\/IMG-20240326-WA0001.jpg",640,447,false],"large":["https:\/\/contextoanalisisperiodistico.com\/wp-content\/uploads\/2024\/03\/IMG-20240326-WA0001.jpg",640,447,false],"1536x1536":["https:\/\/contextoanalisisperiodistico.com\/wp-content\/uploads\/2024\/03\/IMG-20240326-WA0001.jpg",662,462,false],"2048x2048":["https:\/\/contextoanalisisperiodistico.com\/wp-content\/uploads\/2024\/03\/IMG-20240326-WA0001.jpg",662,462,false],"covernews-slider-full":["https:\/\/contextoanalisisperiodistico.com\/wp-content\/uploads\/2024\/03\/IMG-20240326-WA0001.jpg",662,462,false],"covernews-slider-center":["https:\/\/contextoanalisisperiodistico.com\/wp-content\/uploads\/2024\/03\/IMG-20240326-WA0001.jpg",662,462,false],"covernews-featured":["https:\/\/contextoanalisisperiodistico.com\/wp-content\/uploads\/2024\/03\/IMG-20240326-WA0001.jpg",662,462,false],"covernews-medium":["https:\/\/contextoanalisisperiodistico.com\/wp-content\/uploads\/2024\/03\/IMG-20240326-WA0001-540x340.jpg",540,340,true],"covernews-medium-square":["https:\/\/contextoanalisisperiodistico.com\/wp-content\/uploads\/2024\/03\/IMG-20240326-WA0001-400x250.jpg",400,250,true]},"author_info":{"display_name":"Mario Gir\u00f3n","author_link":"https:\/\/contextoanalisisperiodistico.com\/index.php\/author\/director\/"},"category_info":"<a href=\"https:\/\/contextoanalisisperiodistico.com\/index.php\/category\/politica\/\" rel=\"category tag\">Pol\u00edtica<\/a>","tag_info":"Pol\u00edtica","comment_count":"0","jetpack_featured_media_url":"https:\/\/contextoanalisisperiodistico.com\/wp-content\/uploads\/2024\/03\/IMG-20240326-WA0001.jpg","_links":{"self":[{"href":"https:\/\/contextoanalisisperiodistico.com\/index.php\/wp-json\/wp\/v2\/posts\/25401"}],"collection":[{"href":"https:\/\/contextoanalisisperiodistico.com\/index.php\/wp-json\/wp\/v2\/posts"}],"about":[{"href":"https:\/\/contextoanalisisperiodistico.com\/index.php\/wp-json\/wp\/v2\/types\/post"}],"author":[{"embeddable":true,"href":"https:\/\/contextoanalisisperiodistico.com\/index.php\/wp-json\/wp\/v2\/users\/4"}],"replies":[{"embeddable":true,"href":"https:\/\/contextoanalisisperiodistico.com\/index.php\/wp-json\/wp\/v2\/comments?post=25401"}],"version-history":[{"count":0,"href":"https:\/\/contextoanalisisperiodistico.com\/index.php\/wp-json\/wp\/v2\/posts\/25401\/revisions"}],"wp:featuredmedia":[{"embeddable":true,"href":"https:\/\/contextoanalisisperiodistico.com\/index.php\/wp-json\/wp\/v2\/media\/25400"}],"wp:attachment":[{"href":"https:\/\/contextoanalisisperiodistico.com\/index.php\/wp-json\/wp\/v2\/media?parent=25401"}],"wp:term":[{"taxonomy":"category","embeddable":true,"href":"https:\/\/contextoanalisisperiodistico.com\/index.php\/wp-json\/wp\/v2\/categories?post=25401"},{"taxonomy":"post_tag","embeddable":true,"href":"https:\/\/contextoanalisisperiodistico.com\/index.php\/wp-json\/wp\/v2\/tags?post=25401"}],"curies":[{"name":"wp","href":"https:\/\/api.w.org\/{rel}","templated":true}]}}