{"id":25399,"date":"2024-03-25T22:44:19","date_gmt":"2024-03-26T04:44:19","guid":{"rendered":"https:\/\/contextoanalisisperiodistico.com\/index.php\/2024\/03\/25\/lamenta-gobernador-jara-accidente-en-obra-de-drenaje-en-tehuantepec\/"},"modified":"2024-03-25T22:44:19","modified_gmt":"2024-03-26T04:44:19","slug":"lamenta-gobernador-jara-accidente-en-obra-de-drenaje-en-tehuantepec","status":"publish","type":"post","link":"https:\/\/contextoanalisisperiodistico.com\/index.php\/2024\/03\/25\/lamenta-gobernador-jara-accidente-en-obra-de-drenaje-en-tehuantepec\/","title":{"rendered":"Lamenta Gobernador Jara accidente en obra de drenaje en Tehuantepec"},"content":{"rendered":"<div id=\"fb-root\"><\/div>\n\n<p>\u2022 Gira instrucciones para continuar con las acciones de b\u00fasqueda, hasta localizar el cuerpo que hasta el momento no se ha encontrado y se brinde el apoyo total a las familias<\/p>\n\n\n\n<p>\u2022 Se localizaron los restos de una de las dos personas sepultadas<\/p>\n\n\n\n<p>Oaxaca de Ju\u00e1rez, Oax. 25 de marzo de 2025.- El Gobernador del Estado Salom\u00f3n Jara Cruz lament\u00f3 el accidente ocurrido la tarde de este lunes en Santo Domingo Tehuantepec en una obra de drenaje.<\/p>\n\n\n\n<p>El Mandatario Estatal gir\u00f3 instrucciones para continuar con las acciones de b\u00fasqueda, hasta localizar el cuerpo que hasta el momento no se ha encontrado y se brinde el apoyo total a las familias.<\/p>\n\n\n\n<p>El titular del Poder Ejecutivo inform\u00f3 que gir\u00f3 instrucciones a la Coordinaci\u00f3n Estatal de Protecci\u00f3n Civil y Gesti\u00f3n de Riesgos para que realice el rescate de las personas.<\/p>\n\n\n\n<p>De acuerdo a los reportes fueron cuatro personas las que quedaron sepultadas cuando colocaban tuber\u00eda y se registr\u00f3 el incidente. Afortunadamente dos de las cuatro lograron salir, mientras que el otro par lamentablemente qued\u00f3 debajo de la tierra.<\/p>\n\n\n\n<p>Hasta la noche de este lunes se ten\u00eda el reporte que los restos de una de las dos personas, de nombre de M. J. A. R. de 45 a\u00f1os de edad hab\u00edan sido localizados.<\/p>\n\n\n\n<p>Asimismo, continuar\u00e1n con las labores de localizaci\u00f3n de los restos de la otra persona de nombre de L. A. M. H. de 18 a\u00f1os de edad, originaria del Istmo de Tehuantepec.<code> -0-<\/code><\/p>\n","protected":false},"excerpt":{"rendered":"<p>\u2022 Gira instrucciones para continuar con las acciones de b\u00fasqueda, hasta localizar el cuerpo que&#8230;<\/p>\n","protected":false},"author":4,"featured_media":25398,"comment_status":"","ping_status":"open","sticky":false,"template":"","format":"standard","meta":{"footnotes":""},"categories":[9],"tags":[],"jetpack_sharing_enabled":true,"featured_image_urls":{"full":["https:\/\/contextoanalisisperiodistico.com\/wp-content\/uploads\/2024\/03\/IMG-20240325-WA0033.jpg",720,720,false],"thumbnail":["https:\/\/contextoanalisisperiodistico.com\/wp-content\/uploads\/2024\/03\/IMG-20240325-WA0033-150x150.jpg",150,150,true],"medium":["https:\/\/contextoanalisisperiodistico.com\/wp-content\/uploads\/2024\/03\/IMG-20240325-WA0033-300x300.jpg",300,300,true],"medium_large":["https:\/\/contextoanalisisperiodistico.com\/wp-content\/uploads\/2024\/03\/IMG-20240325-WA0033.jpg",640,640,false],"large":["https:\/\/contextoanalisisperiodistico.com\/wp-content\/uploads\/2024\/03\/IMG-20240325-WA0033.jpg",640,640,false],"1536x1536":["https:\/\/contextoanalisisperiodistico.com\/wp-content\/uploads\/2024\/03\/IMG-20240325-WA0033.jpg",720,720,false],"2048x2048":["https:\/\/contextoanalisisperiodistico.com\/wp-content\/uploads\/2024\/03\/IMG-20240325-WA0033.jpg",720,720,false],"covernews-slider-full":["https:\/\/contextoanalisisperiodistico.com\/wp-content\/uploads\/2024\/03\/IMG-20240325-WA0033-720x715.jpg",720,715,true],"covernews-slider-center":["https:\/\/contextoanalisisperiodistico.com\/wp-content\/uploads\/2024\/03\/IMG-20240325-WA0033-720x500.jpg",720,500,true],"covernews-featured":["https:\/\/contextoanalisisperiodistico.com\/wp-content\/uploads\/2024\/03\/IMG-20240325-WA0033.jpg",720,720,false],"covernews-medium":["https:\/\/contextoanalisisperiodistico.com\/wp-content\/uploads\/2024\/03\/IMG-20240325-WA0033-540x340.jpg",540,340,true],"covernews-medium-square":["https:\/\/contextoanalisisperiodistico.com\/wp-content\/uploads\/2024\/03\/IMG-20240325-WA0033-400x250.jpg",400,250,true]},"author_info":{"display_name":"Mario Gir\u00f3n","author_link":"https:\/\/contextoanalisisperiodistico.com\/index.php\/author\/director\/"},"category_info":"<a href=\"https:\/\/contextoanalisisperiodistico.com\/index.php\/category\/politica\/\" rel=\"category tag\">Pol\u00edtica<\/a>","tag_info":"Pol\u00edtica","comment_count":"0","jetpack_featured_media_url":"https:\/\/contextoanalisisperiodistico.com\/wp-content\/uploads\/2024\/03\/IMG-20240325-WA0033.jpg","_links":{"self":[{"href":"https:\/\/contextoanalisisperiodistico.com\/index.php\/wp-json\/wp\/v2\/posts\/25399"}],"collection":[{"href":"https:\/\/contextoanalisisperiodistico.com\/index.php\/wp-json\/wp\/v2\/posts"}],"about":[{"href":"https:\/\/contextoanalisisperiodistico.com\/index.php\/wp-json\/wp\/v2\/types\/post"}],"author":[{"embeddable":true,"href":"https:\/\/contextoanalisisperiodistico.com\/index.php\/wp-json\/wp\/v2\/users\/4"}],"replies":[{"embeddable":true,"href":"https:\/\/contextoanalisisperiodistico.com\/index.php\/wp-json\/wp\/v2\/comments?post=25399"}],"version-history":[{"count":0,"href":"https:\/\/contextoanalisisperiodistico.com\/index.php\/wp-json\/wp\/v2\/posts\/25399\/revisions"}],"wp:featuredmedia":[{"embeddable":true,"href":"https:\/\/contextoanalisisperiodistico.com\/index.php\/wp-json\/wp\/v2\/media\/25398"}],"wp:attachment":[{"href":"https:\/\/contextoanalisisperiodistico.com\/index.php\/wp-json\/wp\/v2\/media?parent=25399"}],"wp:term":[{"taxonomy":"category","embeddable":true,"href":"https:\/\/contextoanalisisperiodistico.com\/index.php\/wp-json\/wp\/v2\/categories?post=25399"},{"taxonomy":"post_tag","embeddable":true,"href":"https:\/\/contextoanalisisperiodistico.com\/index.php\/wp-json\/wp\/v2\/tags?post=25399"}],"curies":[{"name":"wp","href":"https:\/\/api.w.org\/{rel}","templated":true}]}}