{"id":25396,"date":"2024-03-25T18:30:14","date_gmt":"2024-03-26T00:30:14","guid":{"rendered":"https:\/\/contextoanalisisperiodistico.com\/index.php\/2024\/03\/25\/garantizan-apoyo-emocional-a-personas-hospitalizadas-en-hospital-doctor-aurelio-valdivieso\/"},"modified":"2024-03-25T18:31:14","modified_gmt":"2024-03-26T00:31:14","slug":"garantizan-apoyo-emocional-a-personas-hospitalizadas-en-hospital-doctor-aurelio-valdivieso","status":"publish","type":"post","link":"https:\/\/contextoanalisisperiodistico.com\/index.php\/2024\/03\/25\/garantizan-apoyo-emocional-a-personas-hospitalizadas-en-hospital-doctor-aurelio-valdivieso\/","title":{"rendered":"Garantizan apoyo emocional a personas hospitalizadas en el \u00abAurelio Valdivieso\u00bb"},"content":{"rendered":"<div id=\"fb-root\"><\/div>\n\n<p>\u2022 Esta capacitaci\u00f3n busca reconocer a las y los pacientes m\u00e1s all\u00e1 de su condici\u00f3n cl\u00ednica, obteniendo como resultado un impacto positivo sobre su salud mental<\/p>\n\n\n\n<figure class=\"wp-block-image size-large\"><img fetchpriority=\"high\" decoding=\"async\" width=\"1024\" height=\"682\" src=\"https:\/\/contextoanalisisperiodistico.com\/wp-content\/uploads\/2024\/03\/img-20240325-wa00153123632418841568466-1024x682.jpg\" alt=\"\" class=\"wp-image-25394\" srcset=\"https:\/\/contextoanalisisperiodistico.com\/wp-content\/uploads\/2024\/03\/img-20240325-wa00153123632418841568466-1024x682.jpg 1024w, https:\/\/contextoanalisisperiodistico.com\/wp-content\/uploads\/2024\/03\/img-20240325-wa00153123632418841568466-300x200.jpg 300w, https:\/\/contextoanalisisperiodistico.com\/wp-content\/uploads\/2024\/03\/img-20240325-wa00153123632418841568466-768x511.jpg 768w, https:\/\/contextoanalisisperiodistico.com\/wp-content\/uploads\/2024\/03\/img-20240325-wa00153123632418841568466-1536x1022.jpg 1536w, https:\/\/contextoanalisisperiodistico.com\/wp-content\/uploads\/2024\/03\/img-20240325-wa00153123632418841568466.jpg 1600w\" sizes=\"(max-width: 1024px) 100vw, 1024px\" \/><\/figure>\n\n\n\n<figure class=\"wp-block-image\"><img decoding=\"async\" width=\"1024\" height=\"682\" src=\"https:\/\/contextoanalisisperiodistico.com\/wp-content\/uploads\/2024\/03\/img-20240325-wa00179116676384058813470-1024x682.jpg\" alt=\"\" class=\"wp-image-25395\" srcset=\"https:\/\/contextoanalisisperiodistico.com\/wp-content\/uploads\/2024\/03\/img-20240325-wa00179116676384058813470-1024x682.jpg 1024w, https:\/\/contextoanalisisperiodistico.com\/wp-content\/uploads\/2024\/03\/img-20240325-wa00179116676384058813470-300x200.jpg 300w, https:\/\/contextoanalisisperiodistico.com\/wp-content\/uploads\/2024\/03\/img-20240325-wa00179116676384058813470-768x511.jpg 768w, https:\/\/contextoanalisisperiodistico.com\/wp-content\/uploads\/2024\/03\/img-20240325-wa00179116676384058813470-1536x1022.jpg 1536w, https:\/\/contextoanalisisperiodistico.com\/wp-content\/uploads\/2024\/03\/img-20240325-wa00179116676384058813470.jpg 1600w\" sizes=\"(max-width: 1024px) 100vw, 1024px\" \/><\/figure>\n\n\n\n<p>Oaxaca de Ju\u00e1rez, Oax. 25 de marzo de 2024.- Con el fin de mejorar la calidad de la atenci\u00f3n m\u00e9dica y el bienestar tanto de pacientes, como de sus familias, el Hospital General Doctor Aurelio Valdivieso de los Servicios de Salud de Oaxaca (SSO) llev\u00f3 a cabo una capacitaci\u00f3n sobre la humanizaci\u00f3n sanitaria y la importancia del apoyo emocional durante el curso de una enfermedad.<\/p>\n\n\n\n<p>Durante la sesi\u00f3n cl\u00ednica, dirigida al personal m\u00e9dico y becario (personas residentes e internas), se reconoci\u00f3 la importancia de responder a las necesidades de las y los usuarios de la unidad m\u00e9dica en un ambiente de cuidado, confianza, conexi\u00f3n emocional, respeto y comunicaci\u00f3n, ya que es esencial para garantizar una atenci\u00f3n con sentido humano, que permita un proceso de recuperaci\u00f3n integral.<\/p>\n\n\n\n<p>Esta capacitaci\u00f3n que brind\u00f3 personal de psicolog\u00eda del nosocomio busca reconocer a las y los pacientes m\u00e1s all\u00e1 de su condici\u00f3n cl\u00ednica, obteniendo como resultado un impacto positivo sobre su salud mental, debido a que las personas pueden experimentar una amplia gama de emociones desde ansiedad, miedo e incertidumbre, entre otras, frente a la estancia hospitalaria.<\/p>\n\n\n\n<p>El personal del centro m\u00e9dico de los SSO se preocupa constantemente por lograr un mejoramiento en la ejecuci\u00f3n de cada uno de los procesos y por ende en la atenci\u00f3n oportuna y eficaz en las personas usuarias, ofreciendo de manera permanente acciones que contribuyan en el mejoramiento continuo en los servicios, no solo orientados a la atenci\u00f3n en cuanto a la salud f\u00edsica, sino tambi\u00e9n en el abordaje de temas relacionados con el bienestar psicol\u00f3gico y emocional.<code> -0-<\/code><\/p>\n","protected":false},"excerpt":{"rendered":"<p>\u2022 Esta capacitaci\u00f3n busca reconocer a las y los pacientes m\u00e1s all\u00e1 de su condici\u00f3n&#8230;<\/p>\n","protected":false},"author":4,"featured_media":25393,"comment_status":"closed","ping_status":"open","sticky":false,"template":"","format":"standard","meta":{"footnotes":""},"categories":[92],"tags":[],"jetpack_sharing_enabled":true,"featured_image_urls":{"full":["https:\/\/contextoanalisisperiodistico.com\/wp-content\/uploads\/2024\/03\/IMG-20240325-WA0016.jpg",1600,1065,false],"thumbnail":["https:\/\/contextoanalisisperiodistico.com\/wp-content\/uploads\/2024\/03\/IMG-20240325-WA0016-150x150.jpg",150,150,true],"medium":["https:\/\/contextoanalisisperiodistico.com\/wp-content\/uploads\/2024\/03\/IMG-20240325-WA0016-300x200.jpg",300,200,true],"medium_large":["https:\/\/contextoanalisisperiodistico.com\/wp-content\/uploads\/2024\/03\/IMG-20240325-WA0016-768x511.jpg",640,426,true],"large":["https:\/\/contextoanalisisperiodistico.com\/wp-content\/uploads\/2024\/03\/IMG-20240325-WA0016-1024x682.jpg",640,426,true],"1536x1536":["https:\/\/contextoanalisisperiodistico.com\/wp-content\/uploads\/2024\/03\/IMG-20240325-WA0016-1536x1022.jpg",1536,1022,true],"2048x2048":["https:\/\/contextoanalisisperiodistico.com\/wp-content\/uploads\/2024\/03\/IMG-20240325-WA0016.jpg",1600,1065,false],"covernews-slider-full":["https:\/\/contextoanalisisperiodistico.com\/wp-content\/uploads\/2024\/03\/IMG-20240325-WA0016-1115x715.jpg",1115,715,true],"covernews-slider-center":["https:\/\/contextoanalisisperiodistico.com\/wp-content\/uploads\/2024\/03\/IMG-20240325-WA0016-800x500.jpg",800,500,true],"covernews-featured":["https:\/\/contextoanalisisperiodistico.com\/wp-content\/uploads\/2024\/03\/IMG-20240325-WA0016-1024x682.jpg",1024,682,true],"covernews-medium":["https:\/\/contextoanalisisperiodistico.com\/wp-content\/uploads\/2024\/03\/IMG-20240325-WA0016-540x340.jpg",540,340,true],"covernews-medium-square":["https:\/\/contextoanalisisperiodistico.com\/wp-content\/uploads\/2024\/03\/IMG-20240325-WA0016-400x250.jpg",400,250,true]},"author_info":{"display_name":"Mario Gir\u00f3n","author_link":"https:\/\/contextoanalisisperiodistico.com\/index.php\/author\/director\/"},"category_info":"<a href=\"https:\/\/contextoanalisisperiodistico.com\/index.php\/category\/salud\/\" rel=\"category tag\">Salud<\/a>","tag_info":"Salud","comment_count":"0","jetpack_featured_media_url":"https:\/\/contextoanalisisperiodistico.com\/wp-content\/uploads\/2024\/03\/IMG-20240325-WA0016.jpg","_links":{"self":[{"href":"https:\/\/contextoanalisisperiodistico.com\/index.php\/wp-json\/wp\/v2\/posts\/25396"}],"collection":[{"href":"https:\/\/contextoanalisisperiodistico.com\/index.php\/wp-json\/wp\/v2\/posts"}],"about":[{"href":"https:\/\/contextoanalisisperiodistico.com\/index.php\/wp-json\/wp\/v2\/types\/post"}],"author":[{"embeddable":true,"href":"https:\/\/contextoanalisisperiodistico.com\/index.php\/wp-json\/wp\/v2\/users\/4"}],"replies":[{"embeddable":true,"href":"https:\/\/contextoanalisisperiodistico.com\/index.php\/wp-json\/wp\/v2\/comments?post=25396"}],"version-history":[{"count":1,"href":"https:\/\/contextoanalisisperiodistico.com\/index.php\/wp-json\/wp\/v2\/posts\/25396\/revisions"}],"predecessor-version":[{"id":25397,"href":"https:\/\/contextoanalisisperiodistico.com\/index.php\/wp-json\/wp\/v2\/posts\/25396\/revisions\/25397"}],"wp:featuredmedia":[{"embeddable":true,"href":"https:\/\/contextoanalisisperiodistico.com\/index.php\/wp-json\/wp\/v2\/media\/25393"}],"wp:attachment":[{"href":"https:\/\/contextoanalisisperiodistico.com\/index.php\/wp-json\/wp\/v2\/media?parent=25396"}],"wp:term":[{"taxonomy":"category","embeddable":true,"href":"https:\/\/contextoanalisisperiodistico.com\/index.php\/wp-json\/wp\/v2\/categories?post=25396"},{"taxonomy":"post_tag","embeddable":true,"href":"https:\/\/contextoanalisisperiodistico.com\/index.php\/wp-json\/wp\/v2\/tags?post=25396"}],"curies":[{"name":"wp","href":"https:\/\/api.w.org\/{rel}","templated":true}]}}