{"id":25388,"date":"2024-03-25T13:19:26","date_gmt":"2024-03-25T19:19:26","guid":{"rendered":"https:\/\/contextoanalisisperiodistico.com\/index.php\/2024\/03\/25\/oaxaca-entre-los-estados-con-mayores-niveles-de-seguridad-en-el-pais\/"},"modified":"2024-03-25T13:19:26","modified_gmt":"2024-03-25T19:19:26","slug":"oaxaca-entre-los-estados-con-mayores-niveles-de-seguridad-en-el-pais","status":"publish","type":"post","link":"https:\/\/contextoanalisisperiodistico.com\/index.php\/2024\/03\/25\/oaxaca-entre-los-estados-con-mayores-niveles-de-seguridad-en-el-pais\/","title":{"rendered":"Oaxaca, entre los estados con mayores niveles de seguridad en el pa\u00eds"},"content":{"rendered":"<div id=\"fb-root\"><\/div>\n\n<p>\u2022 De marzo de 2023 a febrero de 2024, se reportan 3 mil 339 delitos menos<\/p>\n\n\n\n\n\n<p>\u2022 El Gobernador Salom\u00f3n Jara reafirm\u00f3 su absoluto rechazo a la entrada en vigor de la ley SB4<\/p>\n\n\n\n<p>Oaxaca de Ju\u00e1rez, Oax. 25 de marzo de 2024.- En el marco de la conferencia de prensa encabezada por el Gobernador Salom\u00f3n Jara Cruz se inform\u00f3 que el comportamiento de la incidencia delictiva de enero de 2016 a febrero de 2024, registra una tendencia a la baja desde mayo de 2023.<\/p>\n\n\n\n<p>En este sentido, fue detallado por la Fiscal\u00eda General del Estado de Oaxaca (FGEO) que la tendencia a la baja registrada en los \u00faltimos 10 meses, coloca a Oaxaca como el quinto estado con mayores niveles de seguridad en el pa\u00eds.<\/p>\n\n\n\n<p>Lo anterior es resultado de la atenci\u00f3n a las causas que originan estos delitos, y la intervenci\u00f3n que se ha realizado para reforzar la seguridad, por lo que de marzo de 2023 a febrero de 2024 la incidencia delictiva ha ido a la baja lo que se traduce en 3 mil 339 delitos menos que con el comportamiento esperado dada la tendencia.<\/p>\n\n\n\n<p>Reafirma Gobierno de Oaxaca compromiso con la defensa y derechos de migrantes<\/p>\n\n\n\n<p>El Gobierno de Oaxaca reafirm\u00f3 su absoluto rechazo a la entrada en vigor de la ley SB4, recientemente aprobada en Texas, Estados Unidos que faculta a la polic\u00eda de este estado a detener y expulsar a las personas migrantes sospechosas de ingresar de forma irregular a este pa\u00eds vecino.<\/p>\n\n\n\n<p>Durante la conferencia de prensa encabezada por el Gobernador Salom\u00f3n Jara Cruz se dio a conocer que esta disposici\u00f3n, al ser replicada por otros gobernadores republicanos, pone en riesgo la libertad y la integridad de toda persona en esta condici\u00f3n.<\/p>\n\n\n\n<p>Al ser la migraci\u00f3n un fen\u00f3meno impulsado por diversos factores, el Gobierno de Oaxaca refrend\u00f3 el compromiso con la defensa y los derechos las personas migrantes, al tiempo de se\u00f1alar que antes de criminalizar se deben atender las causas.<\/p>\n\n\n\n<p>Impulsan estrategias para atender los incendios<\/p>\n\n\n\n<p>En este encuentro con los medios de comunicaci\u00f3n, el Mandatario oaxaque\u00f1o expres\u00f3 que luego de la visita del Presidente de M\u00e9xico Andr\u00e9s Manuel L\u00f3pez Obrador a Oaxaca, en el marco del 218 aniversario del natalicio de Benito Ju\u00e1rez, se instalaron los subcomit\u00e9s regionales de Prevenci\u00f3n y Combate de Incendios Forestales y de los Consejos Municipales de Protecci\u00f3n Civil en el Istmo, Costa, Sierra Sur y Mixteca.<\/p>\n\n\n\n<p>El objetivo es impulsar estrategias contundentes y fortalecer el capital humano, equipamiento y capacidad de respuesta ante cualquier eventualidad de incendios, que a la fecha han afectado m\u00e1s de 7 mil 400 hect\u00e1reas en la entidad.<\/p>\n\n\n\n<p>Finalmente, comparti\u00f3 que para garantizar una estancia segura en este periodo vacacional que comprende del 25 de marzo al 7 de abril, se puso en marcha el Operativo Semana Santa Segura 2024 que emplear\u00e1 un estado de fuera de 941 elementos y 259 veh\u00edculos de la Secretar\u00eda de Seguridad y Protecci\u00f3n Ciudadana, para trabajar de manera coordinada con instancias de seguridad federal.<\/p>\n\n\n\n<p>-0-<\/p>\n\n\n\n<p><\/p>\n","protected":false},"excerpt":{"rendered":"<p>\u2022 De marzo de 2023 a febrero de 2024, se reportan 3 mil 339 delitos&#8230;<\/p>\n","protected":false},"author":4,"featured_media":25387,"comment_status":"","ping_status":"open","sticky":false,"template":"","format":"standard","meta":{"footnotes":""},"categories":[9],"tags":[],"jetpack_sharing_enabled":true,"featured_image_urls":{"full":["https:\/\/contextoanalisisperiodistico.com\/wp-content\/uploads\/2024\/03\/IMG-20240325-WA0010.jpg",990,659,false],"thumbnail":["https:\/\/contextoanalisisperiodistico.com\/wp-content\/uploads\/2024\/03\/IMG-20240325-WA0010-150x150.jpg",150,150,true],"medium":["https:\/\/contextoanalisisperiodistico.com\/wp-content\/uploads\/2024\/03\/IMG-20240325-WA0010-300x200.jpg",300,200,true],"medium_large":["https:\/\/contextoanalisisperiodistico.com\/wp-content\/uploads\/2024\/03\/IMG-20240325-WA0010-768x511.jpg",640,426,true],"large":["https:\/\/contextoanalisisperiodistico.com\/wp-content\/uploads\/2024\/03\/IMG-20240325-WA0010.jpg",640,426,false],"1536x1536":["https:\/\/contextoanalisisperiodistico.com\/wp-content\/uploads\/2024\/03\/IMG-20240325-WA0010.jpg",990,659,false],"2048x2048":["https:\/\/contextoanalisisperiodistico.com\/wp-content\/uploads\/2024\/03\/IMG-20240325-WA0010.jpg",990,659,false],"covernews-slider-full":["https:\/\/contextoanalisisperiodistico.com\/wp-content\/uploads\/2024\/03\/IMG-20240325-WA0010.jpg",990,659,false],"covernews-slider-center":["https:\/\/contextoanalisisperiodistico.com\/wp-content\/uploads\/2024\/03\/IMG-20240325-WA0010-800x500.jpg",800,500,true],"covernews-featured":["https:\/\/contextoanalisisperiodistico.com\/wp-content\/uploads\/2024\/03\/IMG-20240325-WA0010.jpg",990,659,false],"covernews-medium":["https:\/\/contextoanalisisperiodistico.com\/wp-content\/uploads\/2024\/03\/IMG-20240325-WA0010-540x340.jpg",540,340,true],"covernews-medium-square":["https:\/\/contextoanalisisperiodistico.com\/wp-content\/uploads\/2024\/03\/IMG-20240325-WA0010-400x250.jpg",400,250,true]},"author_info":{"display_name":"Mario Gir\u00f3n","author_link":"https:\/\/contextoanalisisperiodistico.com\/index.php\/author\/director\/"},"category_info":"<a href=\"https:\/\/contextoanalisisperiodistico.com\/index.php\/category\/politica\/\" rel=\"category tag\">Pol\u00edtica<\/a>","tag_info":"Pol\u00edtica","comment_count":"0","jetpack_featured_media_url":"https:\/\/contextoanalisisperiodistico.com\/wp-content\/uploads\/2024\/03\/IMG-20240325-WA0010.jpg","_links":{"self":[{"href":"https:\/\/contextoanalisisperiodistico.com\/index.php\/wp-json\/wp\/v2\/posts\/25388"}],"collection":[{"href":"https:\/\/contextoanalisisperiodistico.com\/index.php\/wp-json\/wp\/v2\/posts"}],"about":[{"href":"https:\/\/contextoanalisisperiodistico.com\/index.php\/wp-json\/wp\/v2\/types\/post"}],"author":[{"embeddable":true,"href":"https:\/\/contextoanalisisperiodistico.com\/index.php\/wp-json\/wp\/v2\/users\/4"}],"replies":[{"embeddable":true,"href":"https:\/\/contextoanalisisperiodistico.com\/index.php\/wp-json\/wp\/v2\/comments?post=25388"}],"version-history":[{"count":0,"href":"https:\/\/contextoanalisisperiodistico.com\/index.php\/wp-json\/wp\/v2\/posts\/25388\/revisions"}],"wp:featuredmedia":[{"embeddable":true,"href":"https:\/\/contextoanalisisperiodistico.com\/index.php\/wp-json\/wp\/v2\/media\/25387"}],"wp:attachment":[{"href":"https:\/\/contextoanalisisperiodistico.com\/index.php\/wp-json\/wp\/v2\/media?parent=25388"}],"wp:term":[{"taxonomy":"category","embeddable":true,"href":"https:\/\/contextoanalisisperiodistico.com\/index.php\/wp-json\/wp\/v2\/categories?post=25388"},{"taxonomy":"post_tag","embeddable":true,"href":"https:\/\/contextoanalisisperiodistico.com\/index.php\/wp-json\/wp\/v2\/tags?post=25388"}],"curies":[{"name":"wp","href":"https:\/\/api.w.org\/{rel}","templated":true}]}}