{"id":25386,"date":"2024-03-24T17:54:04","date_gmt":"2024-03-24T23:54:04","guid":{"rendered":"https:\/\/contextoanalisisperiodistico.com\/index.php\/2024\/03\/24\/fortalecen-acciones-de-atencion-y-prevencion-de-incendios-forestales-en-la-mixteca\/"},"modified":"2024-03-24T17:54:04","modified_gmt":"2024-03-24T23:54:04","slug":"fortalecen-acciones-de-atencion-y-prevencion-de-incendios-forestales-en-la-mixteca","status":"publish","type":"post","link":"https:\/\/contextoanalisisperiodistico.com\/index.php\/2024\/03\/24\/fortalecen-acciones-de-atencion-y-prevencion-de-incendios-forestales-en-la-mixteca\/","title":{"rendered":"Fortalecen acciones de atenci\u00f3n y prevenci\u00f3n de incendios forestales en la Mixteca"},"content":{"rendered":"<div id=\"fb-root\"><\/div>\n\n<p>\u2022 Se conform\u00f3 el Subcomit\u00e9 Regional de Prevenci\u00f3n y Combate de Incendios Forestales y los Consejos Municipales de Protecci\u00f3n Civil en esta demarcaci\u00f3n<\/p>\n\n\n\n<figure class=\"wp-block-image size-large\"><img fetchpriority=\"high\" decoding=\"async\" width=\"1024\" height=\"684\" src=\"https:\/\/contextoanalisisperiodistico.com\/wp-content\/uploads\/2024\/03\/img-20240324-wa00467948709518648904025-1024x684.jpg\" alt=\"\" class=\"wp-image-25384\" srcset=\"https:\/\/contextoanalisisperiodistico.com\/wp-content\/uploads\/2024\/03\/img-20240324-wa00467948709518648904025-1024x684.jpg 1024w, https:\/\/contextoanalisisperiodistico.com\/wp-content\/uploads\/2024\/03\/img-20240324-wa00467948709518648904025-300x200.jpg 300w, https:\/\/contextoanalisisperiodistico.com\/wp-content\/uploads\/2024\/03\/img-20240324-wa00467948709518648904025-768x513.jpg 768w, https:\/\/contextoanalisisperiodistico.com\/wp-content\/uploads\/2024\/03\/img-20240324-wa00467948709518648904025-1536x1025.jpg 1536w, https:\/\/contextoanalisisperiodistico.com\/wp-content\/uploads\/2024\/03\/img-20240324-wa00467948709518648904025.jpg 1600w\" sizes=\"(max-width: 1024px) 100vw, 1024px\" \/><\/figure>\n\n\n\n<figure class=\"wp-block-image\"><img decoding=\"async\" width=\"1024\" height=\"684\" src=\"https:\/\/contextoanalisisperiodistico.com\/wp-content\/uploads\/2024\/03\/img-20240324-wa00445361531076604285180-1024x684.jpg\" alt=\"\" class=\"wp-image-25385\" srcset=\"https:\/\/contextoanalisisperiodistico.com\/wp-content\/uploads\/2024\/03\/img-20240324-wa00445361531076604285180-1024x684.jpg 1024w, https:\/\/contextoanalisisperiodistico.com\/wp-content\/uploads\/2024\/03\/img-20240324-wa00445361531076604285180-300x200.jpg 300w, https:\/\/contextoanalisisperiodistico.com\/wp-content\/uploads\/2024\/03\/img-20240324-wa00445361531076604285180-768x513.jpg 768w, https:\/\/contextoanalisisperiodistico.com\/wp-content\/uploads\/2024\/03\/img-20240324-wa00445361531076604285180-1536x1025.jpg 1536w, https:\/\/contextoanalisisperiodistico.com\/wp-content\/uploads\/2024\/03\/img-20240324-wa00445361531076604285180.jpg 1600w\" sizes=\"(max-width: 1024px) 100vw, 1024px\" \/><\/figure>\n\n\n\n<p>Heroica Ciudad de Tlaxiaco, Oax. 24 de marzo de 2024.- Para brindar atenci\u00f3n oportuna y eficiente a las conflagraciones de la regi\u00f3n Mixteca, se realiz\u00f3 la Sesi\u00f3n de Instalaci\u00f3n del Subcomit\u00e9 Regional de Prevenci\u00f3n y Combate de Incendios Forestales y de los Consejos Municipales de Protecci\u00f3n Civil.<\/p>\n\n\n\n<p>Durante la actividad presidida por el Gobernador de Oaxaca Salom\u00f3n Jara Cruz en su car\u00e1cter de Presidente del Comit\u00e9 Estatal de Prevenci\u00f3n y Combate de Incendios Forestales, y del Consejo Estatal de Protecci\u00f3n Civil, se inform\u00f3 que esta conformaci\u00f3n tiene la finalidad de fortalecer la comunicaci\u00f3n, coordinaci\u00f3n y trabajo entre las instituciones de los tres niveles de gobierno y la sociedad civil.<\/p>\n\n\n\n<p>Ante autoridades federales, estatales y municipales, el titular del Poder Ejecutivo destac\u00f3 la importancia de sumar esfuerzos para atender la situaci\u00f3n de los incendios forestales, los cuales en lo que va del a\u00f1o 2024 han afectado a m\u00e1s de 7 mil 400 hect\u00e1reas de la entidad oaxaque\u00f1a.<\/p>\n\n\n\n<p>Aproximadamente el 80 por ciento de estos siniestros son ocasionados por el ser humano, por ello es importante que la poblaci\u00f3n evite el manejo de la roza, tumba y quema durante los periodos cr\u00edticos de sequ\u00eda y sustituya esta acci\u00f3n por la agricultura de conservaci\u00f3n y por la roza, tumba y pica.<\/p>\n\n\n\n<p>Cabe destacar que Oaxaca ocupa el segundo lugar a nivel nacional en incendios forestales, por lo cual los subcomit\u00e9s regionales trabajar\u00e1n coordinadamente bajo un mismo plan, con personal de las diferentes dependencias que contar\u00e1 con equipamiento y capacitaci\u00f3n t\u00e9cnica.<code> -0-<\/code><\/p>\n","protected":false},"excerpt":{"rendered":"<p>\u2022 Se conform\u00f3 el Subcomit\u00e9 Regional de Prevenci\u00f3n y Combate de Incendios Forestales y los&#8230;<\/p>\n","protected":false},"author":4,"featured_media":25383,"comment_status":"","ping_status":"open","sticky":false,"template":"","format":"standard","meta":{"footnotes":""},"categories":[9],"tags":[],"jetpack_sharing_enabled":true,"featured_image_urls":{"full":["https:\/\/contextoanalisisperiodistico.com\/wp-content\/uploads\/2024\/03\/IMG-20240324-WA0045.jpg",1600,1068,false],"thumbnail":["https:\/\/contextoanalisisperiodistico.com\/wp-content\/uploads\/2024\/03\/IMG-20240324-WA0045-150x150.jpg",150,150,true],"medium":["https:\/\/contextoanalisisperiodistico.com\/wp-content\/uploads\/2024\/03\/IMG-20240324-WA0045-300x200.jpg",300,200,true],"medium_large":["https:\/\/contextoanalisisperiodistico.com\/wp-content\/uploads\/2024\/03\/IMG-20240324-WA0045-768x513.jpg",640,428,true],"large":["https:\/\/contextoanalisisperiodistico.com\/wp-content\/uploads\/2024\/03\/IMG-20240324-WA0045-1024x684.jpg",640,428,true],"1536x1536":["https:\/\/contextoanalisisperiodistico.com\/wp-content\/uploads\/2024\/03\/IMG-20240324-WA0045-1536x1025.jpg",1536,1025,true],"2048x2048":["https:\/\/contextoanalisisperiodistico.com\/wp-content\/uploads\/2024\/03\/IMG-20240324-WA0045.jpg",1600,1068,false],"covernews-slider-full":["https:\/\/contextoanalisisperiodistico.com\/wp-content\/uploads\/2024\/03\/IMG-20240324-WA0045-1115x715.jpg",1115,715,true],"covernews-slider-center":["https:\/\/contextoanalisisperiodistico.com\/wp-content\/uploads\/2024\/03\/IMG-20240324-WA0045-800x500.jpg",800,500,true],"covernews-featured":["https:\/\/contextoanalisisperiodistico.com\/wp-content\/uploads\/2024\/03\/IMG-20240324-WA0045-1024x684.jpg",1024,684,true],"covernews-medium":["https:\/\/contextoanalisisperiodistico.com\/wp-content\/uploads\/2024\/03\/IMG-20240324-WA0045-540x340.jpg",540,340,true],"covernews-medium-square":["https:\/\/contextoanalisisperiodistico.com\/wp-content\/uploads\/2024\/03\/IMG-20240324-WA0045-400x250.jpg",400,250,true]},"author_info":{"display_name":"Mario Gir\u00f3n","author_link":"https:\/\/contextoanalisisperiodistico.com\/index.php\/author\/director\/"},"category_info":"<a href=\"https:\/\/contextoanalisisperiodistico.com\/index.php\/category\/politica\/\" rel=\"category tag\">Pol\u00edtica<\/a>","tag_info":"Pol\u00edtica","comment_count":"0","jetpack_featured_media_url":"https:\/\/contextoanalisisperiodistico.com\/wp-content\/uploads\/2024\/03\/IMG-20240324-WA0045.jpg","_links":{"self":[{"href":"https:\/\/contextoanalisisperiodistico.com\/index.php\/wp-json\/wp\/v2\/posts\/25386"}],"collection":[{"href":"https:\/\/contextoanalisisperiodistico.com\/index.php\/wp-json\/wp\/v2\/posts"}],"about":[{"href":"https:\/\/contextoanalisisperiodistico.com\/index.php\/wp-json\/wp\/v2\/types\/post"}],"author":[{"embeddable":true,"href":"https:\/\/contextoanalisisperiodistico.com\/index.php\/wp-json\/wp\/v2\/users\/4"}],"replies":[{"embeddable":true,"href":"https:\/\/contextoanalisisperiodistico.com\/index.php\/wp-json\/wp\/v2\/comments?post=25386"}],"version-history":[{"count":0,"href":"https:\/\/contextoanalisisperiodistico.com\/index.php\/wp-json\/wp\/v2\/posts\/25386\/revisions"}],"wp:featuredmedia":[{"embeddable":true,"href":"https:\/\/contextoanalisisperiodistico.com\/index.php\/wp-json\/wp\/v2\/media\/25383"}],"wp:attachment":[{"href":"https:\/\/contextoanalisisperiodistico.com\/index.php\/wp-json\/wp\/v2\/media?parent=25386"}],"wp:term":[{"taxonomy":"category","embeddable":true,"href":"https:\/\/contextoanalisisperiodistico.com\/index.php\/wp-json\/wp\/v2\/categories?post=25386"},{"taxonomy":"post_tag","embeddable":true,"href":"https:\/\/contextoanalisisperiodistico.com\/index.php\/wp-json\/wp\/v2\/tags?post=25386"}],"curies":[{"name":"wp","href":"https:\/\/api.w.org\/{rel}","templated":true}]}}