{"id":25382,"date":"2024-03-24T14:46:54","date_gmt":"2024-03-24T20:46:54","guid":{"rendered":"https:\/\/contextoanalisisperiodistico.com\/index.php\/2024\/03\/24\/catolicos-celebran-el-domingo-de-ramos-la-pasion-del-senor\/"},"modified":"2024-03-24T14:46:54","modified_gmt":"2024-03-24T20:46:54","slug":"catolicos-celebran-el-domingo-de-ramos-la-pasion-del-senor","status":"publish","type":"post","link":"https:\/\/contextoanalisisperiodistico.com\/index.php\/2024\/03\/24\/catolicos-celebran-el-domingo-de-ramos-la-pasion-del-senor\/","title":{"rendered":"Cat\u00f3licos, celebran el Domingo de Ramos \u201cLa Pasi\u00f3n del Se\u00f1or\u201d"},"content":{"rendered":"<div id=\"fb-root\"><\/div>\n\n<p>\u2022 Participemos con devoci\u00f3n y oraci\u00f3n, seamos solidarios con Cristo: Pbro RVO<br \/>Parroquia de Nuestra Se\u00f1ora del Rosario, Oax., Marzo 24, 2024. Con la bendici\u00f3n de palmas, previo a la Misa del Domingo de Ramos, cat\u00f3licos de este sector habitacional del Fraccionamiento \u201cEl Rosario\u201d, encabezados por su presb\u00edtero Ricardo V\u00e1squez Ojeda, conmemoraron la entrada triunfal de Jes\u00fas en Jerusal\u00e9n, con una procesi\u00f3n en la que los bautizados en Cristo de todas las edades, conforme a su devoci\u00f3n y en oraci\u00f3n participaron entonando c\u00e1nticos religiosos as\u00ed como tambi\u00e9n portando sus tradicionales \u201cPalmas\u201d que de acuerdo a la fe cat\u00f3lica, es un s\u00edmbolo de la bendici\u00f3n de Dios, su protecci\u00f3n y ayuda, mismas que fueron bendecidas por su representante parroquial.<br \/>De acuerdo a la tradici\u00f3n cat\u00f3lica, este hecho se basa en los relatos evang\u00e9licos, como el de san Juan, quien narra: \u201cAl enterarse la muchedumbre que hab\u00eda llegado para la fiesta, de que Jes\u00fas se dirig\u00eda a Jerusal\u00e9n, tomaron ramas de palmera y salieron a su encuentro gritando: \u00a1Hosanna! \u00a1Bendito el que viene en nombre del Se\u00f1or y el Rey de Israel!\u201d.<br \/>As\u00ed, de acuerdo a los evangelios de Mateo, cap\u00edtulo 21 y, Marcos, cap\u00edtulo 11 Jes\u00fas de Nazaret, montado en un burrito, entraba triunfalmente en Jerusal\u00e9n, en medio de una multitud que lo aclamaba. \u00bfQui\u00e9n es este? Preguntaba la gente a lo que otros m\u00e1s dec\u00edan: \u201cEste es Jes\u00fas el profeta de Nazaret de Galilea\u201d.<br \/>Con apoyo de los diversos grupos y agentes de pastoral de este templo cat\u00f3lico, perteneciente a San Sebasti\u00e1n Tutla, Oaxaca, las y los feligreses de las capillas Ex Hacienda, Llano Verde, Ampliaci\u00f3n Santa Luc\u00eda, Roma y \u00c1lamos, La Pe\u00f1ita, Quinta Etapa, Candelaria y Guadalupe as\u00ed como de su Parroquia, rememoraron, en comuni\u00f3n, la Semana Santa en la que se recuerda los \u00faltimos momentos de Cristo en la Tierra. Su pasi\u00f3n, muerte y resurrecci\u00f3n.<br \/>Con gran solemnidad y respeto, con este acto religioso, los asistentes llevaron a cabo las actividades prevista en el primer d\u00eda de la Semana Santa y para ello, les fueron distribuidas y entregadas peque\u00f1as porciones de ramas de Palma. \u201cA quienes acompa\u00f1amos jubilosos a Cristo rey podamos llegar a la Jerusal\u00e9n del cielo\u201d, refer\u00eda el presb\u00edtero Ricardo al momento de rociar el agua bendita a todos los presentes quienes en silencio y sentido contemplativo recib\u00edan la bendici\u00f3n de este ministerio Pascual durante este rito de Entrada Triunfal de Cristo a Jerusal\u00e9n.<br \/>En esta primera etapa, se proclam\u00f3 el santo Evangelio, de la Procesi\u00f3n de las Palmas, en inmediaciones de esta demarcaci\u00f3n habitacional. \u201cAclam\u00e9mosle, reconozc\u00e1mosle como nuestro Dios, como nuestro Salvador, su santidad, su gracia; Jes\u00fas ha venido a instaurar su reino, que no es de este mundo, sino reino de Dios, el reino de amor, de santidad y gracia, para que aprendamos a vivir seg\u00fan la ense\u00f1anza de Jes\u00fas\u201d, agregaba.<br \/>\u00a1Viva Cristo Rey!, \u00a1Viva el Se\u00f1or de Se\u00f1ores!, aclamaban los reunidos en \u00c9l. En tanto ni\u00f1as, ni\u00f1os y j\u00f3venes ac\u00f3litos y nazarenos, adem\u00e1s de integrantes del coro parroquial y de las diversas advocaciones que coreaban: \u201cQue viva la fe, viva la esperanza, viva el amor, que viva Cristo, que viva Cristo, que viva \u00c9l\u201d<br \/>Posteriormente, despu\u00e9s de esta procesi\u00f3n, en el Templo parroquial, se llev\u00f3 a cabo la Pasi\u00f3n del Se\u00f1or en la que invitaba: \u201cSeamos solidarios con Cristo, \u00c9l se solidariz\u00f3 con nosotros, carg\u00f3 con nuestros pecados por nuestra salvaci\u00f3n, una manera de agradecimiento ser\u00eda acompa\u00f1ar a Jes\u00fas con la lectura y meditaci\u00f3n de la Pasi\u00f3n de Cristo y tambi\u00e9n participemos en los distintos actos lit\u00fargicos a lo largo de esta semana como lo es el Viacrucis del pr\u00f3ximo Viernes Santo, en la que celebramos la pasi\u00f3n y muerte de Cristo.<br \/>Hag\u00e1moslo con devoci\u00f3n, participemos en la Procesi\u00f3n del Silencio, Procesi\u00f3n del Santo Entierro, S\u00e1bado Santo, Domingo de Resurrecci\u00f3n, la Pascua de la Resurrecci\u00f3n del Se\u00f1or, la Vigilia Pascual, vivamos la Pascua junto con Cristo este gran acontecimiento y con la Vigilia Pascual renovar nuestro esp\u00edritu y coraz\u00f3n con la celebraci\u00f3n de la Resurrecci\u00f3n del Se\u00f1or.<br \/>\u201cSeamos generosos con las cosas de Dios y las necesidades de nuestros hermanos, la oraci\u00f3n colecta nos invita a adentrarnos \u00e9sta semana en esta celebraci\u00f3n a la Pasi\u00f3n de Cristo, aprendamos a lo que nos ense\u00f1a Jes\u00fas con esta celebraci\u00f3n, a la humildad, donaci\u00f3n y entrega: Jes\u00fas dijo: \u201cNadie me quita la vida, yo la entrego libremente\u201d, entonces en Dios siempre vamos a encontrar entrega, donaci\u00f3n y todo para nuestra salvaci\u00f3n en favor de nosotros. Vivamos, conclu\u00eda, estos actos lit\u00fargicos con piedad, devoci\u00f3n y oraci\u00f3n. (Joel JAVIER)<\/p>\n\n\n\n<figure class=\"wp-block-image size-large\"><img fetchpriority=\"high\" decoding=\"async\" width=\"1024\" height=\"442\" src=\"https:\/\/contextoanalisisperiodistico.com\/wp-content\/uploads\/2024\/03\/img-20240324-wa00223599299873101056537-1024x442.jpg\" alt=\"\" class=\"wp-image-25369\" srcset=\"https:\/\/contextoanalisisperiodistico.com\/wp-content\/uploads\/2024\/03\/img-20240324-wa00223599299873101056537-1024x442.jpg 1024w, https:\/\/contextoanalisisperiodistico.com\/wp-content\/uploads\/2024\/03\/img-20240324-wa00223599299873101056537-300x129.jpg 300w, https:\/\/contextoanalisisperiodistico.com\/wp-content\/uploads\/2024\/03\/img-20240324-wa00223599299873101056537-768x331.jpg 768w, https:\/\/contextoanalisisperiodistico.com\/wp-content\/uploads\/2024\/03\/img-20240324-wa00223599299873101056537-1536x663.jpg 1536w, https:\/\/contextoanalisisperiodistico.com\/wp-content\/uploads\/2024\/03\/img-20240324-wa00223599299873101056537.jpg 1599w\" sizes=\"(max-width: 1024px) 100vw, 1024px\" \/><\/figure>\n\n\n\n<figure class=\"wp-block-image\"><img decoding=\"async\" width=\"1024\" height=\"675\" src=\"https:\/\/contextoanalisisperiodistico.com\/wp-content\/uploads\/2024\/03\/img-20240324-wa00271779996214847511271-1024x675.jpg\" alt=\"\" class=\"wp-image-25367\" srcset=\"https:\/\/contextoanalisisperiodistico.com\/wp-content\/uploads\/2024\/03\/img-20240324-wa00271779996214847511271-1024x675.jpg 1024w, https:\/\/contextoanalisisperiodistico.com\/wp-content\/uploads\/2024\/03\/img-20240324-wa00271779996214847511271-300x198.jpg 300w, https:\/\/contextoanalisisperiodistico.com\/wp-content\/uploads\/2024\/03\/img-20240324-wa00271779996214847511271-768x507.jpg 768w, https:\/\/contextoanalisisperiodistico.com\/wp-content\/uploads\/2024\/03\/img-20240324-wa00271779996214847511271.jpg 1404w\" sizes=\"(max-width: 1024px) 100vw, 1024px\" \/><\/figure>\n\n\n\n<figure class=\"wp-block-image\"><img decoding=\"async\" width=\"1024\" height=\"519\" src=\"https:\/\/contextoanalisisperiodistico.com\/wp-content\/uploads\/2024\/03\/img-20240324-wa00241271227234757231494-1024x519.jpg\" alt=\"\" class=\"wp-image-25368\" srcset=\"https:\/\/contextoanalisisperiodistico.com\/wp-content\/uploads\/2024\/03\/img-20240324-wa00241271227234757231494-1024x519.jpg 1024w, https:\/\/contextoanalisisperiodistico.com\/wp-content\/uploads\/2024\/03\/img-20240324-wa00241271227234757231494-300x152.jpg 300w, https:\/\/contextoanalisisperiodistico.com\/wp-content\/uploads\/2024\/03\/img-20240324-wa00241271227234757231494-768x390.jpg 768w, https:\/\/contextoanalisisperiodistico.com\/wp-content\/uploads\/2024\/03\/img-20240324-wa00241271227234757231494-1536x779.jpg 1536w, https:\/\/contextoanalisisperiodistico.com\/wp-content\/uploads\/2024\/03\/img-20240324-wa00241271227234757231494.jpg 1599w\" sizes=\"(max-width: 1024px) 100vw, 1024px\" \/><\/figure>\n\n\n\n<figure class=\"wp-block-image\"><img loading=\"lazy\" decoding=\"async\" width=\"1024\" height=\"496\" src=\"https:\/\/contextoanalisisperiodistico.com\/wp-content\/uploads\/2024\/03\/img-20240324-wa00284040134991873833052-1024x496.jpg\" alt=\"\" class=\"wp-image-25366\" srcset=\"https:\/\/contextoanalisisperiodistico.com\/wp-content\/uploads\/2024\/03\/img-20240324-wa00284040134991873833052-1024x496.jpg 1024w, https:\/\/contextoanalisisperiodistico.com\/wp-content\/uploads\/2024\/03\/img-20240324-wa00284040134991873833052-300x145.jpg 300w, https:\/\/contextoanalisisperiodistico.com\/wp-content\/uploads\/2024\/03\/img-20240324-wa00284040134991873833052-768x372.jpg 768w, https:\/\/contextoanalisisperiodistico.com\/wp-content\/uploads\/2024\/03\/img-20240324-wa00284040134991873833052-1536x744.jpg 1536w, https:\/\/contextoanalisisperiodistico.com\/wp-content\/uploads\/2024\/03\/img-20240324-wa00284040134991873833052.jpg 1600w\" sizes=\"(max-width: 1024px) 100vw, 1024px\" \/><\/figure>\n\n\n\n<figure class=\"wp-block-image\"><img loading=\"lazy\" decoding=\"async\" width=\"1024\" height=\"601\" src=\"https:\/\/contextoanalisisperiodistico.com\/wp-content\/uploads\/2024\/03\/img-20240324-wa00268284959235935500610-1024x601.jpg\" alt=\"\" class=\"wp-image-25370\" srcset=\"https:\/\/contextoanalisisperiodistico.com\/wp-content\/uploads\/2024\/03\/img-20240324-wa00268284959235935500610-1024x601.jpg 1024w, https:\/\/contextoanalisisperiodistico.com\/wp-content\/uploads\/2024\/03\/img-20240324-wa00268284959235935500610-300x176.jpg 300w, https:\/\/contextoanalisisperiodistico.com\/wp-content\/uploads\/2024\/03\/img-20240324-wa00268284959235935500610-768x451.jpg 768w, https:\/\/contextoanalisisperiodistico.com\/wp-content\/uploads\/2024\/03\/img-20240324-wa00268284959235935500610-1536x901.jpg 1536w, https:\/\/contextoanalisisperiodistico.com\/wp-content\/uploads\/2024\/03\/img-20240324-wa00268284959235935500610.jpg 1599w\" sizes=\"(max-width: 1024px) 100vw, 1024px\" \/><\/figure>\n\n\n\n<figure class=\"wp-block-image\"><img loading=\"lazy\" decoding=\"async\" width=\"1024\" height=\"527\" src=\"https:\/\/contextoanalisisperiodistico.com\/wp-content\/uploads\/2024\/03\/img-20240324-wa00369182294873929705483-1024x527.jpg\" alt=\"\" class=\"wp-image-25372\" srcset=\"https:\/\/contextoanalisisperiodistico.com\/wp-content\/uploads\/2024\/03\/img-20240324-wa00369182294873929705483-1024x527.jpg 1024w, https:\/\/contextoanalisisperiodistico.com\/wp-content\/uploads\/2024\/03\/img-20240324-wa00369182294873929705483-300x154.jpg 300w, https:\/\/contextoanalisisperiodistico.com\/wp-content\/uploads\/2024\/03\/img-20240324-wa00369182294873929705483-768x395.jpg 768w, https:\/\/contextoanalisisperiodistico.com\/wp-content\/uploads\/2024\/03\/img-20240324-wa00369182294873929705483-1536x790.jpg 1536w, https:\/\/contextoanalisisperiodistico.com\/wp-content\/uploads\/2024\/03\/img-20240324-wa00369182294873929705483.jpg 1600w\" sizes=\"(max-width: 1024px) 100vw, 1024px\" \/><\/figure>\n\n\n\n<figure class=\"wp-block-image\"><img loading=\"lazy\" decoding=\"async\" width=\"1024\" height=\"421\" src=\"https:\/\/contextoanalisisperiodistico.com\/wp-content\/uploads\/2024\/03\/img-20240324-wa00234534540371381604844-1024x421.jpg\" alt=\"\" class=\"wp-image-25371\" srcset=\"https:\/\/contextoanalisisperiodistico.com\/wp-content\/uploads\/2024\/03\/img-20240324-wa00234534540371381604844-1024x421.jpg 1024w, https:\/\/contextoanalisisperiodistico.com\/wp-content\/uploads\/2024\/03\/img-20240324-wa00234534540371381604844-300x123.jpg 300w, https:\/\/contextoanalisisperiodistico.com\/wp-content\/uploads\/2024\/03\/img-20240324-wa00234534540371381604844-768x316.jpg 768w, https:\/\/contextoanalisisperiodistico.com\/wp-content\/uploads\/2024\/03\/img-20240324-wa00234534540371381604844-1536x631.jpg 1536w, https:\/\/contextoanalisisperiodistico.com\/wp-content\/uploads\/2024\/03\/img-20240324-wa00234534540371381604844.jpg 1599w\" sizes=\"(max-width: 1024px) 100vw, 1024px\" \/><\/figure>\n\n\n\n<figure class=\"wp-block-image\"><img loading=\"lazy\" decoding=\"async\" width=\"1024\" height=\"663\" src=\"https:\/\/contextoanalisisperiodistico.com\/wp-content\/uploads\/2024\/03\/img-20240324-wa00322703247345196709595-1024x663.jpg\" alt=\"\" class=\"wp-image-25373\" srcset=\"https:\/\/contextoanalisisperiodistico.com\/wp-content\/uploads\/2024\/03\/img-20240324-wa00322703247345196709595-1024x663.jpg 1024w, https:\/\/contextoanalisisperiodistico.com\/wp-content\/uploads\/2024\/03\/img-20240324-wa00322703247345196709595-300x194.jpg 300w, https:\/\/contextoanalisisperiodistico.com\/wp-content\/uploads\/2024\/03\/img-20240324-wa00322703247345196709595-768x497.jpg 768w, https:\/\/contextoanalisisperiodistico.com\/wp-content\/uploads\/2024\/03\/img-20240324-wa00322703247345196709595-1536x994.jpg 1536w, https:\/\/contextoanalisisperiodistico.com\/wp-content\/uploads\/2024\/03\/img-20240324-wa00322703247345196709595.jpg 1599w\" sizes=\"(max-width: 1024px) 100vw, 1024px\" \/><\/figure>\n\n\n\n<figure class=\"wp-block-image\"><img loading=\"lazy\" decoding=\"async\" width=\"1024\" height=\"578\" src=\"https:\/\/contextoanalisisperiodistico.com\/wp-content\/uploads\/2024\/03\/img-20240324-wa00391112521253858294354-1024x578.jpg\" alt=\"\" class=\"wp-image-25374\" srcset=\"https:\/\/contextoanalisisperiodistico.com\/wp-content\/uploads\/2024\/03\/img-20240324-wa00391112521253858294354-1024x578.jpg 1024w, https:\/\/contextoanalisisperiodistico.com\/wp-content\/uploads\/2024\/03\/img-20240324-wa00391112521253858294354-300x169.jpg 300w, https:\/\/contextoanalisisperiodistico.com\/wp-content\/uploads\/2024\/03\/img-20240324-wa00391112521253858294354-768x433.jpg 768w, https:\/\/contextoanalisisperiodistico.com\/wp-content\/uploads\/2024\/03\/img-20240324-wa00391112521253858294354-1536x867.jpg 1536w, https:\/\/contextoanalisisperiodistico.com\/wp-content\/uploads\/2024\/03\/img-20240324-wa00391112521253858294354.jpg 1551w\" sizes=\"(max-width: 1024px) 100vw, 1024px\" \/><\/figure>\n\n\n\n<figure class=\"wp-block-image\"><img loading=\"lazy\" decoding=\"async\" width=\"425\" height=\"1024\" src=\"https:\/\/contextoanalisisperiodistico.com\/wp-content\/uploads\/2024\/03\/img-20240324-wa00302182321372174216041-425x1024.jpg\" alt=\"\" class=\"wp-image-25375\" srcset=\"https:\/\/contextoanalisisperiodistico.com\/wp-content\/uploads\/2024\/03\/img-20240324-wa00302182321372174216041-425x1024.jpg 425w, https:\/\/contextoanalisisperiodistico.com\/wp-content\/uploads\/2024\/03\/img-20240324-wa00302182321372174216041-125x300.jpg 125w, https:\/\/contextoanalisisperiodistico.com\/wp-content\/uploads\/2024\/03\/img-20240324-wa00302182321372174216041-637x1536.jpg 637w, https:\/\/contextoanalisisperiodistico.com\/wp-content\/uploads\/2024\/03\/img-20240324-wa00302182321372174216041.jpg 664w\" sizes=\"(max-width: 425px) 100vw, 425px\" \/><\/figure>\n\n\n\n<figure class=\"wp-block-image\"><img loading=\"lazy\" decoding=\"async\" width=\"642\" height=\"1024\" src=\"https:\/\/contextoanalisisperiodistico.com\/wp-content\/uploads\/2024\/03\/img-20240324-wa00341100556127150135545-642x1024.jpg\" alt=\"\" class=\"wp-image-25376\" srcset=\"https:\/\/contextoanalisisperiodistico.com\/wp-content\/uploads\/2024\/03\/img-20240324-wa00341100556127150135545-642x1024.jpg 642w, https:\/\/contextoanalisisperiodistico.com\/wp-content\/uploads\/2024\/03\/img-20240324-wa00341100556127150135545-188x300.jpg 188w, https:\/\/contextoanalisisperiodistico.com\/wp-content\/uploads\/2024\/03\/img-20240324-wa00341100556127150135545-768x1224.jpg 768w, https:\/\/contextoanalisisperiodistico.com\/wp-content\/uploads\/2024\/03\/img-20240324-wa00341100556127150135545-963x1536.jpg 963w, https:\/\/contextoanalisisperiodistico.com\/wp-content\/uploads\/2024\/03\/img-20240324-wa00341100556127150135545.jpg 1003w\" sizes=\"(max-width: 642px) 100vw, 642px\" \/><\/figure>\n\n\n\n<figure class=\"wp-block-image\"><img loading=\"lazy\" decoding=\"async\" width=\"1024\" height=\"632\" src=\"https:\/\/contextoanalisisperiodistico.com\/wp-content\/uploads\/2024\/03\/img-20240324-wa00418108652866458669694-1024x632.jpg\" alt=\"\" class=\"wp-image-25377\" srcset=\"https:\/\/contextoanalisisperiodistico.com\/wp-content\/uploads\/2024\/03\/img-20240324-wa00418108652866458669694-1024x632.jpg 1024w, https:\/\/contextoanalisisperiodistico.com\/wp-content\/uploads\/2024\/03\/img-20240324-wa00418108652866458669694-300x185.jpg 300w, https:\/\/contextoanalisisperiodistico.com\/wp-content\/uploads\/2024\/03\/img-20240324-wa00418108652866458669694-768x474.jpg 768w, https:\/\/contextoanalisisperiodistico.com\/wp-content\/uploads\/2024\/03\/img-20240324-wa00418108652866458669694-1536x948.jpg 1536w, https:\/\/contextoanalisisperiodistico.com\/wp-content\/uploads\/2024\/03\/img-20240324-wa00418108652866458669694.jpg 1599w\" sizes=\"(max-width: 1024px) 100vw, 1024px\" \/><\/figure>\n\n\n\n<figure class=\"wp-block-image\"><img loading=\"lazy\" decoding=\"async\" width=\"794\" height=\"1024\" src=\"https:\/\/contextoanalisisperiodistico.com\/wp-content\/uploads\/2024\/03\/img-20240324-wa00378528050902741523671-794x1024.jpg\" alt=\"\" class=\"wp-image-25378\" srcset=\"https:\/\/contextoanalisisperiodistico.com\/wp-content\/uploads\/2024\/03\/img-20240324-wa00378528050902741523671-794x1024.jpg 794w, https:\/\/contextoanalisisperiodistico.com\/wp-content\/uploads\/2024\/03\/img-20240324-wa00378528050902741523671-233x300.jpg 233w, https:\/\/contextoanalisisperiodistico.com\/wp-content\/uploads\/2024\/03\/img-20240324-wa00378528050902741523671-768x990.jpg 768w, https:\/\/contextoanalisisperiodistico.com\/wp-content\/uploads\/2024\/03\/img-20240324-wa00378528050902741523671-1024x1321.jpg 1024w, https:\/\/contextoanalisisperiodistico.com\/wp-content\/uploads\/2024\/03\/img-20240324-wa00378528050902741523671.jpg 1067w\" sizes=\"(max-width: 794px) 100vw, 794px\" \/><\/figure>\n\n\n\n<figure class=\"wp-block-image\"><img loading=\"lazy\" decoding=\"async\" width=\"717\" height=\"1024\" src=\"https:\/\/contextoanalisisperiodistico.com\/wp-content\/uploads\/2024\/03\/img-20240324-wa0040621505113215916319-717x1024.jpg\" alt=\"\" class=\"wp-image-25379\" srcset=\"https:\/\/contextoanalisisperiodistico.com\/wp-content\/uploads\/2024\/03\/img-20240324-wa0040621505113215916319-717x1024.jpg 717w, https:\/\/contextoanalisisperiodistico.com\/wp-content\/uploads\/2024\/03\/img-20240324-wa0040621505113215916319-210x300.jpg 210w, https:\/\/contextoanalisisperiodistico.com\/wp-content\/uploads\/2024\/03\/img-20240324-wa0040621505113215916319-768x1096.jpg 768w, https:\/\/contextoanalisisperiodistico.com\/wp-content\/uploads\/2024\/03\/img-20240324-wa0040621505113215916319-1076x1536.jpg 1076w, https:\/\/contextoanalisisperiodistico.com\/wp-content\/uploads\/2024\/03\/img-20240324-wa0040621505113215916319-1024x1462.jpg 1024w, https:\/\/contextoanalisisperiodistico.com\/wp-content\/uploads\/2024\/03\/img-20240324-wa0040621505113215916319.jpg 1121w\" sizes=\"(max-width: 717px) 100vw, 717px\" \/><\/figure>\n\n\n\n<figure class=\"wp-block-image\"><img loading=\"lazy\" decoding=\"async\" width=\"630\" height=\"1024\" src=\"https:\/\/contextoanalisisperiodistico.com\/wp-content\/uploads\/2024\/03\/img-20240324-wa00426902504088113079211-630x1024.jpg\" alt=\"\" class=\"wp-image-25380\" srcset=\"https:\/\/contextoanalisisperiodistico.com\/wp-content\/uploads\/2024\/03\/img-20240324-wa00426902504088113079211-630x1024.jpg 630w, https:\/\/contextoanalisisperiodistico.com\/wp-content\/uploads\/2024\/03\/img-20240324-wa00426902504088113079211-184x300.jpg 184w, https:\/\/contextoanalisisperiodistico.com\/wp-content\/uploads\/2024\/03\/img-20240324-wa00426902504088113079211-768x1249.jpg 768w, https:\/\/contextoanalisisperiodistico.com\/wp-content\/uploads\/2024\/03\/img-20240324-wa00426902504088113079211.jpg 940w\" sizes=\"(max-width: 630px) 100vw, 630px\" \/><\/figure>\n\n\n\n<figure class=\"wp-block-image\"><img loading=\"lazy\" decoding=\"async\" width=\"1024\" height=\"775\" src=\"https:\/\/contextoanalisisperiodistico.com\/wp-content\/uploads\/2024\/03\/img-20240324-wa00382057368112222937845-1024x775.jpg\" alt=\"\" class=\"wp-image-25381\" srcset=\"https:\/\/contextoanalisisperiodistico.com\/wp-content\/uploads\/2024\/03\/img-20240324-wa00382057368112222937845-1024x775.jpg 1024w, https:\/\/contextoanalisisperiodistico.com\/wp-content\/uploads\/2024\/03\/img-20240324-wa00382057368112222937845-300x227.jpg 300w, https:\/\/contextoanalisisperiodistico.com\/wp-content\/uploads\/2024\/03\/img-20240324-wa00382057368112222937845-768x581.jpg 768w, https:\/\/contextoanalisisperiodistico.com\/wp-content\/uploads\/2024\/03\/img-20240324-wa00382057368112222937845.jpg 1522w\" sizes=\"(max-width: 1024px) 100vw, 1024px\" \/><\/figure>\n","protected":false},"excerpt":{"rendered":"<p>\u2022 Participemos con devoci\u00f3n y oraci\u00f3n, seamos solidarios con Cristo: Pbro RVOParroquia de Nuestra Se\u00f1ora&#8230;<\/p>\n","protected":false},"author":4,"featured_media":25365,"comment_status":"","ping_status":"open","sticky":false,"template":"","format":"standard","meta":{"footnotes":""},"categories":[9],"tags":[],"jetpack_sharing_enabled":true,"featured_image_urls":{"full":["https:\/\/contextoanalisisperiodistico.com\/wp-content\/uploads\/2024\/03\/IMG-20240324-WA0029.jpg",1600,1104,false],"thumbnail":["https:\/\/contextoanalisisperiodistico.com\/wp-content\/uploads\/2024\/03\/IMG-20240324-WA0029-150x150.jpg",150,150,true],"medium":["https:\/\/contextoanalisisperiodistico.com\/wp-content\/uploads\/2024\/03\/IMG-20240324-WA0029-300x207.jpg",300,207,true],"medium_large":["https:\/\/contextoanalisisperiodistico.com\/wp-content\/uploads\/2024\/03\/IMG-20240324-WA0029-768x530.jpg",640,442,true],"large":["https:\/\/contextoanalisisperiodistico.com\/wp-content\/uploads\/2024\/03\/IMG-20240324-WA0029-1024x707.jpg",640,442,true],"1536x1536":["https:\/\/contextoanalisisperiodistico.com\/wp-content\/uploads\/2024\/03\/IMG-20240324-WA0029-1536x1060.jpg",1536,1060,true],"2048x2048":["https:\/\/contextoanalisisperiodistico.com\/wp-content\/uploads\/2024\/03\/IMG-20240324-WA0029.jpg",1600,1104,false],"covernews-slider-full":["https:\/\/contextoanalisisperiodistico.com\/wp-content\/uploads\/2024\/03\/IMG-20240324-WA0029-1115x715.jpg",1115,715,true],"covernews-slider-center":["https:\/\/contextoanalisisperiodistico.com\/wp-content\/uploads\/2024\/03\/IMG-20240324-WA0029-800x500.jpg",800,500,true],"covernews-featured":["https:\/\/contextoanalisisperiodistico.com\/wp-content\/uploads\/2024\/03\/IMG-20240324-WA0029-1024x707.jpg",1024,707,true],"covernews-medium":["https:\/\/contextoanalisisperiodistico.com\/wp-content\/uploads\/2024\/03\/IMG-20240324-WA0029-540x340.jpg",540,340,true],"covernews-medium-square":["https:\/\/contextoanalisisperiodistico.com\/wp-content\/uploads\/2024\/03\/IMG-20240324-WA0029-400x250.jpg",400,250,true]},"author_info":{"display_name":"Mario Gir\u00f3n","author_link":"https:\/\/contextoanalisisperiodistico.com\/index.php\/author\/director\/"},"category_info":"<a href=\"https:\/\/contextoanalisisperiodistico.com\/index.php\/category\/politica\/\" rel=\"category tag\">Pol\u00edtica<\/a>","tag_info":"Pol\u00edtica","comment_count":"0","jetpack_featured_media_url":"https:\/\/contextoanalisisperiodistico.com\/wp-content\/uploads\/2024\/03\/IMG-20240324-WA0029.jpg","_links":{"self":[{"href":"https:\/\/contextoanalisisperiodistico.com\/index.php\/wp-json\/wp\/v2\/posts\/25382"}],"collection":[{"href":"https:\/\/contextoanalisisperiodistico.com\/index.php\/wp-json\/wp\/v2\/posts"}],"about":[{"href":"https:\/\/contextoanalisisperiodistico.com\/index.php\/wp-json\/wp\/v2\/types\/post"}],"author":[{"embeddable":true,"href":"https:\/\/contextoanalisisperiodistico.com\/index.php\/wp-json\/wp\/v2\/users\/4"}],"replies":[{"embeddable":true,"href":"https:\/\/contextoanalisisperiodistico.com\/index.php\/wp-json\/wp\/v2\/comments?post=25382"}],"version-history":[{"count":0,"href":"https:\/\/contextoanalisisperiodistico.com\/index.php\/wp-json\/wp\/v2\/posts\/25382\/revisions"}],"wp:featuredmedia":[{"embeddable":true,"href":"https:\/\/contextoanalisisperiodistico.com\/index.php\/wp-json\/wp\/v2\/media\/25365"}],"wp:attachment":[{"href":"https:\/\/contextoanalisisperiodistico.com\/index.php\/wp-json\/wp\/v2\/media?parent=25382"}],"wp:term":[{"taxonomy":"category","embeddable":true,"href":"https:\/\/contextoanalisisperiodistico.com\/index.php\/wp-json\/wp\/v2\/categories?post=25382"},{"taxonomy":"post_tag","embeddable":true,"href":"https:\/\/contextoanalisisperiodistico.com\/index.php\/wp-json\/wp\/v2\/tags?post=25382"}],"curies":[{"name":"wp","href":"https:\/\/api.w.org\/{rel}","templated":true}]}}