{"id":25362,"date":"2024-03-23T10:12:03","date_gmt":"2024-03-23T16:12:03","guid":{"rendered":"https:\/\/contextoanalisisperiodistico.com\/index.php\/2024\/03\/23\/emiten-recomendaciones-para-consumir-agua-de-manera-segura\/"},"modified":"2024-03-23T10:12:03","modified_gmt":"2024-03-23T16:12:03","slug":"emiten-recomendaciones-para-consumir-agua-de-manera-segura","status":"publish","type":"post","link":"https:\/\/contextoanalisisperiodistico.com\/index.php\/2024\/03\/23\/emiten-recomendaciones-para-consumir-agua-de-manera-segura\/","title":{"rendered":"Emiten recomendaciones para consumir agua de manera segura"},"content":{"rendered":"<div id=\"fb-root\"><\/div>\n\n<p>\u2022 El vital l\u00edquido es necesario para la salud e higiene<\/p>\n\n\n\n<figure class=\"wp-block-image size-large\"><img fetchpriority=\"high\" decoding=\"async\" width=\"1024\" height=\"576\" src=\"https:\/\/contextoanalisisperiodistico.com\/wp-content\/uploads\/2024\/03\/img-20240323-wa00187404410405215097528-1024x576.jpg\" alt=\"\" class=\"wp-image-25360\" srcset=\"https:\/\/contextoanalisisperiodistico.com\/wp-content\/uploads\/2024\/03\/img-20240323-wa00187404410405215097528-1024x576.jpg 1024w, https:\/\/contextoanalisisperiodistico.com\/wp-content\/uploads\/2024\/03\/img-20240323-wa00187404410405215097528-300x169.jpg 300w, https:\/\/contextoanalisisperiodistico.com\/wp-content\/uploads\/2024\/03\/img-20240323-wa00187404410405215097528-768x432.jpg 768w, https:\/\/contextoanalisisperiodistico.com\/wp-content\/uploads\/2024\/03\/img-20240323-wa00187404410405215097528-1536x864.jpg 1536w, https:\/\/contextoanalisisperiodistico.com\/wp-content\/uploads\/2024\/03\/img-20240323-wa00187404410405215097528.jpg 1600w\" sizes=\"(max-width: 1024px) 100vw, 1024px\" \/><\/figure>\n\n\n\n<figure class=\"wp-block-image\"><img decoding=\"async\" width=\"1024\" height=\"576\" src=\"https:\/\/contextoanalisisperiodistico.com\/wp-content\/uploads\/2024\/03\/img-20240323-wa00166974280568064079735-1024x576.jpg\" alt=\"\" class=\"wp-image-25361\" srcset=\"https:\/\/contextoanalisisperiodistico.com\/wp-content\/uploads\/2024\/03\/img-20240323-wa00166974280568064079735-1024x576.jpg 1024w, https:\/\/contextoanalisisperiodistico.com\/wp-content\/uploads\/2024\/03\/img-20240323-wa00166974280568064079735-300x169.jpg 300w, https:\/\/contextoanalisisperiodistico.com\/wp-content\/uploads\/2024\/03\/img-20240323-wa00166974280568064079735-768x432.jpg 768w, https:\/\/contextoanalisisperiodistico.com\/wp-content\/uploads\/2024\/03\/img-20240323-wa00166974280568064079735-1536x864.jpg 1536w, https:\/\/contextoanalisisperiodistico.com\/wp-content\/uploads\/2024\/03\/img-20240323-wa00166974280568064079735.jpg 1600w\" sizes=\"(max-width: 1024px) 100vw, 1024px\" \/><\/figure>\n\n\n\n<figure class=\"wp-block-image\"><img decoding=\"async\" width=\"819\" height=\"1024\" src=\"https:\/\/contextoanalisisperiodistico.com\/wp-content\/uploads\/2024\/03\/img-20240323-wa00198225491981003890978-819x1024.jpg\" alt=\"\" class=\"wp-image-25359\" srcset=\"https:\/\/contextoanalisisperiodistico.com\/wp-content\/uploads\/2024\/03\/img-20240323-wa00198225491981003890978-819x1024.jpg 819w, https:\/\/contextoanalisisperiodistico.com\/wp-content\/uploads\/2024\/03\/img-20240323-wa00198225491981003890978-240x300.jpg 240w, https:\/\/contextoanalisisperiodistico.com\/wp-content\/uploads\/2024\/03\/img-20240323-wa00198225491981003890978-768x960.jpg 768w, https:\/\/contextoanalisisperiodistico.com\/wp-content\/uploads\/2024\/03\/img-20240323-wa00198225491981003890978-1229x1536.jpg 1229w, https:\/\/contextoanalisisperiodistico.com\/wp-content\/uploads\/2024\/03\/img-20240323-wa00198225491981003890978-1024x1280.jpg 1024w, https:\/\/contextoanalisisperiodistico.com\/wp-content\/uploads\/2024\/03\/img-20240323-wa00198225491981003890978.jpg 1280w\" sizes=\"(max-width: 819px) 100vw, 819px\" \/><\/figure>\n\n\n\n<p>\u2022 Conmemoran el D\u00eda Mundial del Agua<\/p>\n\n\n\n<p>Oaxaca de Ju\u00e1rez, Oax. 22 de marzo de 2024.- En el marco del D\u00eda Mundial del Agua que se conmemora este 22 de marzo, los Servicios de Salud de Oaxaca (SSO) se\u00f1alaron la importancia del vital l\u00edquido en la vida de las personas y del planeta, por lo que emiti\u00f3 una serie de recomendaciones para su consumo seguro.<\/p>\n\n\n\n<p>Las consecuencias adversas del cambio clim\u00e1tico, como las lluvias intensas, o los per\u00edodos prolongados de sequ\u00eda, pueden llevar a la contaminaci\u00f3n del vital l\u00edquido, lo que aumenta el riesgo de enfermedades como diarreas, parasitismo y hepatitis, entre otras, las cuales afectan en especial a ni\u00f1as y ni\u00f1os, debido a la vulnerabilidad de sus sistemas fisiol\u00f3gicos a\u00fan en desarrollo.<\/p>\n\n\n\n<p>Ante este panorama, el agua es necesaria para la salud e higiene, por lo que es importante que la poblaci\u00f3n considere la importancia que tiene en el desarrollo de la vida diaria y se deben aumentar los esfuerzos para cuidarla.<\/p>\n\n\n\n<p>Al ser el principal componente del cuerpo humano, el consumo de agua brinda grandes beneficios como permitir la absorci\u00f3n de nutrientes esenciales, lubricar las articulaciones, eliminar toxinas, facilitar el riego sangu\u00edneo y mejorar la funci\u00f3n digestiva.<\/p>\n\n\n\n<p>En este sentido, la dependencia invita a las y los oaxaque\u00f1os a realizar acciones de sanidad para consumirla de manera segura como hervirla durante 10 minutos antes de beberla, a partir del primer hervor se previene el riesgo de enfermedades gastrointestinales; o bien se puede desinfectar con una gota de plata coloidal por cada litro del l\u00edquido para despu\u00e9s dejar reposar por media hora.<\/p>\n\n\n\n<p>El agua ya hervida o desinfectada, se tiene que reservar en recipientes con tapa, limpios, desinfectados y de poco volumen, con el objetivo de que se pueda servir directamente y evitar meter la mano, tazas o cucharones al recipiente que la contiene.<\/p>\n\n\n\n<p>Adem\u00e1s de lavar y desinfectar los dep\u00f3sitos de almacenamiento como tinacos y cisternas cada seis meses, los cuales deben mantenerse tapados. As\u00ed tambi\u00e9n lavar con agua limpia frutas y verduras, en especial las hojas de lechuga, cilantro, perejil, col, por mencionar algunas, el lavado de manos es esencial, principalmente antes de comer o preparar alimentos y despu\u00e9s de ir al ba\u00f1o.<\/p>\n\n\n\n<p>Finalmente, la dependencia exhort\u00f3 a la poblaci\u00f3n consumir diariamente 2 litros de agua pura y evitar ingerir bebidas azucaradas, el consumo frecuente de estas puede causar entre otras cosas, sobrepeso y obesidad, s\u00edndrome metab\u00f3lico (presi\u00f3n y colesterol alto) diabetes tipo 2 y enfermedades del coraz\u00f3n.<code> -0-<\/code><\/p>\n","protected":false},"excerpt":{"rendered":"<p>\u2022 El vital l\u00edquido es necesario para la salud e higiene \u2022 Conmemoran el D\u00eda&#8230;<\/p>\n","protected":false},"author":4,"featured_media":25358,"comment_status":"","ping_status":"open","sticky":false,"template":"","format":"standard","meta":{"footnotes":""},"categories":[92],"tags":[],"jetpack_sharing_enabled":true,"featured_image_urls":{"full":["https:\/\/contextoanalisisperiodistico.com\/wp-content\/uploads\/2024\/03\/IMG-20240323-WA0017.jpg",1600,900,false],"thumbnail":["https:\/\/contextoanalisisperiodistico.com\/wp-content\/uploads\/2024\/03\/IMG-20240323-WA0017-150x150.jpg",150,150,true],"medium":["https:\/\/contextoanalisisperiodistico.com\/wp-content\/uploads\/2024\/03\/IMG-20240323-WA0017-300x169.jpg",300,169,true],"medium_large":["https:\/\/contextoanalisisperiodistico.com\/wp-content\/uploads\/2024\/03\/IMG-20240323-WA0017-768x432.jpg",640,360,true],"large":["https:\/\/contextoanalisisperiodistico.com\/wp-content\/uploads\/2024\/03\/IMG-20240323-WA0017-1024x576.jpg",640,360,true],"1536x1536":["https:\/\/contextoanalisisperiodistico.com\/wp-content\/uploads\/2024\/03\/IMG-20240323-WA0017-1536x864.jpg",1536,864,true],"2048x2048":["https:\/\/contextoanalisisperiodistico.com\/wp-content\/uploads\/2024\/03\/IMG-20240323-WA0017.jpg",1600,900,false],"covernews-slider-full":["https:\/\/contextoanalisisperiodistico.com\/wp-content\/uploads\/2024\/03\/IMG-20240323-WA0017-1115x715.jpg",1115,715,true],"covernews-slider-center":["https:\/\/contextoanalisisperiodistico.com\/wp-content\/uploads\/2024\/03\/IMG-20240323-WA0017-800x500.jpg",800,500,true],"covernews-featured":["https:\/\/contextoanalisisperiodistico.com\/wp-content\/uploads\/2024\/03\/IMG-20240323-WA0017-1024x576.jpg",1024,576,true],"covernews-medium":["https:\/\/contextoanalisisperiodistico.com\/wp-content\/uploads\/2024\/03\/IMG-20240323-WA0017-540x340.jpg",540,340,true],"covernews-medium-square":["https:\/\/contextoanalisisperiodistico.com\/wp-content\/uploads\/2024\/03\/IMG-20240323-WA0017-400x250.jpg",400,250,true]},"author_info":{"display_name":"Mario Gir\u00f3n","author_link":"https:\/\/contextoanalisisperiodistico.com\/index.php\/author\/director\/"},"category_info":"<a href=\"https:\/\/contextoanalisisperiodistico.com\/index.php\/category\/salud\/\" rel=\"category tag\">Salud<\/a>","tag_info":"Salud","comment_count":"0","jetpack_featured_media_url":"https:\/\/contextoanalisisperiodistico.com\/wp-content\/uploads\/2024\/03\/IMG-20240323-WA0017.jpg","_links":{"self":[{"href":"https:\/\/contextoanalisisperiodistico.com\/index.php\/wp-json\/wp\/v2\/posts\/25362"}],"collection":[{"href":"https:\/\/contextoanalisisperiodistico.com\/index.php\/wp-json\/wp\/v2\/posts"}],"about":[{"href":"https:\/\/contextoanalisisperiodistico.com\/index.php\/wp-json\/wp\/v2\/types\/post"}],"author":[{"embeddable":true,"href":"https:\/\/contextoanalisisperiodistico.com\/index.php\/wp-json\/wp\/v2\/users\/4"}],"replies":[{"embeddable":true,"href":"https:\/\/contextoanalisisperiodistico.com\/index.php\/wp-json\/wp\/v2\/comments?post=25362"}],"version-history":[{"count":0,"href":"https:\/\/contextoanalisisperiodistico.com\/index.php\/wp-json\/wp\/v2\/posts\/25362\/revisions"}],"wp:featuredmedia":[{"embeddable":true,"href":"https:\/\/contextoanalisisperiodistico.com\/index.php\/wp-json\/wp\/v2\/media\/25358"}],"wp:attachment":[{"href":"https:\/\/contextoanalisisperiodistico.com\/index.php\/wp-json\/wp\/v2\/media?parent=25362"}],"wp:term":[{"taxonomy":"category","embeddable":true,"href":"https:\/\/contextoanalisisperiodistico.com\/index.php\/wp-json\/wp\/v2\/categories?post=25362"},{"taxonomy":"post_tag","embeddable":true,"href":"https:\/\/contextoanalisisperiodistico.com\/index.php\/wp-json\/wp\/v2\/tags?post=25362"}],"curies":[{"name":"wp","href":"https:\/\/api.w.org\/{rel}","templated":true}]}}