{"id":25357,"date":"2024-03-23T08:53:51","date_gmt":"2024-03-23T14:53:51","guid":{"rendered":"https:\/\/contextoanalisisperiodistico.com\/index.php\/2024\/03\/23\/esta-semana-santa-contemplemos-la-pasionmuerte-y-gloriosa-resurreccion-de-cristo-rvo\/"},"modified":"2024-03-23T08:53:51","modified_gmt":"2024-03-23T14:53:51","slug":"esta-semana-santa-contemplemos-la-pasionmuerte-y-gloriosa-resurreccion-de-cristo-rvo","status":"publish","type":"post","link":"https:\/\/contextoanalisisperiodistico.com\/index.php\/2024\/03\/23\/esta-semana-santa-contemplemos-la-pasionmuerte-y-gloriosa-resurreccion-de-cristo-rvo\/","title":{"rendered":"Esta Semana Santa, contemplemos la pasi\u00f3n,muerte y gloriosa resurrecci\u00f3n de Cristo: RVO"},"content":{"rendered":"<div id=\"fb-root\"><\/div>\n\n<ul>\n<li>Cat\u00f3licos de la Parroquia del Rosario, piden por los medios de comunicaci\u00f3n que difunden el Evangelio.<\/li>\n<\/ul>\n\n\n\n<figure class=\"wp-block-image size-large\"><img fetchpriority=\"high\" decoding=\"async\" width=\"711\" height=\"1024\" src=\"https:\/\/contextoanalisisperiodistico.com\/wp-content\/uploads\/2024\/03\/img-20240323-wa00083447760465543969086-711x1024.jpg\" alt=\"\" class=\"wp-image-25345\" srcset=\"https:\/\/contextoanalisisperiodistico.com\/wp-content\/uploads\/2024\/03\/img-20240323-wa00083447760465543969086-711x1024.jpg 711w, https:\/\/contextoanalisisperiodistico.com\/wp-content\/uploads\/2024\/03\/img-20240323-wa00083447760465543969086-208x300.jpg 208w, https:\/\/contextoanalisisperiodistico.com\/wp-content\/uploads\/2024\/03\/img-20240323-wa00083447760465543969086-768x1106.jpg 768w, https:\/\/contextoanalisisperiodistico.com\/wp-content\/uploads\/2024\/03\/img-20240323-wa00083447760465543969086.jpg 800w\" sizes=\"(max-width: 711px) 100vw, 711px\" \/><\/figure>\n\n\n\n<figure class=\"wp-block-image\"><img decoding=\"async\" width=\"1024\" height=\"758\" src=\"https:\/\/contextoanalisisperiodistico.com\/wp-content\/uploads\/2024\/03\/img-20240323-wa00055958060298260693717-1024x758.jpg\" alt=\"\" class=\"wp-image-25346\" srcset=\"https:\/\/contextoanalisisperiodistico.com\/wp-content\/uploads\/2024\/03\/img-20240323-wa00055958060298260693717-1024x758.jpg 1024w, https:\/\/contextoanalisisperiodistico.com\/wp-content\/uploads\/2024\/03\/img-20240323-wa00055958060298260693717-300x222.jpg 300w, https:\/\/contextoanalisisperiodistico.com\/wp-content\/uploads\/2024\/03\/img-20240323-wa00055958060298260693717-768x569.jpg 768w, https:\/\/contextoanalisisperiodistico.com\/wp-content\/uploads\/2024\/03\/img-20240323-wa00055958060298260693717.jpg 1280w\" sizes=\"(max-width: 1024px) 100vw, 1024px\" \/><\/figure>\n\n\n\n<figure class=\"wp-block-image\"><img decoding=\"async\" width=\"598\" height=\"1024\" src=\"https:\/\/contextoanalisisperiodistico.com\/wp-content\/uploads\/2024\/03\/img-20240323-wa00137778358820902621922-598x1024.jpg\" alt=\"\" class=\"wp-image-25347\" srcset=\"https:\/\/contextoanalisisperiodistico.com\/wp-content\/uploads\/2024\/03\/img-20240323-wa00137778358820902621922-598x1024.jpg 598w, https:\/\/contextoanalisisperiodistico.com\/wp-content\/uploads\/2024\/03\/img-20240323-wa00137778358820902621922-175x300.jpg 175w, https:\/\/contextoanalisisperiodistico.com\/wp-content\/uploads\/2024\/03\/img-20240323-wa00137778358820902621922.jpg 748w\" sizes=\"(max-width: 598px) 100vw, 598px\" \/><\/figure>\n\n\n\n<figure class=\"wp-block-image\"><img loading=\"lazy\" decoding=\"async\" width=\"491\" height=\"1024\" src=\"https:\/\/contextoanalisisperiodistico.com\/wp-content\/uploads\/2024\/03\/img-20240323-wa00075294178114644709968-491x1024.jpg\" alt=\"\" class=\"wp-image-25348\" srcset=\"https:\/\/contextoanalisisperiodistico.com\/wp-content\/uploads\/2024\/03\/img-20240323-wa00075294178114644709968-491x1024.jpg 491w, https:\/\/contextoanalisisperiodistico.com\/wp-content\/uploads\/2024\/03\/img-20240323-wa00075294178114644709968-144x300.jpg 144w, https:\/\/contextoanalisisperiodistico.com\/wp-content\/uploads\/2024\/03\/img-20240323-wa00075294178114644709968.jpg 614w\" sizes=\"(max-width: 491px) 100vw, 491px\" \/><\/figure>\n\n\n\n<figure class=\"wp-block-image\"><img loading=\"lazy\" decoding=\"async\" width=\"1024\" height=\"804\" src=\"https:\/\/contextoanalisisperiodistico.com\/wp-content\/uploads\/2024\/03\/img-20240323-wa00035765150947105336482-1024x804.jpg\" alt=\"\" class=\"wp-image-25349\" srcset=\"https:\/\/contextoanalisisperiodistico.com\/wp-content\/uploads\/2024\/03\/img-20240323-wa00035765150947105336482-1024x804.jpg 1024w, https:\/\/contextoanalisisperiodistico.com\/wp-content\/uploads\/2024\/03\/img-20240323-wa00035765150947105336482-300x236.jpg 300w, https:\/\/contextoanalisisperiodistico.com\/wp-content\/uploads\/2024\/03\/img-20240323-wa00035765150947105336482-768x603.jpg 768w, https:\/\/contextoanalisisperiodistico.com\/wp-content\/uploads\/2024\/03\/img-20240323-wa00035765150947105336482.jpg 1280w\" sizes=\"(max-width: 1024px) 100vw, 1024px\" \/><\/figure>\n\n\n\n<figure class=\"wp-block-image\"><img loading=\"lazy\" decoding=\"async\" width=\"1024\" height=\"628\" src=\"https:\/\/contextoanalisisperiodistico.com\/wp-content\/uploads\/2024\/03\/img-20240323-wa00041662469383365289405-1024x628.jpg\" alt=\"\" class=\"wp-image-25350\" srcset=\"https:\/\/contextoanalisisperiodistico.com\/wp-content\/uploads\/2024\/03\/img-20240323-wa00041662469383365289405-1024x628.jpg 1024w, https:\/\/contextoanalisisperiodistico.com\/wp-content\/uploads\/2024\/03\/img-20240323-wa00041662469383365289405-300x184.jpg 300w, https:\/\/contextoanalisisperiodistico.com\/wp-content\/uploads\/2024\/03\/img-20240323-wa00041662469383365289405-768x471.jpg 768w, https:\/\/contextoanalisisperiodistico.com\/wp-content\/uploads\/2024\/03\/img-20240323-wa00041662469383365289405.jpg 1280w\" sizes=\"(max-width: 1024px) 100vw, 1024px\" \/><\/figure>\n\n\n\n<figure class=\"wp-block-image\"><img loading=\"lazy\" decoding=\"async\" width=\"1024\" height=\"793\" src=\"https:\/\/contextoanalisisperiodistico.com\/wp-content\/uploads\/2024\/03\/img-20240323-wa00148915049756634056016-1024x793.jpg\" alt=\"\" class=\"wp-image-25351\" srcset=\"https:\/\/contextoanalisisperiodistico.com\/wp-content\/uploads\/2024\/03\/img-20240323-wa00148915049756634056016-1024x793.jpg 1024w, https:\/\/contextoanalisisperiodistico.com\/wp-content\/uploads\/2024\/03\/img-20240323-wa00148915049756634056016-300x232.jpg 300w, https:\/\/contextoanalisisperiodistico.com\/wp-content\/uploads\/2024\/03\/img-20240323-wa00148915049756634056016-768x595.jpg 768w, https:\/\/contextoanalisisperiodistico.com\/wp-content\/uploads\/2024\/03\/img-20240323-wa00148915049756634056016.jpg 1280w\" sizes=\"(max-width: 1024px) 100vw, 1024px\" \/><\/figure>\n\n\n\n<figure class=\"wp-block-image\"><img loading=\"lazy\" decoding=\"async\" width=\"648\" height=\"1024\" src=\"https:\/\/contextoanalisisperiodistico.com\/wp-content\/uploads\/2024\/03\/img-20240323-wa00128529153995530913913-648x1024.jpg\" alt=\"\" class=\"wp-image-25352\" srcset=\"https:\/\/contextoanalisisperiodistico.com\/wp-content\/uploads\/2024\/03\/img-20240323-wa00128529153995530913913-648x1024.jpg 648w, https:\/\/contextoanalisisperiodistico.com\/wp-content\/uploads\/2024\/03\/img-20240323-wa00128529153995530913913-190x300.jpg 190w, https:\/\/contextoanalisisperiodistico.com\/wp-content\/uploads\/2024\/03\/img-20240323-wa00128529153995530913913-768x1214.jpg 768w, https:\/\/contextoanalisisperiodistico.com\/wp-content\/uploads\/2024\/03\/img-20240323-wa00128529153995530913913.jpg 810w\" sizes=\"(max-width: 648px) 100vw, 648px\" \/><\/figure>\n\n\n\n<figure class=\"wp-block-image\"><img loading=\"lazy\" decoding=\"async\" width=\"1024\" height=\"739\" src=\"https:\/\/contextoanalisisperiodistico.com\/wp-content\/uploads\/2024\/03\/img-20240323-wa0006941396051811606241-1024x739.jpg\" alt=\"\" class=\"wp-image-25353\" srcset=\"https:\/\/contextoanalisisperiodistico.com\/wp-content\/uploads\/2024\/03\/img-20240323-wa0006941396051811606241-1024x739.jpg 1024w, https:\/\/contextoanalisisperiodistico.com\/wp-content\/uploads\/2024\/03\/img-20240323-wa0006941396051811606241-300x217.jpg 300w, https:\/\/contextoanalisisperiodistico.com\/wp-content\/uploads\/2024\/03\/img-20240323-wa0006941396051811606241-768x554.jpg 768w, https:\/\/contextoanalisisperiodistico.com\/wp-content\/uploads\/2024\/03\/img-20240323-wa0006941396051811606241.jpg 1280w\" sizes=\"(max-width: 1024px) 100vw, 1024px\" \/><\/figure>\n\n\n\n<figure class=\"wp-block-image\"><img loading=\"lazy\" decoding=\"async\" width=\"636\" height=\"1024\" src=\"https:\/\/contextoanalisisperiodistico.com\/wp-content\/uploads\/2024\/03\/img-20240323-wa00108833328563514740939-636x1024.jpg\" alt=\"\" class=\"wp-image-25354\" srcset=\"https:\/\/contextoanalisisperiodistico.com\/wp-content\/uploads\/2024\/03\/img-20240323-wa00108833328563514740939-636x1024.jpg 636w, https:\/\/contextoanalisisperiodistico.com\/wp-content\/uploads\/2024\/03\/img-20240323-wa00108833328563514740939-186x300.jpg 186w, https:\/\/contextoanalisisperiodistico.com\/wp-content\/uploads\/2024\/03\/img-20240323-wa00108833328563514740939-768x1237.jpg 768w, https:\/\/contextoanalisisperiodistico.com\/wp-content\/uploads\/2024\/03\/img-20240323-wa00108833328563514740939.jpg 795w\" sizes=\"(max-width: 636px) 100vw, 636px\" \/><\/figure>\n\n\n\n<figure class=\"wp-block-image\"><img loading=\"lazy\" decoding=\"async\" width=\"1024\" height=\"827\" src=\"https:\/\/contextoanalisisperiodistico.com\/wp-content\/uploads\/2024\/03\/img-20240323-wa00027734855358687925887-1024x827.jpg\" alt=\"\" class=\"wp-image-25355\" srcset=\"https:\/\/contextoanalisisperiodistico.com\/wp-content\/uploads\/2024\/03\/img-20240323-wa00027734855358687925887-1024x827.jpg 1024w, https:\/\/contextoanalisisperiodistico.com\/wp-content\/uploads\/2024\/03\/img-20240323-wa00027734855358687925887-300x242.jpg 300w, https:\/\/contextoanalisisperiodistico.com\/wp-content\/uploads\/2024\/03\/img-20240323-wa00027734855358687925887-768x620.jpg 768w, https:\/\/contextoanalisisperiodistico.com\/wp-content\/uploads\/2024\/03\/img-20240323-wa00027734855358687925887.jpg 1280w\" sizes=\"(max-width: 1024px) 100vw, 1024px\" \/><\/figure>\n\n\n\n<figure class=\"wp-block-image\"><img loading=\"lazy\" decoding=\"async\" width=\"1024\" height=\"757\" src=\"https:\/\/contextoanalisisperiodistico.com\/wp-content\/uploads\/2024\/03\/img-20240323-wa00116656024788767270791-1024x757.jpg\" alt=\"\" class=\"wp-image-25356\" srcset=\"https:\/\/contextoanalisisperiodistico.com\/wp-content\/uploads\/2024\/03\/img-20240323-wa00116656024788767270791-1024x757.jpg 1024w, https:\/\/contextoanalisisperiodistico.com\/wp-content\/uploads\/2024\/03\/img-20240323-wa00116656024788767270791-300x222.jpg 300w, https:\/\/contextoanalisisperiodistico.com\/wp-content\/uploads\/2024\/03\/img-20240323-wa00116656024788767270791-768x568.jpg 768w, https:\/\/contextoanalisisperiodistico.com\/wp-content\/uploads\/2024\/03\/img-20240323-wa00116656024788767270791.jpg 1280w\" sizes=\"(max-width: 1024px) 100vw, 1024px\" \/><\/figure>\n\n\n\n<p>Parroquia de Nuestra Se\u00f1ora del Rosario, Oax., Marzo 22, 2024.- En \u00e9stos d\u00edas de Semana Santa, como cat\u00f3licos imitemos a Santa Mar\u00eda Virgen en la contemplaci\u00f3n de la pasi\u00f3n de Cristo, convocaba el presb\u00edtero Ricardo V\u00e1squez Ojeda a sus feligreses de esta demarcaci\u00f3n religiosa perteneciente a San Sebasti\u00e1n Tutla.<br \/>Posterior a la celebraci\u00f3n y recorrido del Sexto Viacrucis Cuaresmal, que encabezaron las y los integrantes de la pastoral de Proceso Evangelizador por las calles de esta unidad habitacional en el Sector \u201cCemavi\u201d, y con amplia participaci\u00f3n de ni\u00f1as, ni\u00f1os y j\u00f3venes, quienes con devoci\u00f3n, respeto y solemnidad acompa\u00f1aron a 14 familias, quienes en sus viviendas recibieron a igual n\u00famero de estaciones y de esta manera, rememoraron la pasi\u00f3n, muerte y resurrecci\u00f3n del Se\u00f1or.<br \/>Peque\u00f1as y peque\u00f1os con la cruz a cuestas, entonaron diversos cantos religiosos as\u00ed como tambi\u00e9n acompa\u00f1aron las oraciones de sus catequistas y grupos de pastoral en este recorrido, para despu\u00e9s, asistir a la celebraci\u00f3n religiosa encabezados por el sacerdote V\u00e1squez Ojeda.<br \/>El representante de esta demarcaci\u00f3n cat\u00f3lica, en celebraci\u00f3n lit\u00fargica a la Virgen Mar\u00eda, en advocaci\u00f3n de la Virgen de Dolores, llam\u00f3 a todas las madres a ser como Mar\u00eda que am\u00f3 a su Hijo. Como ella, hay muchas mujeres que sufren cuando el hijo est\u00e1 enfermo, desaparecido, encarcelado, cae en los vicios o mueren, es un gran pesar y dolor para ellas. As\u00ed sufri\u00f3 la Virgen Mar\u00eda en la pasi\u00f3n de Cristo por ello, insist\u00eda, imit\u00e9mosle y contemplemos en esta Semana Santa la pasi\u00f3n, muerte y tambi\u00e9n la gloriosa resurrecci\u00f3n de Cristo.<br \/>Previamente, los asistentes hicieron oraci\u00f3n por los medios de comunicaci\u00f3n que se encargan de difundir el Evangelio- \u201cQue Dios los llene de bendiciones\u201d, consignaban en respetuoso agradecimiento a su labor. En tanto, el representante parroquial cuestionaba: \u201cQu\u00e9 podr\u00edamos hacer para la mejor contemplaci\u00f3n de Cristo?\u201d, a lo que los asistentes a\u00f1ad\u00edan: \u201cVenir a misa, no darle la espalda a Dios, amarlo, obedecer los mandamientos, pero sobre todo, acercarnos a la palabra de Dios, a los relatos de la pasi\u00f3n de Cristo\u201d.<br \/>Jes\u00fas, a\u00f1ad\u00eda, el presb\u00edtero V\u00e1squez Ojeda, a pesar de que era el Hijo, aprendi\u00f3 a obedecer padeciendo. Por ello, ser\u00eda bueno que a lo largo de esta pr\u00f3xima Semana Santa acompa\u00f1en a Jes\u00fas en su pasi\u00f3n, muerte e irlo acompa\u00f1ando.<br \/>Sean emp\u00e1ticos con Jes\u00fas no ap\u00e1ticos, desgraciadamente somos muy ap\u00e1ticos. Seamos, reiteraba, emp\u00e1ticos, solidarios con Jes\u00fas porque Cristo primero fue solidario con nosotros si no, no hubiera padecido cargando nuestros pecados, \u00c9l los hizo suyos, sufri\u00f3 para librarnos y si nosotros no somos capaces de acompa\u00f1ar a Cristo es una gran ingratitud y tambi\u00e9n un pecado.<br \/>Los invito para que a lo largo de esta Semana Santa tratemos de distraernos lo menos que podamos, sobre todo, acercarnos a meditar la pasi\u00f3n de Cristo, a esos momentos que nos van narrando el Evangelio. \u201cCristo muri\u00f3 por nosotros, por nuestros pecados y muchos no se van a acordar de Jes\u00fas en estos d\u00edas; seamos gratos, dediqu\u00e9mosle los d\u00edas viernes santo, s\u00e1bado santo y domingo de resurrecci\u00f3n, participemos en la Pascua de Cristo, leyendo y meditando el Evangelio, participemos en el Viacrucis, contemplemos, seamos emp\u00e1ticos y hagamos un sacrificio a la pasi\u00f3n y sacrificio de Cristo quien entreg\u00f3 totalmente su vida totalmente por nosotros.<br \/>En esta semana venidera, conclu\u00eda, participemos en todos los oficios de Semana Santa, hag\u00e1moslo con devoci\u00f3n, gusto, amor y que signifique un sacrificio; ofrezc\u00e1moslo a Dios por nuestra salvaci\u00f3n y nuestra conversi\u00f3n para disfrutar de los frutos de la pasi\u00f3n y la Pascua en nuestras vidas. Abramos nuestro coraz\u00f3n, esforc\u00e9monos y sacrificarnos un poco como lo hizo Jes\u00fas\u201d. (Joel JAVIER).<\/p>\n","protected":false},"excerpt":{"rendered":"<p>Parroquia de Nuestra Se\u00f1ora del Rosario, Oax., Marzo 22, 2024.- En \u00e9stos d\u00edas de Semana&#8230;<\/p>\n","protected":false},"author":4,"featured_media":25344,"comment_status":"","ping_status":"open","sticky":false,"template":"","format":"standard","meta":{"footnotes":""},"categories":[9],"tags":[],"jetpack_sharing_enabled":true,"featured_image_urls":{"full":["https:\/\/contextoanalisisperiodistico.com\/wp-content\/uploads\/2024\/03\/IMG-20240323-WA0009.jpg",853,1280,false],"thumbnail":["https:\/\/contextoanalisisperiodistico.com\/wp-content\/uploads\/2024\/03\/IMG-20240323-WA0009-150x150.jpg",150,150,true],"medium":["https:\/\/contextoanalisisperiodistico.com\/wp-content\/uploads\/2024\/03\/IMG-20240323-WA0009-200x300.jpg",200,300,true],"medium_large":["https:\/\/contextoanalisisperiodistico.com\/wp-content\/uploads\/2024\/03\/IMG-20240323-WA0009-768x1152.jpg",640,960,true],"large":["https:\/\/contextoanalisisperiodistico.com\/wp-content\/uploads\/2024\/03\/IMG-20240323-WA0009-682x1024.jpg",640,961,true],"1536x1536":["https:\/\/contextoanalisisperiodistico.com\/wp-content\/uploads\/2024\/03\/IMG-20240323-WA0009.jpg",853,1280,false],"2048x2048":["https:\/\/contextoanalisisperiodistico.com\/wp-content\/uploads\/2024\/03\/IMG-20240323-WA0009.jpg",853,1280,false],"covernews-slider-full":["https:\/\/contextoanalisisperiodistico.com\/wp-content\/uploads\/2024\/03\/IMG-20240323-WA0009-853x715.jpg",853,715,true],"covernews-slider-center":["https:\/\/contextoanalisisperiodistico.com\/wp-content\/uploads\/2024\/03\/IMG-20240323-WA0009-800x500.jpg",800,500,true],"covernews-featured":["https:\/\/contextoanalisisperiodistico.com\/wp-content\/uploads\/2024\/03\/IMG-20240323-WA0009.jpg",853,1280,false],"covernews-medium":["https:\/\/contextoanalisisperiodistico.com\/wp-content\/uploads\/2024\/03\/IMG-20240323-WA0009-540x340.jpg",540,340,true],"covernews-medium-square":["https:\/\/contextoanalisisperiodistico.com\/wp-content\/uploads\/2024\/03\/IMG-20240323-WA0009-400x250.jpg",400,250,true]},"author_info":{"display_name":"Mario Gir\u00f3n","author_link":"https:\/\/contextoanalisisperiodistico.com\/index.php\/author\/director\/"},"category_info":"<a href=\"https:\/\/contextoanalisisperiodistico.com\/index.php\/category\/politica\/\" rel=\"category tag\">Pol\u00edtica<\/a>","tag_info":"Pol\u00edtica","comment_count":"0","jetpack_featured_media_url":"https:\/\/contextoanalisisperiodistico.com\/wp-content\/uploads\/2024\/03\/IMG-20240323-WA0009.jpg","_links":{"self":[{"href":"https:\/\/contextoanalisisperiodistico.com\/index.php\/wp-json\/wp\/v2\/posts\/25357"}],"collection":[{"href":"https:\/\/contextoanalisisperiodistico.com\/index.php\/wp-json\/wp\/v2\/posts"}],"about":[{"href":"https:\/\/contextoanalisisperiodistico.com\/index.php\/wp-json\/wp\/v2\/types\/post"}],"author":[{"embeddable":true,"href":"https:\/\/contextoanalisisperiodistico.com\/index.php\/wp-json\/wp\/v2\/users\/4"}],"replies":[{"embeddable":true,"href":"https:\/\/contextoanalisisperiodistico.com\/index.php\/wp-json\/wp\/v2\/comments?post=25357"}],"version-history":[{"count":0,"href":"https:\/\/contextoanalisisperiodistico.com\/index.php\/wp-json\/wp\/v2\/posts\/25357\/revisions"}],"wp:featuredmedia":[{"embeddable":true,"href":"https:\/\/contextoanalisisperiodistico.com\/index.php\/wp-json\/wp\/v2\/media\/25344"}],"wp:attachment":[{"href":"https:\/\/contextoanalisisperiodistico.com\/index.php\/wp-json\/wp\/v2\/media?parent=25357"}],"wp:term":[{"taxonomy":"category","embeddable":true,"href":"https:\/\/contextoanalisisperiodistico.com\/index.php\/wp-json\/wp\/v2\/categories?post=25357"},{"taxonomy":"post_tag","embeddable":true,"href":"https:\/\/contextoanalisisperiodistico.com\/index.php\/wp-json\/wp\/v2\/tags?post=25357"}],"curies":[{"name":"wp","href":"https:\/\/api.w.org\/{rel}","templated":true}]}}