{"id":25331,"date":"2024-03-22T18:03:34","date_gmt":"2024-03-23T00:03:34","guid":{"rendered":"https:\/\/contextoanalisisperiodistico.com\/index.php\/2024\/03\/22\/oaxaca-destino-turistico-con-17-playas-limpias-para-semana-santa\/"},"modified":"2024-03-22T18:33:12","modified_gmt":"2024-03-23T00:33:12","slug":"oaxaca-destino-turistico-con-17-playas-limpias-para-semana-santa","status":"publish","type":"post","link":"https:\/\/contextoanalisisperiodistico.com\/index.php\/2024\/03\/22\/oaxaca-destino-turistico-con-17-playas-limpias-para-semana-santa\/","title":{"rendered":"Oaxaca, destino tur\u00edstico con 17 playas limpias para Semana Santa"},"content":{"rendered":"<div id=\"fb-root\"><\/div>\n\n<p>\u2022 El territorio oaxaque\u00f1o se encuentra listo para recibir a locales, turistas nacionales y extranjeros<\/p>\n\n\n\n\n\n<figure class=\"wp-block-image size-large\"><img fetchpriority=\"high\" decoding=\"async\" width=\"1024\" height=\"768\" src=\"https:\/\/contextoanalisisperiodistico.com\/wp-content\/uploads\/2024\/03\/img-20240322-wa0028938028594027780386-1024x768.jpg\" alt=\"\" class=\"wp-image-25329\" srcset=\"https:\/\/contextoanalisisperiodistico.com\/wp-content\/uploads\/2024\/03\/img-20240322-wa0028938028594027780386-1024x768.jpg 1024w, https:\/\/contextoanalisisperiodistico.com\/wp-content\/uploads\/2024\/03\/img-20240322-wa0028938028594027780386-300x225.jpg 300w, https:\/\/contextoanalisisperiodistico.com\/wp-content\/uploads\/2024\/03\/img-20240322-wa0028938028594027780386-768x576.jpg 768w, https:\/\/contextoanalisisperiodistico.com\/wp-content\/uploads\/2024\/03\/img-20240322-wa0028938028594027780386.jpg 1040w\" sizes=\"(max-width: 1024px) 100vw, 1024px\" \/><\/figure>\n\n\n\n<figure class=\"wp-block-image\"><img decoding=\"async\" width=\"1024\" height=\"576\" src=\"https:\/\/contextoanalisisperiodistico.com\/wp-content\/uploads\/2024\/03\/img-20240322-wa0029390814861118236830-1024x576.jpg\" alt=\"\" class=\"wp-image-25330\" srcset=\"https:\/\/contextoanalisisperiodistico.com\/wp-content\/uploads\/2024\/03\/img-20240322-wa0029390814861118236830-1024x576.jpg 1024w, https:\/\/contextoanalisisperiodistico.com\/wp-content\/uploads\/2024\/03\/img-20240322-wa0029390814861118236830-300x169.jpg 300w, https:\/\/contextoanalisisperiodistico.com\/wp-content\/uploads\/2024\/03\/img-20240322-wa0029390814861118236830-768x432.jpg 768w, https:\/\/contextoanalisisperiodistico.com\/wp-content\/uploads\/2024\/03\/img-20240322-wa0029390814861118236830.jpg 1280w\" sizes=\"(max-width: 1024px) 100vw, 1024px\" \/><\/figure>\n\n\n\n<p>\u2022 Se exhorta a cuidar las playas y mantenerlas limpias<\/p>\n\n\n\n<p>Oaxaca de Ju\u00e1rez, Oax. 22 de marzo de 2024. Con el fin de que las personas locales y turistas conozcan la calidad del agua del mar del territorio oaxaque\u00f1o, los Servicios de Salud de Oaxaca (SSO) a trav\u00e9s de la Direcci\u00f3n de Regulaci\u00f3n y Fomento Sanitario, informan que la Comisi\u00f3n para la Protecci\u00f3n contra Riesgos Sanitarios (Cofepris) calific\u00f3 a 17 playas en la entidad como aptas para uso recreativo.<\/p>\n\n\n\n<p>Previo al periodo vacacional se realizaron los an\u00e1lisis microbiol\u00f3gicos de muestreo de agua de mar de tres destinos tur\u00edsticos: Santa Mar\u00eda Huatulco, Puerto Escondido y Puerto \u00c1ngel, cumpliendo con la Norma Oficial Mexicana NOM-210-SSA1-2014 y de acuerdo al Manual Operativo 2024.<\/p>\n\n\n\n<p>En dicho monitoreo de calidad se obtuvieron resultados por debajo del l\u00edmite m\u00e1ximo de los 200 enterococos en 100 mililitros de agua, por lo cual, las playas: Maguey, Bah\u00eda de Santa Cruz, La Entrega, Chahu\u00e9, La Bocana, Tangolunda, Principal de Puerto \u00c1ngel, Pante\u00f3n, Zipolite I, Zipolite II, Puerto Angelito, Carrizalillo, Marinero, Zicatela I, Zicatela II, Principal de Puerto Escondido y Bacocho, se encuentran en \u00f3ptimas condiciones para disfrutar del periodo de Semana Santa 2024 de manera segura.<\/p>\n\n\n\n<p>Cabe destacar que el comit\u00e9 de playas limpias, integrado por las autoridades de los municipios involucrados y dependencias gubernamentales estatales, sesionaron desde principio de a\u00f1o con el objetivo de garantizar el cumplimiento de acciones preventivas y el monitoreo de las condiciones ambientales, con la finalidad de reducir el impacto generado por las actividades humanas en la Costa oaxaque\u00f1a.<\/p>\n\n\n\n<p>Los SSO instan a locales y turistas nacionales y extranjeros que visitan estos centros tur\u00edsticos, hacer conciencia sobre el cuidado de los recursos naturales, y respetar las normas en cada punto mencionado.<\/p>\n\n\n\n<p>Tambi\u00e9n, a mantener vigilados a las y los menores de edad, no dejar tirada basura en las playas y, en caso de ingerir bebidas alcoh\u00f3licas, evitar ingresar al mar.<code> -0-<\/code><\/p>\n","protected":false},"excerpt":{"rendered":"<p>\u2022 El territorio oaxaque\u00f1o se encuentra listo para recibir a locales, turistas nacionales y extranjeros&#8230;<\/p>\n","protected":false},"author":4,"featured_media":25328,"comment_status":"closed","ping_status":"open","sticky":false,"template":"","format":"standard","meta":{"footnotes":""},"categories":[9],"tags":[],"jetpack_sharing_enabled":true,"featured_image_urls":{"full":["https:\/\/contextoanalisisperiodistico.com\/wp-content\/uploads\/2024\/03\/IMG-20240322-WA0030.jpg",1280,960,false],"thumbnail":["https:\/\/contextoanalisisperiodistico.com\/wp-content\/uploads\/2024\/03\/IMG-20240322-WA0030-150x150.jpg",150,150,true],"medium":["https:\/\/contextoanalisisperiodistico.com\/wp-content\/uploads\/2024\/03\/IMG-20240322-WA0030-300x225.jpg",300,225,true],"medium_large":["https:\/\/contextoanalisisperiodistico.com\/wp-content\/uploads\/2024\/03\/IMG-20240322-WA0030-768x576.jpg",640,480,true],"large":["https:\/\/contextoanalisisperiodistico.com\/wp-content\/uploads\/2024\/03\/IMG-20240322-WA0030-1024x768.jpg",640,480,true],"1536x1536":["https:\/\/contextoanalisisperiodistico.com\/wp-content\/uploads\/2024\/03\/IMG-20240322-WA0030.jpg",1280,960,false],"2048x2048":["https:\/\/contextoanalisisperiodistico.com\/wp-content\/uploads\/2024\/03\/IMG-20240322-WA0030.jpg",1280,960,false],"covernews-slider-full":["https:\/\/contextoanalisisperiodistico.com\/wp-content\/uploads\/2024\/03\/IMG-20240322-WA0030-1115x715.jpg",1115,715,true],"covernews-slider-center":["https:\/\/contextoanalisisperiodistico.com\/wp-content\/uploads\/2024\/03\/IMG-20240322-WA0030-800x500.jpg",800,500,true],"covernews-featured":["https:\/\/contextoanalisisperiodistico.com\/wp-content\/uploads\/2024\/03\/IMG-20240322-WA0030-1024x768.jpg",1024,768,true],"covernews-medium":["https:\/\/contextoanalisisperiodistico.com\/wp-content\/uploads\/2024\/03\/IMG-20240322-WA0030-540x340.jpg",540,340,true],"covernews-medium-square":["https:\/\/contextoanalisisperiodistico.com\/wp-content\/uploads\/2024\/03\/IMG-20240322-WA0030-400x250.jpg",400,250,true]},"author_info":{"display_name":"Mario Gir\u00f3n","author_link":"https:\/\/contextoanalisisperiodistico.com\/index.php\/author\/director\/"},"category_info":"<a href=\"https:\/\/contextoanalisisperiodistico.com\/index.php\/category\/politica\/\" rel=\"category tag\">Pol\u00edtica<\/a>","tag_info":"Pol\u00edtica","comment_count":"0","jetpack_featured_media_url":"https:\/\/contextoanalisisperiodistico.com\/wp-content\/uploads\/2024\/03\/IMG-20240322-WA0030.jpg","_links":{"self":[{"href":"https:\/\/contextoanalisisperiodistico.com\/index.php\/wp-json\/wp\/v2\/posts\/25331"}],"collection":[{"href":"https:\/\/contextoanalisisperiodistico.com\/index.php\/wp-json\/wp\/v2\/posts"}],"about":[{"href":"https:\/\/contextoanalisisperiodistico.com\/index.php\/wp-json\/wp\/v2\/types\/post"}],"author":[{"embeddable":true,"href":"https:\/\/contextoanalisisperiodistico.com\/index.php\/wp-json\/wp\/v2\/users\/4"}],"replies":[{"embeddable":true,"href":"https:\/\/contextoanalisisperiodistico.com\/index.php\/wp-json\/wp\/v2\/comments?post=25331"}],"version-history":[{"count":1,"href":"https:\/\/contextoanalisisperiodistico.com\/index.php\/wp-json\/wp\/v2\/posts\/25331\/revisions"}],"predecessor-version":[{"id":25332,"href":"https:\/\/contextoanalisisperiodistico.com\/index.php\/wp-json\/wp\/v2\/posts\/25331\/revisions\/25332"}],"wp:featuredmedia":[{"embeddable":true,"href":"https:\/\/contextoanalisisperiodistico.com\/index.php\/wp-json\/wp\/v2\/media\/25328"}],"wp:attachment":[{"href":"https:\/\/contextoanalisisperiodistico.com\/index.php\/wp-json\/wp\/v2\/media?parent=25331"}],"wp:term":[{"taxonomy":"category","embeddable":true,"href":"https:\/\/contextoanalisisperiodistico.com\/index.php\/wp-json\/wp\/v2\/categories?post=25331"},{"taxonomy":"post_tag","embeddable":true,"href":"https:\/\/contextoanalisisperiodistico.com\/index.php\/wp-json\/wp\/v2\/tags?post=25331"}],"curies":[{"name":"wp","href":"https:\/\/api.w.org\/{rel}","templated":true}]}}