{"id":25327,"date":"2024-03-22T16:05:31","date_gmt":"2024-03-22T22:05:31","guid":{"rendered":"https:\/\/contextoanalisisperiodistico.com\/index.php\/2024\/03\/22\/en-el-dia-mundial-del-agua-jarumy-mendez-coordinadora-del-voluntariado-ambiental-oaxaca-hace-un-llamado-urgente-a-la-accion\/"},"modified":"2024-03-22T16:05:31","modified_gmt":"2024-03-22T22:05:31","slug":"en-el-dia-mundial-del-agua-jarumy-mendez-coordinadora-del-voluntariado-ambiental-oaxaca-hace-un-llamado-urgente-a-la-accion","status":"publish","type":"post","link":"https:\/\/contextoanalisisperiodistico.com\/index.php\/2024\/03\/22\/en-el-dia-mundial-del-agua-jarumy-mendez-coordinadora-del-voluntariado-ambiental-oaxaca-hace-un-llamado-urgente-a-la-accion\/","title":{"rendered":"En el d\u00eda mundial del Agua, Jarumy M\u00e9ndez, coordinadora del Voluntariado Ambiental Oaxaca, hace un llamado urgente a la acci\u00f3n"},"content":{"rendered":"<div id=\"fb-root\"><\/div>\n\n<p>En el a\u00f1o de 1992 durante la \u201cCumbre de la Tierra\u201d celebrada en R\u00edo de Janeiro, Brasil, la Organizaci\u00f3n de las Naciones Unidas rescat\u00f3 la importancia de tener una fecha \u00fanica que tuviera como principal objetivo la promoci\u00f3n, el rescate y cuidado al agua, pues el tener acceso a este vital l\u00edquido representa la oportunidad de construir una vida plena.<\/p>\n\n\n\n<figure class=\"wp-block-image size-large\"><img fetchpriority=\"high\" decoding=\"async\" width=\"1024\" height=\"666\" src=\"https:\/\/contextoanalisisperiodistico.com\/wp-content\/uploads\/2024\/03\/img-20240322-wa00058891053252112337889-1024x666.jpg\" alt=\"\" class=\"wp-image-25326\" srcset=\"https:\/\/contextoanalisisperiodistico.com\/wp-content\/uploads\/2024\/03\/img-20240322-wa00058891053252112337889-1024x666.jpg 1024w, https:\/\/contextoanalisisperiodistico.com\/wp-content\/uploads\/2024\/03\/img-20240322-wa00058891053252112337889-300x195.jpg 300w, https:\/\/contextoanalisisperiodistico.com\/wp-content\/uploads\/2024\/03\/img-20240322-wa00058891053252112337889-768x500.jpg 768w, https:\/\/contextoanalisisperiodistico.com\/wp-content\/uploads\/2024\/03\/img-20240322-wa00058891053252112337889.jpg 1280w\" sizes=\"(max-width: 1024px) 100vw, 1024px\" \/><\/figure>\n\n\n\n<p>Fue as\u00ed como qued\u00f3 instaurado el 22 de marzo como d\u00eda mundial del agua. La conmemoraci\u00f3n de este importante d\u00eda, nos obliga a hacer una seria reflexi\u00f3n sobre las acciones que se han hecho desde todos los sectores de la sociedad para garantizar el acceso y la conservaci\u00f3n del vital l\u00edquido.<\/p>\n\n\n\n<p>Ante la crisis h\u00eddrica que tenemos en la actualidad y que, de no ser atendida de forma integral, ser\u00e1 cada vez m\u00e1s severa en nuestras ciudades y comunidades; debemos plantearnos dos posibles rutas: La pol\u00edtica p\u00fablica emergente y de mediano plazo que emprendan los tres \u00f3rdenes de gobierno de manera eficiente y las acciones que desde la ciudadan\u00eda debemos asumir todas y todos.<\/p>\n\n\n\n<p>En este sentido, Jarumy M\u00e9ndez, quien coordina el Voluntariado Ambiental por Oaxaca: Juventudes Biodiversas desde hace siete a\u00f1os, ha lanzado una campa\u00f1a que busca generar conciencia del cuidado del agua a trav\u00e9s de sencillas recomendaciones:<\/p>\n\n\n\n<ol>\n<li>Reparar todas las fugas de las tuber\u00edas y llaves de el hogar.<\/li>\n\n\n\n<li>Utilizar detergentes biodegradables y ocupar el agua con la que se lava la ropa para regar las plantas, lavar los patios y el W.C.<\/li>\n\n\n\n<li>Aprovechar el agua de lluvia para recolectarla.<\/li>\n\n\n\n<li>Utilizar un vaso cuando se cepillen los dientes.<\/li>\n\n\n\n<li>Utilizar una cubeta para recolectar el agua fr\u00eda cuando te ba\u00f1as, as\u00ed como tomar ba\u00f1os de m\u00e1ximo 5 minutos.<\/li>\n\n\n\n<li>No verter productos qu\u00edmicos como aceites, pinturas, solventes y pesticidas en el agua.<\/li>\n<\/ol>\n\n\n\n<p>Estas sencillas recomendaciones pueden contribuir a disminuir considerablemente el consumo de agua limpia ya que, seg\u00fan la ONU-HABITAT, el consumo promedio por persona en M\u00e9xico es de 366 litros diarios, de los cu\u00e1les, afirman investigadores de la UNAM y de otras instituciones de educaci\u00f3n p\u00fablica en la Agenda Ambiental 2018 Diagn\u00f3stico y Propuestas, en el cap\u00edtulo \u201cProblem\u00e1tica y pol\u00edtica del agua\u201d, que en M\u00e9xico s\u00f3lo 57% de las aguas residuales municipales colectadas son tratadas; 54% de las plantas menores a cien litros por segundo funcionan y 25% lo hacen de manera adecuada.<\/p>\n\n\n\n<p>Lo cual nos indica que no hay un tratamiento adecuada para el agua que consumimos y la reincorporamos a su ciclo hidrol\u00f3gico altamente contaminada.<\/p>\n\n\n\n<p>\u201cEstamos sumamente preocupados porque la disponibilidad de agua ser\u00e1 cada vez menor, si los gobiernos no toman acciones r\u00e1pidas y contundentes para poder garantizar su retenci\u00f3n, recarga de mantos y por supuesto el tratamiento adecuado. Sobre todo porque son los sectores m\u00e1s vulnerables de la poblaci\u00f3n quienes sufren m\u00e1s con la escasez\u201d Asever\u00f3 Jarumy M\u00e9ndez, quien adem\u00e1s es catedr\u00e1tica de Derecho Ambiental; y a\u00f1adi\u00f3: \u201cEn un corto plazo estaremos presentando propuestas concretas y consensuadas con expertos para que los municipios tengan alternativas viables y adem\u00e1s puedan tener acompa\u00f1amiento financiero, que es una parte sustancial de que estas acciones se puedan llevar a cabo, por ello estar\u00e9 en el foro \u201cCrisis H\u00eddrica\u201d, organizado por la Red de Liderazgos Kybernus, una iniciativa del Centro Ricardo Salinas Pliego, el cual se llevar\u00e1 a cabo en Baja California Sur del 22 al 24 de marzo\u201d.<\/p>\n\n\n\n<p>&#8211;<\/p>\n","protected":false},"excerpt":{"rendered":"<p>En el a\u00f1o de 1992 durante la \u201cCumbre de la Tierra\u201d celebrada en R\u00edo de&#8230;<\/p>\n","protected":false},"author":4,"featured_media":25325,"comment_status":"","ping_status":"open","sticky":false,"template":"","format":"standard","meta":{"footnotes":""},"categories":[9],"tags":[],"jetpack_sharing_enabled":true,"featured_image_urls":{"full":["https:\/\/contextoanalisisperiodistico.com\/wp-content\/uploads\/2024\/03\/IMG-20240322-WA0006.jpg",577,577,false],"thumbnail":["https:\/\/contextoanalisisperiodistico.com\/wp-content\/uploads\/2024\/03\/IMG-20240322-WA0006-150x150.jpg",150,150,true],"medium":["https:\/\/contextoanalisisperiodistico.com\/wp-content\/uploads\/2024\/03\/IMG-20240322-WA0006-300x300.jpg",300,300,true],"medium_large":["https:\/\/contextoanalisisperiodistico.com\/wp-content\/uploads\/2024\/03\/IMG-20240322-WA0006.jpg",577,577,false],"large":["https:\/\/contextoanalisisperiodistico.com\/wp-content\/uploads\/2024\/03\/IMG-20240322-WA0006.jpg",577,577,false],"1536x1536":["https:\/\/contextoanalisisperiodistico.com\/wp-content\/uploads\/2024\/03\/IMG-20240322-WA0006.jpg",577,577,false],"2048x2048":["https:\/\/contextoanalisisperiodistico.com\/wp-content\/uploads\/2024\/03\/IMG-20240322-WA0006.jpg",577,577,false],"covernews-slider-full":["https:\/\/contextoanalisisperiodistico.com\/wp-content\/uploads\/2024\/03\/IMG-20240322-WA0006.jpg",577,577,false],"covernews-slider-center":["https:\/\/contextoanalisisperiodistico.com\/wp-content\/uploads\/2024\/03\/IMG-20240322-WA0006-577x500.jpg",577,500,true],"covernews-featured":["https:\/\/contextoanalisisperiodistico.com\/wp-content\/uploads\/2024\/03\/IMG-20240322-WA0006.jpg",577,577,false],"covernews-medium":["https:\/\/contextoanalisisperiodistico.com\/wp-content\/uploads\/2024\/03\/IMG-20240322-WA0006-540x340.jpg",540,340,true],"covernews-medium-square":["https:\/\/contextoanalisisperiodistico.com\/wp-content\/uploads\/2024\/03\/IMG-20240322-WA0006-400x250.jpg",400,250,true]},"author_info":{"display_name":"Mario Gir\u00f3n","author_link":"https:\/\/contextoanalisisperiodistico.com\/index.php\/author\/director\/"},"category_info":"<a href=\"https:\/\/contextoanalisisperiodistico.com\/index.php\/category\/politica\/\" rel=\"category tag\">Pol\u00edtica<\/a>","tag_info":"Pol\u00edtica","comment_count":"0","jetpack_featured_media_url":"https:\/\/contextoanalisisperiodistico.com\/wp-content\/uploads\/2024\/03\/IMG-20240322-WA0006.jpg","_links":{"self":[{"href":"https:\/\/contextoanalisisperiodistico.com\/index.php\/wp-json\/wp\/v2\/posts\/25327"}],"collection":[{"href":"https:\/\/contextoanalisisperiodistico.com\/index.php\/wp-json\/wp\/v2\/posts"}],"about":[{"href":"https:\/\/contextoanalisisperiodistico.com\/index.php\/wp-json\/wp\/v2\/types\/post"}],"author":[{"embeddable":true,"href":"https:\/\/contextoanalisisperiodistico.com\/index.php\/wp-json\/wp\/v2\/users\/4"}],"replies":[{"embeddable":true,"href":"https:\/\/contextoanalisisperiodistico.com\/index.php\/wp-json\/wp\/v2\/comments?post=25327"}],"version-history":[{"count":0,"href":"https:\/\/contextoanalisisperiodistico.com\/index.php\/wp-json\/wp\/v2\/posts\/25327\/revisions"}],"wp:featuredmedia":[{"embeddable":true,"href":"https:\/\/contextoanalisisperiodistico.com\/index.php\/wp-json\/wp\/v2\/media\/25325"}],"wp:attachment":[{"href":"https:\/\/contextoanalisisperiodistico.com\/index.php\/wp-json\/wp\/v2\/media?parent=25327"}],"wp:term":[{"taxonomy":"category","embeddable":true,"href":"https:\/\/contextoanalisisperiodistico.com\/index.php\/wp-json\/wp\/v2\/categories?post=25327"},{"taxonomy":"post_tag","embeddable":true,"href":"https:\/\/contextoanalisisperiodistico.com\/index.php\/wp-json\/wp\/v2\/tags?post=25327"}],"curies":[{"name":"wp","href":"https:\/\/api.w.org\/{rel}","templated":true}]}}