{"id":25324,"date":"2024-03-22T15:16:50","date_gmt":"2024-03-22T21:16:50","guid":{"rendered":"https:\/\/contextoanalisisperiodistico.com\/index.php\/2024\/03\/22\/advierten-evitar-tratos-fraudulentos-con-personas-ajenas-a-los-sso\/"},"modified":"2024-03-22T15:16:50","modified_gmt":"2024-03-22T21:16:50","slug":"advierten-evitar-tratos-fraudulentos-con-personas-ajenas-a-los-sso","status":"publish","type":"post","link":"https:\/\/contextoanalisisperiodistico.com\/index.php\/2024\/03\/22\/advierten-evitar-tratos-fraudulentos-con-personas-ajenas-a-los-sso\/","title":{"rendered":"Advierten evitar tratos fraudulentos con personas ajenas a los SSO"},"content":{"rendered":"<div id=\"fb-root\"><\/div>\n\n<p>\u2022 La instituci\u00f3n ha emprendido las acciones legales pertinentes con motivo de il\u00edcitos detectados<\/p>\n\n\n\n<p>Oaxaca de Ju\u00e1rez, Oax. 22 de marzo de 2024.- Los Servicios de Salud de Oaxaca (SSO) informan que, durante una revisi\u00f3n de los procedimientos en materia de adquisiciones de medicamentos, se identificaron contratos falsos con empresas farmac\u00e9uticas nacionales.<\/p>\n\n\n\n<p>Por lo que se hace del conocimiento del p\u00fablico en general, que personas ajenas a la Secretar\u00eda de Salud y los SSO, se han hecho pasar por la secretaria de Salud, Alma Lilia Velasco Hern\u00e1ndez, el subdirector General de Administraci\u00f3n y Finanzas de la instituci\u00f3n, Octavio Torres Castillo, y por funcionariado p\u00fablico de su equipo de trabajo, suscribiendo contratos de compra de medicamentos e insumos m\u00e9dicos, defraudando as\u00ed a empresas farmac\u00e9uticas.<\/p>\n\n\n\n<p>En este sentido, la instituci\u00f3n ha emprendido acciones legales pertinentes ante la Fiscal\u00eda Especializada en Materia de Combate a la Corrupci\u00f3n del Estado de Oaxaca, y se dar\u00e1 seguimiento puntual a los actos il\u00edcitos cometidos.<\/p>\n\n\n\n<p>Se invita a la comunidad empresarial a verificar la identidad de las personas funcionarias p\u00fablicas antes de formalizar todo acto jur\u00eddico, cuyos procedimientos se encuentran normados en la Ley y, en caso contrario, se exhorta a denunciar los hechos aqu\u00ed relatados, por tratarse de fraudes maquinados por parte de terceros extra\u00f1os a la administraci\u00f3n p\u00fablica estatal.<\/p>\n\n\n\n<p>-0-<\/p>\n\n\n\n<p><\/p>\n","protected":false},"excerpt":{"rendered":"<p>\u2022 La instituci\u00f3n ha emprendido las acciones legales pertinentes con motivo de il\u00edcitos detectados Oaxaca&#8230;<\/p>\n","protected":false},"author":4,"featured_media":25323,"comment_status":"","ping_status":"open","sticky":false,"template":"","format":"standard","meta":{"footnotes":""},"categories":[92],"tags":[],"jetpack_sharing_enabled":true,"featured_image_urls":{"full":["https:\/\/contextoanalisisperiodistico.com\/wp-content\/uploads\/2024\/03\/IMG-20240322-WA0018.jpg",1024,1024,false],"thumbnail":["https:\/\/contextoanalisisperiodistico.com\/wp-content\/uploads\/2024\/03\/IMG-20240322-WA0018-150x150.jpg",150,150,true],"medium":["https:\/\/contextoanalisisperiodistico.com\/wp-content\/uploads\/2024\/03\/IMG-20240322-WA0018-300x300.jpg",300,300,true],"medium_large":["https:\/\/contextoanalisisperiodistico.com\/wp-content\/uploads\/2024\/03\/IMG-20240322-WA0018-768x768.jpg",640,640,true],"large":["https:\/\/contextoanalisisperiodistico.com\/wp-content\/uploads\/2024\/03\/IMG-20240322-WA0018.jpg",640,640,false],"1536x1536":["https:\/\/contextoanalisisperiodistico.com\/wp-content\/uploads\/2024\/03\/IMG-20240322-WA0018.jpg",1024,1024,false],"2048x2048":["https:\/\/contextoanalisisperiodistico.com\/wp-content\/uploads\/2024\/03\/IMG-20240322-WA0018.jpg",1024,1024,false],"covernews-slider-full":["https:\/\/contextoanalisisperiodistico.com\/wp-content\/uploads\/2024\/03\/IMG-20240322-WA0018-1024x715.jpg",1024,715,true],"covernews-slider-center":["https:\/\/contextoanalisisperiodistico.com\/wp-content\/uploads\/2024\/03\/IMG-20240322-WA0018-800x500.jpg",800,500,true],"covernews-featured":["https:\/\/contextoanalisisperiodistico.com\/wp-content\/uploads\/2024\/03\/IMG-20240322-WA0018.jpg",1024,1024,false],"covernews-medium":["https:\/\/contextoanalisisperiodistico.com\/wp-content\/uploads\/2024\/03\/IMG-20240322-WA0018-540x340.jpg",540,340,true],"covernews-medium-square":["https:\/\/contextoanalisisperiodistico.com\/wp-content\/uploads\/2024\/03\/IMG-20240322-WA0018-400x250.jpg",400,250,true]},"author_info":{"display_name":"Mario Gir\u00f3n","author_link":"https:\/\/contextoanalisisperiodistico.com\/index.php\/author\/director\/"},"category_info":"<a href=\"https:\/\/contextoanalisisperiodistico.com\/index.php\/category\/salud\/\" rel=\"category tag\">Salud<\/a>","tag_info":"Salud","comment_count":"0","jetpack_featured_media_url":"https:\/\/contextoanalisisperiodistico.com\/wp-content\/uploads\/2024\/03\/IMG-20240322-WA0018.jpg","_links":{"self":[{"href":"https:\/\/contextoanalisisperiodistico.com\/index.php\/wp-json\/wp\/v2\/posts\/25324"}],"collection":[{"href":"https:\/\/contextoanalisisperiodistico.com\/index.php\/wp-json\/wp\/v2\/posts"}],"about":[{"href":"https:\/\/contextoanalisisperiodistico.com\/index.php\/wp-json\/wp\/v2\/types\/post"}],"author":[{"embeddable":true,"href":"https:\/\/contextoanalisisperiodistico.com\/index.php\/wp-json\/wp\/v2\/users\/4"}],"replies":[{"embeddable":true,"href":"https:\/\/contextoanalisisperiodistico.com\/index.php\/wp-json\/wp\/v2\/comments?post=25324"}],"version-history":[{"count":0,"href":"https:\/\/contextoanalisisperiodistico.com\/index.php\/wp-json\/wp\/v2\/posts\/25324\/revisions"}],"wp:featuredmedia":[{"embeddable":true,"href":"https:\/\/contextoanalisisperiodistico.com\/index.php\/wp-json\/wp\/v2\/media\/25323"}],"wp:attachment":[{"href":"https:\/\/contextoanalisisperiodistico.com\/index.php\/wp-json\/wp\/v2\/media?parent=25324"}],"wp:term":[{"taxonomy":"category","embeddable":true,"href":"https:\/\/contextoanalisisperiodistico.com\/index.php\/wp-json\/wp\/v2\/categories?post=25324"},{"taxonomy":"post_tag","embeddable":true,"href":"https:\/\/contextoanalisisperiodistico.com\/index.php\/wp-json\/wp\/v2\/tags?post=25324"}],"curies":[{"name":"wp","href":"https:\/\/api.w.org\/{rel}","templated":true}]}}