{"id":25317,"date":"2024-03-21T21:24:27","date_gmt":"2024-03-22T03:24:27","guid":{"rendered":"https:\/\/contextoanalisisperiodistico.com\/index.php\/2024\/03\/21\/destacamentos-de-seguridad-se-establecen-en-san-pedro-el-alto\/"},"modified":"2024-03-21T21:24:27","modified_gmt":"2024-03-22T03:24:27","slug":"destacamentos-de-seguridad-se-establecen-en-san-pedro-el-alto","status":"publish","type":"post","link":"https:\/\/contextoanalisisperiodistico.com\/index.php\/2024\/03\/21\/destacamentos-de-seguridad-se-establecen-en-san-pedro-el-alto\/","title":{"rendered":"Destacamentos de seguridad se establecen en San Pedro el Alto"},"content":{"rendered":"<div id=\"fb-root\"><\/div>\n\n<p>\u2022 Dependencias federales y estatales visitar\u00e1n zona de conflicto para establecer si existe deforestaci\u00f3n y tala inmoderada de bosques<\/p>\n\n\n\n<figure class=\"wp-block-image size-large\"><img fetchpriority=\"high\" decoding=\"async\" width=\"1024\" height=\"768\" src=\"https:\/\/contextoanalisisperiodistico.com\/wp-content\/uploads\/2024\/03\/img-20240321-wa00458470719675770272451-1024x768.jpg\" alt=\"\" class=\"wp-image-25313\" srcset=\"https:\/\/contextoanalisisperiodistico.com\/wp-content\/uploads\/2024\/03\/img-20240321-wa00458470719675770272451-1024x768.jpg 1024w, https:\/\/contextoanalisisperiodistico.com\/wp-content\/uploads\/2024\/03\/img-20240321-wa00458470719675770272451-300x225.jpg 300w, https:\/\/contextoanalisisperiodistico.com\/wp-content\/uploads\/2024\/03\/img-20240321-wa00458470719675770272451-768x576.jpg 768w, https:\/\/contextoanalisisperiodistico.com\/wp-content\/uploads\/2024\/03\/img-20240321-wa00458470719675770272451.jpg 1156w\" sizes=\"(max-width: 1024px) 100vw, 1024px\" \/><\/figure>\n\n\n\n<figure class=\"wp-block-image\"><img decoding=\"async\" width=\"1024\" height=\"768\" src=\"https:\/\/contextoanalisisperiodistico.com\/wp-content\/uploads\/2024\/03\/img-20240321-wa00429055099556310970191-1024x768.jpg\" alt=\"\" class=\"wp-image-25310\" srcset=\"https:\/\/contextoanalisisperiodistico.com\/wp-content\/uploads\/2024\/03\/img-20240321-wa00429055099556310970191-1024x768.jpg 1024w, https:\/\/contextoanalisisperiodistico.com\/wp-content\/uploads\/2024\/03\/img-20240321-wa00429055099556310970191-300x225.jpg 300w, https:\/\/contextoanalisisperiodistico.com\/wp-content\/uploads\/2024\/03\/img-20240321-wa00429055099556310970191-768x576.jpg 768w, https:\/\/contextoanalisisperiodistico.com\/wp-content\/uploads\/2024\/03\/img-20240321-wa00429055099556310970191.jpg 1156w\" sizes=\"(max-width: 1024px) 100vw, 1024px\" \/><\/figure>\n\n\n\n<figure class=\"wp-block-image\"><img decoding=\"async\" width=\"1024\" height=\"768\" src=\"https:\/\/contextoanalisisperiodistico.com\/wp-content\/uploads\/2024\/03\/img-20240321-wa00487668252822809572881-1024x768.jpg\" alt=\"\" class=\"wp-image-25312\" srcset=\"https:\/\/contextoanalisisperiodistico.com\/wp-content\/uploads\/2024\/03\/img-20240321-wa00487668252822809572881-1024x768.jpg 1024w, https:\/\/contextoanalisisperiodistico.com\/wp-content\/uploads\/2024\/03\/img-20240321-wa00487668252822809572881-300x225.jpg 300w, https:\/\/contextoanalisisperiodistico.com\/wp-content\/uploads\/2024\/03\/img-20240321-wa00487668252822809572881-768x576.jpg 768w, https:\/\/contextoanalisisperiodistico.com\/wp-content\/uploads\/2024\/03\/img-20240321-wa00487668252822809572881.jpg 1156w\" sizes=\"(max-width: 1024px) 100vw, 1024px\" \/><\/figure>\n\n\n\n<figure class=\"wp-block-image\"><img loading=\"lazy\" decoding=\"async\" width=\"1024\" height=\"768\" src=\"https:\/\/contextoanalisisperiodistico.com\/wp-content\/uploads\/2024\/03\/img-20240321-wa00465943787668872621855-1024x768.jpg\" alt=\"\" class=\"wp-image-25311\" srcset=\"https:\/\/contextoanalisisperiodistico.com\/wp-content\/uploads\/2024\/03\/img-20240321-wa00465943787668872621855-1024x768.jpg 1024w, https:\/\/contextoanalisisperiodistico.com\/wp-content\/uploads\/2024\/03\/img-20240321-wa00465943787668872621855-300x225.jpg 300w, https:\/\/contextoanalisisperiodistico.com\/wp-content\/uploads\/2024\/03\/img-20240321-wa00465943787668872621855-768x576.jpg 768w, https:\/\/contextoanalisisperiodistico.com\/wp-content\/uploads\/2024\/03\/img-20240321-wa00465943787668872621855.jpg 1156w\" sizes=\"(max-width: 1024px) 100vw, 1024px\" \/><\/figure>\n\n\n\n<figure class=\"wp-block-image\"><img loading=\"lazy\" decoding=\"async\" width=\"1024\" height=\"768\" src=\"https:\/\/contextoanalisisperiodistico.com\/wp-content\/uploads\/2024\/03\/img-20240321-wa00493201551905487089473-1024x768.jpg\" alt=\"\" class=\"wp-image-25315\" srcset=\"https:\/\/contextoanalisisperiodistico.com\/wp-content\/uploads\/2024\/03\/img-20240321-wa00493201551905487089473-1024x768.jpg 1024w, https:\/\/contextoanalisisperiodistico.com\/wp-content\/uploads\/2024\/03\/img-20240321-wa00493201551905487089473-300x225.jpg 300w, https:\/\/contextoanalisisperiodistico.com\/wp-content\/uploads\/2024\/03\/img-20240321-wa00493201551905487089473-768x576.jpg 768w, https:\/\/contextoanalisisperiodistico.com\/wp-content\/uploads\/2024\/03\/img-20240321-wa00493201551905487089473.jpg 1156w\" sizes=\"(max-width: 1024px) 100vw, 1024px\" \/><\/figure>\n\n\n\n<figure class=\"wp-block-image\"><img loading=\"lazy\" decoding=\"async\" width=\"1024\" height=\"1024\" src=\"https:\/\/contextoanalisisperiodistico.com\/wp-content\/uploads\/2024\/03\/img-20240321-wa00476259956514692368848-1024x1024.jpg\" alt=\"\" class=\"wp-image-25314\" srcset=\"https:\/\/contextoanalisisperiodistico.com\/wp-content\/uploads\/2024\/03\/img-20240321-wa00476259956514692368848-1024x1024.jpg 1024w, https:\/\/contextoanalisisperiodistico.com\/wp-content\/uploads\/2024\/03\/img-20240321-wa00476259956514692368848-300x300.jpg 300w, https:\/\/contextoanalisisperiodistico.com\/wp-content\/uploads\/2024\/03\/img-20240321-wa00476259956514692368848-150x150.jpg 150w, https:\/\/contextoanalisisperiodistico.com\/wp-content\/uploads\/2024\/03\/img-20240321-wa00476259956514692368848-768x768.jpg 768w, https:\/\/contextoanalisisperiodistico.com\/wp-content\/uploads\/2024\/03\/img-20240321-wa00476259956514692368848.jpg 1280w\" sizes=\"(max-width: 1024px) 100vw, 1024px\" \/><\/figure>\n\n\n\n<figure class=\"wp-block-image\"><img loading=\"lazy\" decoding=\"async\" width=\"1024\" height=\"768\" src=\"https:\/\/contextoanalisisperiodistico.com\/wp-content\/uploads\/2024\/03\/img-20240321-wa00437837692796632662925-1024x768.jpg\" alt=\"\" class=\"wp-image-25316\" srcset=\"https:\/\/contextoanalisisperiodistico.com\/wp-content\/uploads\/2024\/03\/img-20240321-wa00437837692796632662925-1024x768.jpg 1024w, https:\/\/contextoanalisisperiodistico.com\/wp-content\/uploads\/2024\/03\/img-20240321-wa00437837692796632662925-300x225.jpg 300w, https:\/\/contextoanalisisperiodistico.com\/wp-content\/uploads\/2024\/03\/img-20240321-wa00437837692796632662925-768x576.jpg 768w, https:\/\/contextoanalisisperiodistico.com\/wp-content\/uploads\/2024\/03\/img-20240321-wa00437837692796632662925.jpg 1156w\" sizes=\"(max-width: 1024px) 100vw, 1024px\" \/><\/figure>\n\n\n\n<p>Oaxaca de Ju\u00e1rez, Oax. 21 de marzo de 2024.- El Gobierno del Estado informa que a partir de este jueves 21 de marzo un destacamento conformado por 13 elementos de la Guardia Nacional se establecer\u00e1 en el municipio de San Pedro el Alto.<\/p>\n\n\n\n<p>Asimismo, 20 elementos de la Polic\u00eda Estatal iniciaron recorridos en diversos puntos de la poblaci\u00f3n. Lo anterior con el objetivo de garantizar la paz, seguridad y estabilidad social en el lugar.<\/p>\n\n\n\n<p>El destacamento de la Guardia Nacional se establecer\u00e1 en la rancher\u00eda El Tlacuache; mientras tanto, efectivos estatales realizaron recorridos en las comunidades de Cofrad\u00eda, El Tlacuache, El Gavil\u00e1n, El Polvor\u00edn, La Calabaza, R\u00edo Salinas, R\u00edo Capote, El Cantarito, Rancher\u00eda el Durazno y R\u00edo Manteca, as\u00ed como los parajes La Presa, El Perico, El Manzanal y El Puertecito.<\/p>\n\n\n\n<p>Estas acciones son parte del compromiso establecido por la Secretar\u00eda de Gobierno (Sego) el pasado 19 de marzo, en donde acord\u00f3 construir una estrategia de seguridad en la zona, con la instalaci\u00f3n de una mesa de di\u00e1logo entre autoridades comunales y personas comuneras de San Pedro el Alto, para atender el conflicto agrario que mantienen desde el a\u00f1o 2014 con Santo Domingo Teojomulco.<\/p>\n\n\n\n<p>En los pr\u00f3ximos d\u00edas la Secretar\u00eda de Gobernaci\u00f3n (Segob), Secretar\u00eda de Desarrollo Agrario, Territorial y Urbano (Sedatu), Procuradur\u00eda Federal de Protecci\u00f3n al Ambiente (Profepa), Secretar\u00eda de Medio Ambiente y Recursos Naturales (Semarnat), Comisi\u00f3n Nacional Forestal (Conafor) y la Comisi\u00f3n Nacional de \u00c1reas Naturales Protegidas (Conanp), del Gobierno de M\u00e9xico junto a dependencias homologas estatales, llevar\u00e1n a cabo una visita t\u00e9cnica en la zona del conflicto con la finalidad de establecer si existe deforestaci\u00f3n y tala inmoderada de bosques.<\/p>\n\n\n\n<p>Por su parte, la Sego inform\u00f3 que este jueves 21 de marzo sostuvo una mesa de di\u00e1logo con autoridades municipales y comunales de Santo Domingo Teojomulco, quienes manifestaron no estar cerrados al dialogo ni a la posibilidad de un acuerdo con San Pedro el Alto, con el objetivo de poner fin a este conflicto agrario.<\/p>\n\n\n\n<p>Finalmente, se estableci\u00f3 que la Junta de Conciliaci\u00f3n Agraria (JCA) contactar\u00e1 a autoridades de San Pedro el Alto para comunicar la propuesta de Santo Domingo Teojomulco, en busca de generar una mesa de trabajo con las autoridades de ambos municipios para los pr\u00f3ximos d\u00edas.<\/p>\n\n\n\n<p>-0-<\/p>\n","protected":false},"excerpt":{"rendered":"<p>\u2022 Dependencias federales y estatales visitar\u00e1n zona de conflicto para establecer si existe deforestaci\u00f3n y&#8230;<\/p>\n","protected":false},"author":4,"featured_media":25309,"comment_status":"","ping_status":"open","sticky":false,"template":"","format":"standard","meta":{"footnotes":""},"categories":[9],"tags":[],"jetpack_sharing_enabled":true,"featured_image_urls":{"full":["https:\/\/contextoanalisisperiodistico.com\/wp-content\/uploads\/2024\/03\/IMG-20240321-WA0044.jpg",1408,1056,false],"thumbnail":["https:\/\/contextoanalisisperiodistico.com\/wp-content\/uploads\/2024\/03\/IMG-20240321-WA0044-150x150.jpg",150,150,true],"medium":["https:\/\/contextoanalisisperiodistico.com\/wp-content\/uploads\/2024\/03\/IMG-20240321-WA0044-300x225.jpg",300,225,true],"medium_large":["https:\/\/contextoanalisisperiodistico.com\/wp-content\/uploads\/2024\/03\/IMG-20240321-WA0044-768x576.jpg",640,480,true],"large":["https:\/\/contextoanalisisperiodistico.com\/wp-content\/uploads\/2024\/03\/IMG-20240321-WA0044-1024x768.jpg",640,480,true],"1536x1536":["https:\/\/contextoanalisisperiodistico.com\/wp-content\/uploads\/2024\/03\/IMG-20240321-WA0044.jpg",1408,1056,false],"2048x2048":["https:\/\/contextoanalisisperiodistico.com\/wp-content\/uploads\/2024\/03\/IMG-20240321-WA0044.jpg",1408,1056,false],"covernews-slider-full":["https:\/\/contextoanalisisperiodistico.com\/wp-content\/uploads\/2024\/03\/IMG-20240321-WA0044-1115x715.jpg",1115,715,true],"covernews-slider-center":["https:\/\/contextoanalisisperiodistico.com\/wp-content\/uploads\/2024\/03\/IMG-20240321-WA0044-800x500.jpg",800,500,true],"covernews-featured":["https:\/\/contextoanalisisperiodistico.com\/wp-content\/uploads\/2024\/03\/IMG-20240321-WA0044-1024x768.jpg",1024,768,true],"covernews-medium":["https:\/\/contextoanalisisperiodistico.com\/wp-content\/uploads\/2024\/03\/IMG-20240321-WA0044-540x340.jpg",540,340,true],"covernews-medium-square":["https:\/\/contextoanalisisperiodistico.com\/wp-content\/uploads\/2024\/03\/IMG-20240321-WA0044-400x250.jpg",400,250,true]},"author_info":{"display_name":"Mario Gir\u00f3n","author_link":"https:\/\/contextoanalisisperiodistico.com\/index.php\/author\/director\/"},"category_info":"<a href=\"https:\/\/contextoanalisisperiodistico.com\/index.php\/category\/politica\/\" rel=\"category tag\">Pol\u00edtica<\/a>","tag_info":"Pol\u00edtica","comment_count":"0","jetpack_featured_media_url":"https:\/\/contextoanalisisperiodistico.com\/wp-content\/uploads\/2024\/03\/IMG-20240321-WA0044.jpg","_links":{"self":[{"href":"https:\/\/contextoanalisisperiodistico.com\/index.php\/wp-json\/wp\/v2\/posts\/25317"}],"collection":[{"href":"https:\/\/contextoanalisisperiodistico.com\/index.php\/wp-json\/wp\/v2\/posts"}],"about":[{"href":"https:\/\/contextoanalisisperiodistico.com\/index.php\/wp-json\/wp\/v2\/types\/post"}],"author":[{"embeddable":true,"href":"https:\/\/contextoanalisisperiodistico.com\/index.php\/wp-json\/wp\/v2\/users\/4"}],"replies":[{"embeddable":true,"href":"https:\/\/contextoanalisisperiodistico.com\/index.php\/wp-json\/wp\/v2\/comments?post=25317"}],"version-history":[{"count":0,"href":"https:\/\/contextoanalisisperiodistico.com\/index.php\/wp-json\/wp\/v2\/posts\/25317\/revisions"}],"wp:featuredmedia":[{"embeddable":true,"href":"https:\/\/contextoanalisisperiodistico.com\/index.php\/wp-json\/wp\/v2\/media\/25309"}],"wp:attachment":[{"href":"https:\/\/contextoanalisisperiodistico.com\/index.php\/wp-json\/wp\/v2\/media?parent=25317"}],"wp:term":[{"taxonomy":"category","embeddable":true,"href":"https:\/\/contextoanalisisperiodistico.com\/index.php\/wp-json\/wp\/v2\/categories?post=25317"},{"taxonomy":"post_tag","embeddable":true,"href":"https:\/\/contextoanalisisperiodistico.com\/index.php\/wp-json\/wp\/v2\/tags?post=25317"}],"curies":[{"name":"wp","href":"https:\/\/api.w.org\/{rel}","templated":true}]}}