{"id":25308,"date":"2024-03-21T18:15:12","date_gmt":"2024-03-22T00:15:12","guid":{"rendered":"https:\/\/contextoanalisisperiodistico.com\/index.php\/2024\/03\/21\/congruencia-y-amor-al-pueblo-la-mejor-honra-a-la-memoria-y-legado-de-benito-juarez-garcia\/"},"modified":"2024-03-21T18:15:12","modified_gmt":"2024-03-22T00:15:12","slug":"congruencia-y-amor-al-pueblo-la-mejor-honra-a-la-memoria-y-legado-de-benito-juarez-garcia","status":"publish","type":"post","link":"https:\/\/contextoanalisisperiodistico.com\/index.php\/2024\/03\/21\/congruencia-y-amor-al-pueblo-la-mejor-honra-a-la-memoria-y-legado-de-benito-juarez-garcia\/","title":{"rendered":"Congruencia y amor al pueblo, la mejor honra a la memoria y legado de Benito Ju\u00e1rez Garc\u00eda"},"content":{"rendered":"<div id=\"fb-root\"><\/div>\n\n<p>\u2022 El Presidente de M\u00e9xico, Andr\u00e9s Manuel L\u00f3pez Obrador y el Gobernador Salom\u00f3n Jara Cruz encabezaron la ceremonia del 218 Aniversario del Natalicio del Benem\u00e9rito de las Am\u00e9ricas<\/p>\n\n\n\n<figure class=\"wp-block-image size-large\"><img fetchpriority=\"high\" decoding=\"async\" width=\"1024\" height=\"576\" src=\"https:\/\/contextoanalisisperiodistico.com\/wp-content\/uploads\/2024\/03\/img-20240321-wa00392195201392697020717-1024x576.jpg\" alt=\"\" class=\"wp-image-25307\" srcset=\"https:\/\/contextoanalisisperiodistico.com\/wp-content\/uploads\/2024\/03\/img-20240321-wa00392195201392697020717-1024x576.jpg 1024w, https:\/\/contextoanalisisperiodistico.com\/wp-content\/uploads\/2024\/03\/img-20240321-wa00392195201392697020717-300x169.jpg 300w, https:\/\/contextoanalisisperiodistico.com\/wp-content\/uploads\/2024\/03\/img-20240321-wa00392195201392697020717-768x432.jpg 768w, https:\/\/contextoanalisisperiodistico.com\/wp-content\/uploads\/2024\/03\/img-20240321-wa00392195201392697020717.jpg 1280w\" sizes=\"(max-width: 1024px) 100vw, 1024px\" \/><\/figure>\n\n\n\n<figure class=\"wp-block-image\"><img decoding=\"async\" width=\"1024\" height=\"576\" src=\"https:\/\/contextoanalisisperiodistico.com\/wp-content\/uploads\/2024\/03\/img-20240321-wa00381954069235172992841-1024x576.jpg\" alt=\"\" class=\"wp-image-25306\" srcset=\"https:\/\/contextoanalisisperiodistico.com\/wp-content\/uploads\/2024\/03\/img-20240321-wa00381954069235172992841-1024x576.jpg 1024w, https:\/\/contextoanalisisperiodistico.com\/wp-content\/uploads\/2024\/03\/img-20240321-wa00381954069235172992841-300x169.jpg 300w, https:\/\/contextoanalisisperiodistico.com\/wp-content\/uploads\/2024\/03\/img-20240321-wa00381954069235172992841-768x432.jpg 768w, https:\/\/contextoanalisisperiodistico.com\/wp-content\/uploads\/2024\/03\/img-20240321-wa00381954069235172992841.jpg 1280w\" sizes=\"(max-width: 1024px) 100vw, 1024px\" \/><\/figure>\n\n\n\n<p>\u2022 \u201cHonremos la memoria de Benito Pablo Ju\u00e1rez Garc\u00eda replicando sus ense\u00f1anzas y llevando adelante su legado de justicia, igualdad y libertad para todas y todos los mexicanos\u201d, puntualiz\u00f3 el Mandatario estatal<\/p>\n\n\n\n<p>Guelatao de Ju\u00e1rez, Oax. 21 de marzo de 2024.- Desde el coraz\u00f3n de la tierra serrana que vio nacer al Benem\u00e9rito de las Am\u00e9ricas, el Presidente de M\u00e9xico Andr\u00e9s Manuel L\u00f3pez Obrador y el Gobernador de Oaxaca Salom\u00f3n Jara Cruz encabezaron la ceremonia del 218 Aniversario del Natalicio de Benito Ju\u00e1rez, hombre zapoteco, liberal, dem\u00f3crata y defensor incansable del inter\u00e9s superior de la Rep\u00fablica Mexicana.<\/p>\n\n\n\n<p>El Mandatario estatal destac\u00f3 que el 21 de marzo es uno de los d\u00edas m\u00e1s significativos para la memoria del pa\u00eds. Fue en 1806 cuando esta comunidad vio a quien se convertir\u00eda en el mejor Presidente de la historia de M\u00e9xico, refiri\u00f3.<\/p>\n\n\n\n<p>Indic\u00f3 que no hay mejor forma de conmemorar el natalicio de este gran hombre que construy\u00f3 su propio camino a la inmortalidad, sino honrando su legado y siguiendo su ejemplo de congruencia y de amor al pueblo.<\/p>\n\n\n\n<p>\u201cHonremos la memoria de Benito Pablo Ju\u00e1rez Garc\u00eda replicando sus ense\u00f1anzas y llevando adelante su legado de justicia, igualdad y libertad para todas y todos los mexicanos\u201d, puntualiz\u00f3.<\/p>\n\n\n\n<p>Ante representantes de los Poderes Legislativo y Judicial, as\u00ed como de los gobiernos federal, estatal y municipal, gobernadoras y gobernadores del pa\u00eds, Jara Cruz se\u00f1al\u00f3 que el m\u00e1s grande estadista de la historia del pa\u00eds encabez\u00f3 la lucha contra las estructuras coloniales, la resistencia y la restauraci\u00f3n de la Rep\u00fablica y le dio a M\u00e9xico la reputaci\u00f3n y el lugar que le pertenec\u00eda en el \u00e1mbito internacional.<\/p>\n\n\n\n<p>\u201cJu\u00e1rez, el hombre, el gigante, es el h\u00e9roe que encarna y representa los ideales m\u00e1ximos de quienes creemos que el poder carece de sentido cuando se gobierna contra la voluntad de los pueblos\u201d, puntualiz\u00f3.<\/p>\n\n\n\n<p>Benito Ju\u00e1rez, es el ejemplo m\u00e1s valioso del pa\u00eds: Presidente de M\u00e9xico<\/p>\n\n\n\n<p>El Jefe del Poder Ejecutivo Federal, Andr\u00e9s Manuel L\u00f3pez Obrador destac\u00f3 la vida y obra del licenciado Benito Ju\u00e1rez Garc\u00eda, estadista que ocup\u00f3 diversos cargos p\u00fablicos, convirti\u00e9ndolo en una de las figuras m\u00e1s simb\u00f3licas de la Rep\u00fablica y la m\u00e1s respetada por las mexicanas y los mexicanos.<\/p>\n\n\n\n<p>Refiri\u00f3 que el ejemplo de Benito Ju\u00e1rez es uno de los recursos m\u00e1s valiosos del pa\u00eds. \u201cMuy pocos individuos en el mundo han sido como \u00e9l, una combinaci\u00f3n tan integra y arm\u00f3nica de dignidad y modestia; de visi\u00f3n hist\u00f3rica y entrega al servicio de sus compatriotas; de genio pol\u00edtico y tes\u00f3n perseverante para transcender por sobre las adversidades personales y los infortunios nacionales\u201d.<\/p>\n\n\n\n<p>A\u00f1adi\u00f3: Nadie como \u00e9l encarna con tal perfecci\u00f3n la voluntad indoblegable del pueblo mexicano y su determinaci\u00f3n de soberan\u00eda, de paz, progreso, bienestar, respeto a la ley y defensa de los principios.<\/p>\n\n\n\n<p>Antes, el alumno Ren\u00e9 Mart\u00ednez Ruiz de la primaria Morelos de La Trinidad de Ixtl\u00e1n, Santiago Xiacu\u00ed, declam\u00f3 la poes\u00eda \u201cA Ju\u00e1rez\u201d, en tanto el presidente municipal de Guelatao de Ju\u00e1rez, Aldo Gonz\u00e1lez Rojas reconoci\u00f3 la vida y obra del estadista y el orgullo de los pueblos originarios.<\/p>\n\n\n\n<p>Al t\u00e9rmino, las personas asistentes montaron una guardia de honor y depositaron una ofrenda floral al monumento del Coloso de Guelatao.<\/p>\n\n\n\n<p>-0-<\/p>\n","protected":false},"excerpt":{"rendered":"<p>\u2022 El Presidente de M\u00e9xico, Andr\u00e9s Manuel L\u00f3pez Obrador y el Gobernador Salom\u00f3n Jara Cruz&#8230;<\/p>\n","protected":false},"author":4,"featured_media":25305,"comment_status":"","ping_status":"open","sticky":false,"template":"","format":"standard","meta":{"footnotes":""},"categories":[9],"tags":[],"jetpack_sharing_enabled":true,"featured_image_urls":{"full":["https:\/\/contextoanalisisperiodistico.com\/wp-content\/uploads\/2024\/03\/IMG-20240321-WA0037.jpg",837,666,false],"thumbnail":["https:\/\/contextoanalisisperiodistico.com\/wp-content\/uploads\/2024\/03\/IMG-20240321-WA0037-150x150.jpg",150,150,true],"medium":["https:\/\/contextoanalisisperiodistico.com\/wp-content\/uploads\/2024\/03\/IMG-20240321-WA0037-300x239.jpg",300,239,true],"medium_large":["https:\/\/contextoanalisisperiodistico.com\/wp-content\/uploads\/2024\/03\/IMG-20240321-WA0037-768x611.jpg",640,509,true],"large":["https:\/\/contextoanalisisperiodistico.com\/wp-content\/uploads\/2024\/03\/IMG-20240321-WA0037.jpg",640,509,false],"1536x1536":["https:\/\/contextoanalisisperiodistico.com\/wp-content\/uploads\/2024\/03\/IMG-20240321-WA0037.jpg",837,666,false],"2048x2048":["https:\/\/contextoanalisisperiodistico.com\/wp-content\/uploads\/2024\/03\/IMG-20240321-WA0037.jpg",837,666,false],"covernews-slider-full":["https:\/\/contextoanalisisperiodistico.com\/wp-content\/uploads\/2024\/03\/IMG-20240321-WA0037.jpg",837,666,false],"covernews-slider-center":["https:\/\/contextoanalisisperiodistico.com\/wp-content\/uploads\/2024\/03\/IMG-20240321-WA0037-800x500.jpg",800,500,true],"covernews-featured":["https:\/\/contextoanalisisperiodistico.com\/wp-content\/uploads\/2024\/03\/IMG-20240321-WA0037.jpg",837,666,false],"covernews-medium":["https:\/\/contextoanalisisperiodistico.com\/wp-content\/uploads\/2024\/03\/IMG-20240321-WA0037-540x340.jpg",540,340,true],"covernews-medium-square":["https:\/\/contextoanalisisperiodistico.com\/wp-content\/uploads\/2024\/03\/IMG-20240321-WA0037-400x250.jpg",400,250,true]},"author_info":{"display_name":"Mario Gir\u00f3n","author_link":"https:\/\/contextoanalisisperiodistico.com\/index.php\/author\/director\/"},"category_info":"<a href=\"https:\/\/contextoanalisisperiodistico.com\/index.php\/category\/politica\/\" rel=\"category tag\">Pol\u00edtica<\/a>","tag_info":"Pol\u00edtica","comment_count":"0","jetpack_featured_media_url":"https:\/\/contextoanalisisperiodistico.com\/wp-content\/uploads\/2024\/03\/IMG-20240321-WA0037.jpg","_links":{"self":[{"href":"https:\/\/contextoanalisisperiodistico.com\/index.php\/wp-json\/wp\/v2\/posts\/25308"}],"collection":[{"href":"https:\/\/contextoanalisisperiodistico.com\/index.php\/wp-json\/wp\/v2\/posts"}],"about":[{"href":"https:\/\/contextoanalisisperiodistico.com\/index.php\/wp-json\/wp\/v2\/types\/post"}],"author":[{"embeddable":true,"href":"https:\/\/contextoanalisisperiodistico.com\/index.php\/wp-json\/wp\/v2\/users\/4"}],"replies":[{"embeddable":true,"href":"https:\/\/contextoanalisisperiodistico.com\/index.php\/wp-json\/wp\/v2\/comments?post=25308"}],"version-history":[{"count":0,"href":"https:\/\/contextoanalisisperiodistico.com\/index.php\/wp-json\/wp\/v2\/posts\/25308\/revisions"}],"wp:featuredmedia":[{"embeddable":true,"href":"https:\/\/contextoanalisisperiodistico.com\/index.php\/wp-json\/wp\/v2\/media\/25305"}],"wp:attachment":[{"href":"https:\/\/contextoanalisisperiodistico.com\/index.php\/wp-json\/wp\/v2\/media?parent=25308"}],"wp:term":[{"taxonomy":"category","embeddable":true,"href":"https:\/\/contextoanalisisperiodistico.com\/index.php\/wp-json\/wp\/v2\/categories?post=25308"},{"taxonomy":"post_tag","embeddable":true,"href":"https:\/\/contextoanalisisperiodistico.com\/index.php\/wp-json\/wp\/v2\/tags?post=25308"}],"curies":[{"name":"wp","href":"https:\/\/api.w.org\/{rel}","templated":true}]}}