{"id":25304,"date":"2024-03-21T15:41:42","date_gmt":"2024-03-21T21:41:42","guid":{"rendered":"https:\/\/contextoanalisisperiodistico.com\/index.php\/2024\/03\/21\/elevadas-temperaturas-modifican-calidad-del-aire-en-la-zona-metropolitana-de-oaxaca\/"},"modified":"2024-03-21T15:41:42","modified_gmt":"2024-03-21T21:41:42","slug":"elevadas-temperaturas-modifican-calidad-del-aire-en-la-zona-metropolitana-de-oaxaca","status":"publish","type":"post","link":"https:\/\/contextoanalisisperiodistico.com\/index.php\/2024\/03\/21\/elevadas-temperaturas-modifican-calidad-del-aire-en-la-zona-metropolitana-de-oaxaca\/","title":{"rendered":"Elevadas temperaturas modifican calidad del aire en la Zona Metropolitana de Oaxaca"},"content":{"rendered":"<div id=\"fb-root\"><\/div>\n\n<p>\u2022 Se recomienda a la poblaci\u00f3n en general reducir actividades f\u00edsicas para evitar afectaciones a la salud y respiratorias<\/p>\n\n\n\n<figure class=\"wp-block-image size-large\"><img fetchpriority=\"high\" decoding=\"async\" width=\"1024\" height=\"1024\" src=\"https:\/\/contextoanalisisperiodistico.com\/wp-content\/uploads\/2024\/03\/img-20240321-wa00343572158900502661574-1024x1024.jpg\" alt=\"\" class=\"wp-image-25303\" srcset=\"https:\/\/contextoanalisisperiodistico.com\/wp-content\/uploads\/2024\/03\/img-20240321-wa00343572158900502661574-1024x1024.jpg 1024w, https:\/\/contextoanalisisperiodistico.com\/wp-content\/uploads\/2024\/03\/img-20240321-wa00343572158900502661574-300x300.jpg 300w, https:\/\/contextoanalisisperiodistico.com\/wp-content\/uploads\/2024\/03\/img-20240321-wa00343572158900502661574-150x150.jpg 150w, https:\/\/contextoanalisisperiodistico.com\/wp-content\/uploads\/2024\/03\/img-20240321-wa00343572158900502661574-768x768.jpg 768w, https:\/\/contextoanalisisperiodistico.com\/wp-content\/uploads\/2024\/03\/img-20240321-wa00343572158900502661574-1536x1536.jpg 1536w, https:\/\/contextoanalisisperiodistico.com\/wp-content\/uploads\/2024\/03\/img-20240321-wa00343572158900502661574.jpg 1600w\" sizes=\"(max-width: 1024px) 100vw, 1024px\" \/><\/figure>\n\n\n\n<p>Tlalixtac de Cabrera, Oax. 21 de marzo de 2024.- Derivado de la concentraci\u00f3n de gases y altas temperaturas registradas en la entidad, este jueves 21 de marzo el aire en la Zona Metropolitana de la Ciudad de Oaxaca (ZMCO) presenta una mala calidad dentro de la semaforizaci\u00f3n ambiental.<\/p>\n\n\n\n<p>Por tal motivo y con base en los criterios de la Norma Oficial Mexicana NOM-172-SEMARNAT-2019, la Secretar\u00eda de Medio Ambiente, Biodiversidad, Energ\u00edas y Sostenibilidad recomienda a la poblaci\u00f3n en general, especialmente a los grupos prioritarios, reducir actividades f\u00edsicas tanto moderadas como vigorosas al aire libre, para evitar cualquier afectaci\u00f3n a la salud, en especial con temas respiratorios.<\/p>\n\n\n\n<p>Este monitoreo se realiza de manera permanente a trav\u00e9s de dos estaciones que determinan las concentraciones de ozono (O3), mon\u00f3xido de carbono (CO), di\u00f3xido de azufre (SO2), di\u00f3xido de nitr\u00f3geno (NO2) y part\u00edculas suspendidas menores a 10 y 2.5 micr\u00f3metros (PM10 y PM2.5) presentes en el aire.<\/p>\n\n\n\n<p>Para obtener los niveles de calidad del aire se miden los par\u00e1metros como la temperatura, velocidad y direcci\u00f3n del viento, radiaci\u00f3n solar, humedad relativa y presi\u00f3n barom\u00e9trica.<\/p>\n\n\n\n<p>-0-<\/p>\n","protected":false},"excerpt":{"rendered":"<p>\u2022 Se recomienda a la poblaci\u00f3n en general reducir actividades f\u00edsicas para evitar afectaciones a&#8230;<\/p>\n","protected":false},"author":4,"featured_media":25302,"comment_status":"","ping_status":"open","sticky":false,"template":"","format":"standard","meta":{"footnotes":""},"categories":[9],"tags":[],"jetpack_sharing_enabled":true,"featured_image_urls":{"full":["https:\/\/contextoanalisisperiodistico.com\/wp-content\/uploads\/2024\/03\/IMG-20240321-WA0033.jpg",828,1032,false],"thumbnail":["https:\/\/contextoanalisisperiodistico.com\/wp-content\/uploads\/2024\/03\/IMG-20240321-WA0033-150x150.jpg",150,150,true],"medium":["https:\/\/contextoanalisisperiodistico.com\/wp-content\/uploads\/2024\/03\/IMG-20240321-WA0033-241x300.jpg",241,300,true],"medium_large":["https:\/\/contextoanalisisperiodistico.com\/wp-content\/uploads\/2024\/03\/IMG-20240321-WA0033-768x957.jpg",640,798,true],"large":["https:\/\/contextoanalisisperiodistico.com\/wp-content\/uploads\/2024\/03\/IMG-20240321-WA0033-822x1024.jpg",640,797,true],"1536x1536":["https:\/\/contextoanalisisperiodistico.com\/wp-content\/uploads\/2024\/03\/IMG-20240321-WA0033.jpg",828,1032,false],"2048x2048":["https:\/\/contextoanalisisperiodistico.com\/wp-content\/uploads\/2024\/03\/IMG-20240321-WA0033.jpg",828,1032,false],"covernews-slider-full":["https:\/\/contextoanalisisperiodistico.com\/wp-content\/uploads\/2024\/03\/IMG-20240321-WA0033-828x715.jpg",828,715,true],"covernews-slider-center":["https:\/\/contextoanalisisperiodistico.com\/wp-content\/uploads\/2024\/03\/IMG-20240321-WA0033-800x500.jpg",800,500,true],"covernews-featured":["https:\/\/contextoanalisisperiodistico.com\/wp-content\/uploads\/2024\/03\/IMG-20240321-WA0033.jpg",828,1032,false],"covernews-medium":["https:\/\/contextoanalisisperiodistico.com\/wp-content\/uploads\/2024\/03\/IMG-20240321-WA0033-540x340.jpg",540,340,true],"covernews-medium-square":["https:\/\/contextoanalisisperiodistico.com\/wp-content\/uploads\/2024\/03\/IMG-20240321-WA0033-400x250.jpg",400,250,true]},"author_info":{"display_name":"Mario Gir\u00f3n","author_link":"https:\/\/contextoanalisisperiodistico.com\/index.php\/author\/director\/"},"category_info":"<a href=\"https:\/\/contextoanalisisperiodistico.com\/index.php\/category\/politica\/\" rel=\"category tag\">Pol\u00edtica<\/a>","tag_info":"Pol\u00edtica","comment_count":"0","jetpack_featured_media_url":"https:\/\/contextoanalisisperiodistico.com\/wp-content\/uploads\/2024\/03\/IMG-20240321-WA0033.jpg","_links":{"self":[{"href":"https:\/\/contextoanalisisperiodistico.com\/index.php\/wp-json\/wp\/v2\/posts\/25304"}],"collection":[{"href":"https:\/\/contextoanalisisperiodistico.com\/index.php\/wp-json\/wp\/v2\/posts"}],"about":[{"href":"https:\/\/contextoanalisisperiodistico.com\/index.php\/wp-json\/wp\/v2\/types\/post"}],"author":[{"embeddable":true,"href":"https:\/\/contextoanalisisperiodistico.com\/index.php\/wp-json\/wp\/v2\/users\/4"}],"replies":[{"embeddable":true,"href":"https:\/\/contextoanalisisperiodistico.com\/index.php\/wp-json\/wp\/v2\/comments?post=25304"}],"version-history":[{"count":0,"href":"https:\/\/contextoanalisisperiodistico.com\/index.php\/wp-json\/wp\/v2\/posts\/25304\/revisions"}],"wp:featuredmedia":[{"embeddable":true,"href":"https:\/\/contextoanalisisperiodistico.com\/index.php\/wp-json\/wp\/v2\/media\/25302"}],"wp:attachment":[{"href":"https:\/\/contextoanalisisperiodistico.com\/index.php\/wp-json\/wp\/v2\/media?parent=25304"}],"wp:term":[{"taxonomy":"category","embeddable":true,"href":"https:\/\/contextoanalisisperiodistico.com\/index.php\/wp-json\/wp\/v2\/categories?post=25304"},{"taxonomy":"post_tag","embeddable":true,"href":"https:\/\/contextoanalisisperiodistico.com\/index.php\/wp-json\/wp\/v2\/tags?post=25304"}],"curies":[{"name":"wp","href":"https:\/\/api.w.org\/{rel}","templated":true}]}}