{"id":25301,"date":"2024-03-21T13:58:20","date_gmt":"2024-03-21T19:58:20","guid":{"rendered":"https:\/\/contextoanalisisperiodistico.com\/index.php\/2024\/03\/21\/juarez-referente-del-movimiento-transformador-de-mexico-destaca-nino-morales\/"},"modified":"2024-03-21T13:58:20","modified_gmt":"2024-03-21T19:58:20","slug":"juarez-referente-del-movimiento-transformador-de-mexico-destaca-nino-morales","status":"publish","type":"post","link":"https:\/\/contextoanalisisperiodistico.com\/index.php\/2024\/03\/21\/juarez-referente-del-movimiento-transformador-de-mexico-destaca-nino-morales\/","title":{"rendered":"Ju\u00e1rez, referente del movimiento transformador de M\u00e9xico, destaca Nino Morales"},"content":{"rendered":"<div id=\"fb-root\"><\/div>\n\n<p>Redacci\u00f3n<\/p>\n\n\n\n<figure class=\"wp-block-image size-large\"><img fetchpriority=\"high\" decoding=\"async\" width=\"1024\" height=\"703\" src=\"https:\/\/contextoanalisisperiodistico.com\/wp-content\/uploads\/2024\/03\/img-20240321-wa00303078160914633651896-1024x703.jpg\" alt=\"\" class=\"wp-image-25300\" srcset=\"https:\/\/contextoanalisisperiodistico.com\/wp-content\/uploads\/2024\/03\/img-20240321-wa00303078160914633651896-1024x703.jpg 1024w, https:\/\/contextoanalisisperiodistico.com\/wp-content\/uploads\/2024\/03\/img-20240321-wa00303078160914633651896-300x206.jpg 300w, https:\/\/contextoanalisisperiodistico.com\/wp-content\/uploads\/2024\/03\/img-20240321-wa00303078160914633651896-768x527.jpg 768w, https:\/\/contextoanalisisperiodistico.com\/wp-content\/uploads\/2024\/03\/img-20240321-wa00303078160914633651896-1536x1054.jpg 1536w, https:\/\/contextoanalisisperiodistico.com\/wp-content\/uploads\/2024\/03\/img-20240321-wa00303078160914633651896.jpg 1600w\" sizes=\"(max-width: 1024px) 100vw, 1024px\" \/><\/figure>\n\n\n\n<p>Al afirmar que don Benito Ju\u00e1rez es el impulsor de la Segunda transformaci\u00f3n de M\u00e9xico, Nino Morales candidato de MORENA al Senado por Oaxaca, mont\u00f3 guardia de honor con motivo del natalicio del Benem\u00e9rito, en la explanada municipal de la Heroica ciudad de Tlaxiaco, en la Mixteca oaxaque\u00f1a.<\/p>\n\n\n\n<p>\u00abHoy conmemoramos el 218 Aniversario del natalicio de Don Benito Ju\u00e1rez Garc\u00eda, un referente de los principios de nuestro movimiento\u00bb, dijo en sus redes sociales, el tambi\u00e9n candidato ind\u00edgena originario de la regi\u00f3n del Istmo<\/p>\n\n\n\n<p>Nino Morales quien es hablante activo de su lengua materna el zapoteco, afirm\u00f3 que don Benito Ju\u00e1rez Garc\u00eda, tambi\u00e9n fue promotor del pensamiento liberal que dio rumbo a la Patria.<\/p>\n\n\n\n<p>Sin duda que el Benem\u00e9rito don Benito Ju\u00e1rez, es uno de los importantes hombres de la historia de M\u00e9xico, es referente de los principios de nuestro movimiento e impulsor de la segunda transformaci\u00f3n de nuestro pa\u00eds, agreg\u00f3 Nino Morales, joven pol\u00edtico de Morena.<\/p>\n","protected":false},"excerpt":{"rendered":"<p>Redacci\u00f3n Al afirmar que don Benito Ju\u00e1rez es el impulsor de la Segunda transformaci\u00f3n de&#8230;<\/p>\n","protected":false},"author":4,"featured_media":25299,"comment_status":"","ping_status":"open","sticky":false,"template":"","format":"standard","meta":{"footnotes":""},"categories":[9],"tags":[],"jetpack_sharing_enabled":true,"featured_image_urls":{"full":["https:\/\/contextoanalisisperiodistico.com\/wp-content\/uploads\/2024\/03\/IMG-20240321-WA0029.jpg",1600,1594,false],"thumbnail":["https:\/\/contextoanalisisperiodistico.com\/wp-content\/uploads\/2024\/03\/IMG-20240321-WA0029-150x150.jpg",150,150,true],"medium":["https:\/\/contextoanalisisperiodistico.com\/wp-content\/uploads\/2024\/03\/IMG-20240321-WA0029-300x300.jpg",300,300,true],"medium_large":["https:\/\/contextoanalisisperiodistico.com\/wp-content\/uploads\/2024\/03\/IMG-20240321-WA0029-768x765.jpg",640,638,true],"large":["https:\/\/contextoanalisisperiodistico.com\/wp-content\/uploads\/2024\/03\/IMG-20240321-WA0029-1024x1020.jpg",640,638,true],"1536x1536":["https:\/\/contextoanalisisperiodistico.com\/wp-content\/uploads\/2024\/03\/IMG-20240321-WA0029-1536x1530.jpg",1536,1530,true],"2048x2048":["https:\/\/contextoanalisisperiodistico.com\/wp-content\/uploads\/2024\/03\/IMG-20240321-WA0029.jpg",1600,1594,false],"covernews-slider-full":["https:\/\/contextoanalisisperiodistico.com\/wp-content\/uploads\/2024\/03\/IMG-20240321-WA0029-1115x715.jpg",1115,715,true],"covernews-slider-center":["https:\/\/contextoanalisisperiodistico.com\/wp-content\/uploads\/2024\/03\/IMG-20240321-WA0029-800x500.jpg",800,500,true],"covernews-featured":["https:\/\/contextoanalisisperiodistico.com\/wp-content\/uploads\/2024\/03\/IMG-20240321-WA0029-1024x1020.jpg",1024,1020,true],"covernews-medium":["https:\/\/contextoanalisisperiodistico.com\/wp-content\/uploads\/2024\/03\/IMG-20240321-WA0029-540x340.jpg",540,340,true],"covernews-medium-square":["https:\/\/contextoanalisisperiodistico.com\/wp-content\/uploads\/2024\/03\/IMG-20240321-WA0029-400x250.jpg",400,250,true]},"author_info":{"display_name":"Mario Gir\u00f3n","author_link":"https:\/\/contextoanalisisperiodistico.com\/index.php\/author\/director\/"},"category_info":"<a href=\"https:\/\/contextoanalisisperiodistico.com\/index.php\/category\/politica\/\" rel=\"category tag\">Pol\u00edtica<\/a>","tag_info":"Pol\u00edtica","comment_count":"0","jetpack_featured_media_url":"https:\/\/contextoanalisisperiodistico.com\/wp-content\/uploads\/2024\/03\/IMG-20240321-WA0029.jpg","_links":{"self":[{"href":"https:\/\/contextoanalisisperiodistico.com\/index.php\/wp-json\/wp\/v2\/posts\/25301"}],"collection":[{"href":"https:\/\/contextoanalisisperiodistico.com\/index.php\/wp-json\/wp\/v2\/posts"}],"about":[{"href":"https:\/\/contextoanalisisperiodistico.com\/index.php\/wp-json\/wp\/v2\/types\/post"}],"author":[{"embeddable":true,"href":"https:\/\/contextoanalisisperiodistico.com\/index.php\/wp-json\/wp\/v2\/users\/4"}],"replies":[{"embeddable":true,"href":"https:\/\/contextoanalisisperiodistico.com\/index.php\/wp-json\/wp\/v2\/comments?post=25301"}],"version-history":[{"count":0,"href":"https:\/\/contextoanalisisperiodistico.com\/index.php\/wp-json\/wp\/v2\/posts\/25301\/revisions"}],"wp:featuredmedia":[{"embeddable":true,"href":"https:\/\/contextoanalisisperiodistico.com\/index.php\/wp-json\/wp\/v2\/media\/25299"}],"wp:attachment":[{"href":"https:\/\/contextoanalisisperiodistico.com\/index.php\/wp-json\/wp\/v2\/media?parent=25301"}],"wp:term":[{"taxonomy":"category","embeddable":true,"href":"https:\/\/contextoanalisisperiodistico.com\/index.php\/wp-json\/wp\/v2\/categories?post=25301"},{"taxonomy":"post_tag","embeddable":true,"href":"https:\/\/contextoanalisisperiodistico.com\/index.php\/wp-json\/wp\/v2\/tags?post=25301"}],"curies":[{"name":"wp","href":"https:\/\/api.w.org\/{rel}","templated":true}]}}