{"id":25298,"date":"2024-03-21T13:50:33","date_gmt":"2024-03-21T19:50:33","guid":{"rendered":"https:\/\/contextoanalisisperiodistico.com\/index.php\/2024\/03\/21\/integran-imss-y-opd-imss-bienestar-mayoria-en-cobertura-medica-de-poblacion\/"},"modified":"2024-03-21T13:50:33","modified_gmt":"2024-03-21T19:50:33","slug":"integran-imss-y-opd-imss-bienestar-mayoria-en-cobertura-medica-de-poblacion","status":"publish","type":"post","link":"https:\/\/contextoanalisisperiodistico.com\/index.php\/2024\/03\/21\/integran-imss-y-opd-imss-bienestar-mayoria-en-cobertura-medica-de-poblacion\/","title":{"rendered":"Integran IMSS y OPD IMSS-Bienestar mayor\u00eda en cobertura m\u00e9dica de poblaci\u00f3n"},"content":{"rendered":"<div id=\"fb-root\"><\/div>\n\n<p>\u2022 Se clausuraron los trabajos de las Reuniones Nacionales de Coordinadores Estatales del IMSS-Bienestar, y de los titulares de las Representaciones y UMAE del Seguro Social R\u00e9gimen Ordinario<\/p>\n\n\n\n<figure class=\"wp-block-image size-large\"><img fetchpriority=\"high\" decoding=\"async\" width=\"720\" height=\"480\" src=\"https:\/\/contextoanalisisperiodistico.com\/wp-content\/uploads\/2024\/03\/img-20240321-wa00234865194397679249410.jpg\" alt=\"\" class=\"wp-image-25294\" srcset=\"https:\/\/contextoanalisisperiodistico.com\/wp-content\/uploads\/2024\/03\/img-20240321-wa00234865194397679249410.jpg 720w, https:\/\/contextoanalisisperiodistico.com\/wp-content\/uploads\/2024\/03\/img-20240321-wa00234865194397679249410-300x200.jpg 300w\" sizes=\"(max-width: 720px) 100vw, 720px\" \/><\/figure>\n\n\n\n<figure class=\"wp-block-image\"><img decoding=\"async\" width=\"300\" height=\"200\" src=\"https:\/\/contextoanalisisperiodistico.com\/wp-content\/uploads\/2024\/03\/img-20240321-wa00198809160848994796676-300x200.jpg\" alt=\"\" class=\"wp-image-25296\" srcset=\"https:\/\/contextoanalisisperiodistico.com\/wp-content\/uploads\/2024\/03\/img-20240321-wa00198809160848994796676-300x200.jpg 300w, https:\/\/contextoanalisisperiodistico.com\/wp-content\/uploads\/2024\/03\/img-20240321-wa00198809160848994796676.jpg 720w\" sizes=\"(max-width: 300px) 100vw, 300px\" \/><\/figure>\n\n\n\n<figure class=\"wp-block-image\"><img decoding=\"async\" width=\"300\" height=\"200\" src=\"https:\/\/contextoanalisisperiodistico.com\/wp-content\/uploads\/2024\/03\/img-20240321-wa00227591808078880639675-300x200.jpg\" alt=\"\" class=\"wp-image-25297\" srcset=\"https:\/\/contextoanalisisperiodistico.com\/wp-content\/uploads\/2024\/03\/img-20240321-wa00227591808078880639675-300x200.jpg 300w, https:\/\/contextoanalisisperiodistico.com\/wp-content\/uploads\/2024\/03\/img-20240321-wa00227591808078880639675.jpg 720w\" sizes=\"(max-width: 300px) 100vw, 300px\" \/><\/figure>\n\n\n\n<figure class=\"wp-block-image\"><img loading=\"lazy\" decoding=\"async\" width=\"300\" height=\"200\" src=\"https:\/\/contextoanalisisperiodistico.com\/wp-content\/uploads\/2024\/03\/img-20240321-wa00211172158258409425457-300x200.jpg\" alt=\"\" class=\"wp-image-25295\" srcset=\"https:\/\/contextoanalisisperiodistico.com\/wp-content\/uploads\/2024\/03\/img-20240321-wa00211172158258409425457-300x200.jpg 300w, https:\/\/contextoanalisisperiodistico.com\/wp-content\/uploads\/2024\/03\/img-20240321-wa00211172158258409425457.jpg 720w\" sizes=\"(max-width: 300px) 100vw, 300px\" \/><\/figure>\n\n\n\n<p>\u2022 Alrededor de 85 mil personas trabajadoras del OPD IMSS-Bienestar se han sumado a los servicios de salud encabezados por 23 coordinadores estatales<\/p>\n\n\n\n<p>\u2022 Se contin\u00faa con acciones de mejoramiento de infraestructura y equipamiento de los servicios integrales del \u00d3rgano P\u00fablico Descentralizado<\/p>\n\n\n\n<p>Oaxaca de Ju\u00e1rez, Oax. 21 de marzo de 2024.- Durante la clausura de la Reuni\u00f3n Nacional de los Coordinadores Estatales de los Servicios de Salud del IMSS-Bienestar, que cont\u00f3 con la presencia del Gobernador de Oaxaca, Salom\u00f3n Jara Cruz y del titular del IMSS-Bienestar, Alejandro Calder\u00f3n Alipi, se anunciaron avances en el proceso de federalizaci\u00f3n del sistema de salud.<\/p>\n\n\n\n<p>Entre estos, se ha contratado a personal m\u00e9dico y de enfermer\u00eda, as\u00ed como la basificaci\u00f3n de personal de salud, y acondicionamiento de infraestructura en hospitales y Centros de Salud.<\/p>\n\n\n\n<p>En su participaci\u00f3n, el Mandatario estatal Salom\u00f3n Jara Cruz, resalt\u00f3 el trabajo realizado por la OPD para contar con un sistema de salud digno y acord\u00e9 a las necesidades del pueblo.<\/p>\n\n\n\n<p>\u201cCuenten con nosotros para contribuir a cumplir ese sue\u00f1o de garantizar el ejercicio del derecho a la salud de todas y todos los mexicanos\u201d, expres\u00f3.<\/p>\n\n\n\n<p>Al respecto, el director general del Instituto Mexicano del Seguro Social (IMSS), Zo\u00e9 Robledo Aburto, destac\u00f3 la colaboraci\u00f3n de los 23 gobiernos en el proceso de federalizaci\u00f3n para tener cobertura de m\u00e9dicos generales, enfermeras y enfermeros en los lugares m\u00e1s alejados.<\/p>\n\n\n\n<p>Coment\u00f3 que la suma de esfuerzos permiti\u00f3 la puesta en operaci\u00f3n del Hospital General de la Mujer y el Ni\u00f1o Oaxaque\u00f1o para que ninguna madre tenga miedo de tener a su hija o hijo y cuente con un servicio de calidad.<\/p>\n\n\n\n<p>Por su parte, el director general del OPD IMSS-Bienestar, Alejandro Calder\u00f3n Alipi, expres\u00f3 que los 23 coordinadores estatales de las entidades que se han adherido a la federalizaci\u00f3n de los servicios de salud se actualizaron sobre los trabajos realizados durante el \u00faltimo a\u00f1o.<\/p>\n\n\n\n<p>Abund\u00f3 que al d\u00eda de hoy hay alrededor de 85 mil personas trabajadoras del OPD IMSS-Bienestar y se han sumado a los servicios de salud encabezadas por 23 coordinadores estatales.<\/p>\n\n\n\n<p>Posteriormente, el director general Zo\u00e9 Robledo en compa\u00f1\u00eda de los directores normativos del IMSS, clausur\u00f3 la Reuni\u00f3n Nacional de los Titulares de los \u00d3rganos de Operaci\u00f3n Administrativa Desconcentrada (OOAD) y directores de las Unidades M\u00e9dicas de Alta Especialidad (UMAE).<\/p>\n\n\n\n<p>Los titulares de OOAD y directores de UMAE refrendaron su compromiso para sumar esfuerzos en el mejoramiento de la proyecci\u00f3n estrat\u00e9gica para conservaci\u00f3n de infraestructura, supervisi\u00f3n de equipos de trabajo, seguimiento en proyectos, atenci\u00f3n en \u00e1reas de oportunidad y acciones para fortalecer la atenci\u00f3n m\u00e9dica.<\/p>\n\n\n\n<p>El Instituto Mexicano del Seguro Social (IMSS) y el \u00d3rgano P\u00fablico Descentralizado (OPD) IMSS-Bienestar tienen una cobertura de atenci\u00f3n m\u00e9dica del 80 por ciento de la poblaci\u00f3n del pa\u00eds, tras un proceso de federalizaci\u00f3n de los sistemas de salud de 23 estados que beneficia a la poblaci\u00f3n sin seguridad social.<\/p>\n\n\n\n<p>-0-<\/p>\n","protected":false},"excerpt":{"rendered":"<p>\u2022 Se clausuraron los trabajos de las Reuniones Nacionales de Coordinadores Estatales del IMSS-Bienestar, y&#8230;<\/p>\n","protected":false},"author":4,"featured_media":25293,"comment_status":"","ping_status":"open","sticky":false,"template":"","format":"standard","meta":{"footnotes":""},"categories":[9],"tags":[],"jetpack_sharing_enabled":true,"featured_image_urls":{"full":["https:\/\/contextoanalisisperiodistico.com\/wp-content\/uploads\/2024\/03\/IMG-20240321-WA0020.jpg",720,480,false],"thumbnail":["https:\/\/contextoanalisisperiodistico.com\/wp-content\/uploads\/2024\/03\/IMG-20240321-WA0020-150x150.jpg",150,150,true],"medium":["https:\/\/contextoanalisisperiodistico.com\/wp-content\/uploads\/2024\/03\/IMG-20240321-WA0020-300x200.jpg",300,200,true],"medium_large":["https:\/\/contextoanalisisperiodistico.com\/wp-content\/uploads\/2024\/03\/IMG-20240321-WA0020.jpg",640,427,false],"large":["https:\/\/contextoanalisisperiodistico.com\/wp-content\/uploads\/2024\/03\/IMG-20240321-WA0020.jpg",640,427,false],"1536x1536":["https:\/\/contextoanalisisperiodistico.com\/wp-content\/uploads\/2024\/03\/IMG-20240321-WA0020.jpg",720,480,false],"2048x2048":["https:\/\/contextoanalisisperiodistico.com\/wp-content\/uploads\/2024\/03\/IMG-20240321-WA0020.jpg",720,480,false],"covernews-slider-full":["https:\/\/contextoanalisisperiodistico.com\/wp-content\/uploads\/2024\/03\/IMG-20240321-WA0020.jpg",720,480,false],"covernews-slider-center":["https:\/\/contextoanalisisperiodistico.com\/wp-content\/uploads\/2024\/03\/IMG-20240321-WA0020.jpg",720,480,false],"covernews-featured":["https:\/\/contextoanalisisperiodistico.com\/wp-content\/uploads\/2024\/03\/IMG-20240321-WA0020.jpg",720,480,false],"covernews-medium":["https:\/\/contextoanalisisperiodistico.com\/wp-content\/uploads\/2024\/03\/IMG-20240321-WA0020-540x340.jpg",540,340,true],"covernews-medium-square":["https:\/\/contextoanalisisperiodistico.com\/wp-content\/uploads\/2024\/03\/IMG-20240321-WA0020-400x250.jpg",400,250,true]},"author_info":{"display_name":"Mario Gir\u00f3n","author_link":"https:\/\/contextoanalisisperiodistico.com\/index.php\/author\/director\/"},"category_info":"<a href=\"https:\/\/contextoanalisisperiodistico.com\/index.php\/category\/politica\/\" rel=\"category tag\">Pol\u00edtica<\/a>","tag_info":"Pol\u00edtica","comment_count":"0","jetpack_featured_media_url":"https:\/\/contextoanalisisperiodistico.com\/wp-content\/uploads\/2024\/03\/IMG-20240321-WA0020.jpg","_links":{"self":[{"href":"https:\/\/contextoanalisisperiodistico.com\/index.php\/wp-json\/wp\/v2\/posts\/25298"}],"collection":[{"href":"https:\/\/contextoanalisisperiodistico.com\/index.php\/wp-json\/wp\/v2\/posts"}],"about":[{"href":"https:\/\/contextoanalisisperiodistico.com\/index.php\/wp-json\/wp\/v2\/types\/post"}],"author":[{"embeddable":true,"href":"https:\/\/contextoanalisisperiodistico.com\/index.php\/wp-json\/wp\/v2\/users\/4"}],"replies":[{"embeddable":true,"href":"https:\/\/contextoanalisisperiodistico.com\/index.php\/wp-json\/wp\/v2\/comments?post=25298"}],"version-history":[{"count":0,"href":"https:\/\/contextoanalisisperiodistico.com\/index.php\/wp-json\/wp\/v2\/posts\/25298\/revisions"}],"wp:featuredmedia":[{"embeddable":true,"href":"https:\/\/contextoanalisisperiodistico.com\/index.php\/wp-json\/wp\/v2\/media\/25293"}],"wp:attachment":[{"href":"https:\/\/contextoanalisisperiodistico.com\/index.php\/wp-json\/wp\/v2\/media?parent=25298"}],"wp:term":[{"taxonomy":"category","embeddable":true,"href":"https:\/\/contextoanalisisperiodistico.com\/index.php\/wp-json\/wp\/v2\/categories?post=25298"},{"taxonomy":"post_tag","embeddable":true,"href":"https:\/\/contextoanalisisperiodistico.com\/index.php\/wp-json\/wp\/v2\/tags?post=25298"}],"curies":[{"name":"wp","href":"https:\/\/api.w.org\/{rel}","templated":true}]}}