{"id":25289,"date":"2024-03-21T10:07:47","date_gmt":"2024-03-21T16:07:47","guid":{"rendered":"https:\/\/contextoanalisisperiodistico.com\/index.php\/2024\/03\/21\/parque-luis-donaldo-colosio-espacio-incluyente-para-el-desarrollo-de-las-personas\/"},"modified":"2024-03-21T10:07:47","modified_gmt":"2024-03-21T16:07:47","slug":"parque-luis-donaldo-colosio-espacio-incluyente-para-el-desarrollo-de-las-personas","status":"publish","type":"post","link":"https:\/\/contextoanalisisperiodistico.com\/index.php\/2024\/03\/21\/parque-luis-donaldo-colosio-espacio-incluyente-para-el-desarrollo-de-las-personas\/","title":{"rendered":"Parque Luis Donaldo Colosio, espacio incluyente para el desarrollo de las personas"},"content":{"rendered":"<div id=\"fb-root\"><\/div>\n\n<p>\u2022 Ofrece \u00e1reas de sano esparcimiento y convivencia, adem\u00e1s brinda servicios gratuitos y lugares adecuados para practicar deportes<\/p>\n\n\n\n<figure class=\"wp-block-image size-large\"><img fetchpriority=\"high\" decoding=\"async\" width=\"1024\" height=\"682\" src=\"https:\/\/contextoanalisisperiodistico.com\/wp-content\/uploads\/2024\/03\/img-20240321-wa00054996274537530359527-1024x682.jpg\" alt=\"\" class=\"wp-image-25288\" srcset=\"https:\/\/contextoanalisisperiodistico.com\/wp-content\/uploads\/2024\/03\/img-20240321-wa00054996274537530359527-1024x682.jpg 1024w, https:\/\/contextoanalisisperiodistico.com\/wp-content\/uploads\/2024\/03\/img-20240321-wa00054996274537530359527-300x200.jpg 300w, https:\/\/contextoanalisisperiodistico.com\/wp-content\/uploads\/2024\/03\/img-20240321-wa00054996274537530359527-768x512.jpg 768w, https:\/\/contextoanalisisperiodistico.com\/wp-content\/uploads\/2024\/03\/img-20240321-wa00054996274537530359527-1536x1023.jpg 1536w, https:\/\/contextoanalisisperiodistico.com\/wp-content\/uploads\/2024\/03\/img-20240321-wa00054996274537530359527.jpg 1600w\" sizes=\"(max-width: 1024px) 100vw, 1024px\" \/><\/figure>\n\n\n\n<figure class=\"wp-block-image\"><img decoding=\"async\" width=\"1024\" height=\"682\" src=\"https:\/\/contextoanalisisperiodistico.com\/wp-content\/uploads\/2024\/03\/img-20240321-wa00062118937591595785853-1024x682.jpg\" alt=\"\" class=\"wp-image-25286\" srcset=\"https:\/\/contextoanalisisperiodistico.com\/wp-content\/uploads\/2024\/03\/img-20240321-wa00062118937591595785853-1024x682.jpg 1024w, https:\/\/contextoanalisisperiodistico.com\/wp-content\/uploads\/2024\/03\/img-20240321-wa00062118937591595785853-300x200.jpg 300w, https:\/\/contextoanalisisperiodistico.com\/wp-content\/uploads\/2024\/03\/img-20240321-wa00062118937591595785853-768x512.jpg 768w, https:\/\/contextoanalisisperiodistico.com\/wp-content\/uploads\/2024\/03\/img-20240321-wa00062118937591595785853-1536x1023.jpg 1536w, https:\/\/contextoanalisisperiodistico.com\/wp-content\/uploads\/2024\/03\/img-20240321-wa00062118937591595785853.jpg 1600w\" sizes=\"(max-width: 1024px) 100vw, 1024px\" \/><\/figure>\n\n\n\n<figure class=\"wp-block-image\"><img decoding=\"async\" width=\"682\" height=\"1024\" src=\"https:\/\/contextoanalisisperiodistico.com\/wp-content\/uploads\/2024\/03\/img-20240321-wa00081926936648300020846-682x1024.jpg\" alt=\"\" class=\"wp-image-25285\" srcset=\"https:\/\/contextoanalisisperiodistico.com\/wp-content\/uploads\/2024\/03\/img-20240321-wa00081926936648300020846-682x1024.jpg 682w, https:\/\/contextoanalisisperiodistico.com\/wp-content\/uploads\/2024\/03\/img-20240321-wa00081926936648300020846-200x300.jpg 200w, https:\/\/contextoanalisisperiodistico.com\/wp-content\/uploads\/2024\/03\/img-20240321-wa00081926936648300020846-768x1153.jpg 768w, https:\/\/contextoanalisisperiodistico.com\/wp-content\/uploads\/2024\/03\/img-20240321-wa00081926936648300020846-1023x1536.jpg 1023w, https:\/\/contextoanalisisperiodistico.com\/wp-content\/uploads\/2024\/03\/img-20240321-wa00081926936648300020846-1024x1537.jpg 1024w, https:\/\/contextoanalisisperiodistico.com\/wp-content\/uploads\/2024\/03\/img-20240321-wa00081926936648300020846.jpg 1066w\" sizes=\"(max-width: 682px) 100vw, 682px\" \/><\/figure>\n\n\n\n<figure class=\"wp-block-image\"><img loading=\"lazy\" decoding=\"async\" width=\"1024\" height=\"682\" src=\"https:\/\/contextoanalisisperiodistico.com\/wp-content\/uploads\/2024\/03\/img-20240321-wa00071733068443958797169-1024x682.jpg\" alt=\"\" class=\"wp-image-25287\" srcset=\"https:\/\/contextoanalisisperiodistico.com\/wp-content\/uploads\/2024\/03\/img-20240321-wa00071733068443958797169-1024x682.jpg 1024w, https:\/\/contextoanalisisperiodistico.com\/wp-content\/uploads\/2024\/03\/img-20240321-wa00071733068443958797169-300x200.jpg 300w, https:\/\/contextoanalisisperiodistico.com\/wp-content\/uploads\/2024\/03\/img-20240321-wa00071733068443958797169-768x512.jpg 768w, https:\/\/contextoanalisisperiodistico.com\/wp-content\/uploads\/2024\/03\/img-20240321-wa00071733068443958797169-1536x1023.jpg 1536w, https:\/\/contextoanalisisperiodistico.com\/wp-content\/uploads\/2024\/03\/img-20240321-wa00071733068443958797169.jpg 1600w\" sizes=\"(max-width: 1024px) 100vw, 1024px\" \/><\/figure>\n\n\n\n<p>Tlalixtac de Cabrera, Oax., 21 de marzo de 2024.- El Parque de Convivencia Infantil Luis Donaldo Colosio Murrieta, ubicado en calle Primero de Mayo en la agencia de San Felipe del Agua de Oaxaca de Ju\u00e1rez, cuenta con cuatro hect\u00e1reas de esparcimiento incluyente para impulsar el fortalecimiento de habilidades f\u00edsicas, mentales, sensoriales y l\u00fadicas para las personas usuarias con alguna discapacidad.<\/p>\n\n\n\n<p>De 6:00 a 16:00 horas, este espacio natural ofrece \u00e1reas de sano esparcimiento y convivencia para la ni\u00f1ez, juventud y personas adultas, adem\u00e1s de brindar lugares adecuados para practicar b\u00e9isbol, f\u00fatbol r\u00e1pido, b\u00e1squetbol, tenis y voleibol.<\/p>\n\n\n\n<p>El parque cuenta con bancas de descanso, columpios, resbaladillas, casas de juegos, mobiliario y rampas para el f\u00e1cil desplazamiento de personas con discapacidad.<\/p>\n\n\n\n<p>Te\u00f3fila Franco, encargada de la ludoteca y \u00e1rea de lectura del parque, presenci\u00f3 el surgimiento de este espacio hace m\u00e1s de 30 a\u00f1os y contenta platic\u00f3 lo importante que es este lugar para el desarrollo de las ni\u00f1as y ni\u00f1os que lo visitan.<\/p>\n\n\n\n<p>\u201cEste tipo de sitios ofrece est\u00edmulos fundamentales a las infancias y para quienes colaboramos aqu\u00ed es gratificante escuchar las risas, carcajadas y ver rostros de alegr\u00eda mientras se divierten\u201d, coment\u00f3.<\/p>\n\n\n\n<p>La ludoteca del Parque de Convivencia Infantil Luis Donaldo Colosio Murrieta cuenta con casi 2 mil libros de g\u00e9neros literarios, narrativos, l\u00edrico, dram\u00e1tico y did\u00e1ctico, adem\u00e1s de juegos de mesa y juguetes para todas las edades.<\/p>\n\n\n\n<p>Esta \u00e1rea bajo resguardo de la Secretar\u00eda de Administraci\u00f3n del Gobierno del Estado, brinda servicios gratuitos como asesor\u00edas de Matem\u00e1ticas, F\u00edsica y Qu\u00edmica, deportes y servicio m\u00e9dico.<\/p>\n\n\n\n<p>Para conocer los horarios y actividades programadas las personas interesadas deber\u00e1n ingresar a la red social Facebook de la dependencia: AdmonGobOax.<\/p>\n\n\n\n<p>-0-<\/p>\n","protected":false},"excerpt":{"rendered":"<p>\u2022 Ofrece \u00e1reas de sano esparcimiento y convivencia, adem\u00e1s brinda servicios gratuitos y lugares adecuados&#8230;<\/p>\n","protected":false},"author":4,"featured_media":25284,"comment_status":"","ping_status":"open","sticky":false,"template":"","format":"standard","meta":{"footnotes":""},"categories":[9],"tags":[],"jetpack_sharing_enabled":true,"featured_image_urls":{"full":["https:\/\/contextoanalisisperiodistico.com\/wp-content\/uploads\/2024\/03\/IMG-20240321-WA0004.jpg",1600,1066,false],"thumbnail":["https:\/\/contextoanalisisperiodistico.com\/wp-content\/uploads\/2024\/03\/IMG-20240321-WA0004-150x150.jpg",150,150,true],"medium":["https:\/\/contextoanalisisperiodistico.com\/wp-content\/uploads\/2024\/03\/IMG-20240321-WA0004-300x200.jpg",300,200,true],"medium_large":["https:\/\/contextoanalisisperiodistico.com\/wp-content\/uploads\/2024\/03\/IMG-20240321-WA0004-768x512.jpg",640,427,true],"large":["https:\/\/contextoanalisisperiodistico.com\/wp-content\/uploads\/2024\/03\/IMG-20240321-WA0004-1024x682.jpg",640,426,true],"1536x1536":["https:\/\/contextoanalisisperiodistico.com\/wp-content\/uploads\/2024\/03\/IMG-20240321-WA0004-1536x1023.jpg",1536,1023,true],"2048x2048":["https:\/\/contextoanalisisperiodistico.com\/wp-content\/uploads\/2024\/03\/IMG-20240321-WA0004.jpg",1600,1066,false],"covernews-slider-full":["https:\/\/contextoanalisisperiodistico.com\/wp-content\/uploads\/2024\/03\/IMG-20240321-WA0004-1115x715.jpg",1115,715,true],"covernews-slider-center":["https:\/\/contextoanalisisperiodistico.com\/wp-content\/uploads\/2024\/03\/IMG-20240321-WA0004-800x500.jpg",800,500,true],"covernews-featured":["https:\/\/contextoanalisisperiodistico.com\/wp-content\/uploads\/2024\/03\/IMG-20240321-WA0004-1024x682.jpg",1024,682,true],"covernews-medium":["https:\/\/contextoanalisisperiodistico.com\/wp-content\/uploads\/2024\/03\/IMG-20240321-WA0004-540x340.jpg",540,340,true],"covernews-medium-square":["https:\/\/contextoanalisisperiodistico.com\/wp-content\/uploads\/2024\/03\/IMG-20240321-WA0004-400x250.jpg",400,250,true]},"author_info":{"display_name":"Mario Gir\u00f3n","author_link":"https:\/\/contextoanalisisperiodistico.com\/index.php\/author\/director\/"},"category_info":"<a href=\"https:\/\/contextoanalisisperiodistico.com\/index.php\/category\/politica\/\" rel=\"category tag\">Pol\u00edtica<\/a>","tag_info":"Pol\u00edtica","comment_count":"0","jetpack_featured_media_url":"https:\/\/contextoanalisisperiodistico.com\/wp-content\/uploads\/2024\/03\/IMG-20240321-WA0004.jpg","_links":{"self":[{"href":"https:\/\/contextoanalisisperiodistico.com\/index.php\/wp-json\/wp\/v2\/posts\/25289"}],"collection":[{"href":"https:\/\/contextoanalisisperiodistico.com\/index.php\/wp-json\/wp\/v2\/posts"}],"about":[{"href":"https:\/\/contextoanalisisperiodistico.com\/index.php\/wp-json\/wp\/v2\/types\/post"}],"author":[{"embeddable":true,"href":"https:\/\/contextoanalisisperiodistico.com\/index.php\/wp-json\/wp\/v2\/users\/4"}],"replies":[{"embeddable":true,"href":"https:\/\/contextoanalisisperiodistico.com\/index.php\/wp-json\/wp\/v2\/comments?post=25289"}],"version-history":[{"count":0,"href":"https:\/\/contextoanalisisperiodistico.com\/index.php\/wp-json\/wp\/v2\/posts\/25289\/revisions"}],"wp:featuredmedia":[{"embeddable":true,"href":"https:\/\/contextoanalisisperiodistico.com\/index.php\/wp-json\/wp\/v2\/media\/25284"}],"wp:attachment":[{"href":"https:\/\/contextoanalisisperiodistico.com\/index.php\/wp-json\/wp\/v2\/media?parent=25289"}],"wp:term":[{"taxonomy":"category","embeddable":true,"href":"https:\/\/contextoanalisisperiodistico.com\/index.php\/wp-json\/wp\/v2\/categories?post=25289"},{"taxonomy":"post_tag","embeddable":true,"href":"https:\/\/contextoanalisisperiodistico.com\/index.php\/wp-json\/wp\/v2\/tags?post=25289"}],"curies":[{"name":"wp","href":"https:\/\/api.w.org\/{rel}","templated":true}]}}