{"id":25280,"date":"2024-03-20T19:06:04","date_gmt":"2024-03-21T01:06:04","guid":{"rendered":"https:\/\/contextoanalisisperiodistico.com\/index.php\/2024\/03\/20\/fortalecen-operativos-conjuntos-para-garantizar-entornos-seguros-en-oaxaca\/"},"modified":"2024-03-20T19:06:48","modified_gmt":"2024-03-21T01:06:48","slug":"fortalecen-operativos-conjuntos-para-garantizar-entornos-seguros-en-oaxaca","status":"publish","type":"post","link":"https:\/\/contextoanalisisperiodistico.com\/index.php\/2024\/03\/20\/fortalecen-operativos-conjuntos-para-garantizar-entornos-seguros-en-oaxaca\/","title":{"rendered":"Operativos conjuntos para garantizar entornos seguros en Oaxaca"},"content":{"rendered":"<div id=\"fb-root\"><\/div>\n\n<p>\u2022 Del 13 al 18 de marzo la SSPC realiz\u00f3 423 acciones estrat\u00e9gicas<\/p>\n\n\n\n<figure class=\"wp-block-image size-large\"><img fetchpriority=\"high\" decoding=\"async\" width=\"1024\" height=\"815\" src=\"https:\/\/contextoanalisisperiodistico.com\/wp-content\/uploads\/2024\/03\/img-20240320-wa00315143489007075823380-1024x815.jpg\" alt=\"\" class=\"wp-image-25279\" srcset=\"https:\/\/contextoanalisisperiodistico.com\/wp-content\/uploads\/2024\/03\/img-20240320-wa00315143489007075823380-1024x815.jpg 1024w, https:\/\/contextoanalisisperiodistico.com\/wp-content\/uploads\/2024\/03\/img-20240320-wa00315143489007075823380-300x239.jpg 300w, https:\/\/contextoanalisisperiodistico.com\/wp-content\/uploads\/2024\/03\/img-20240320-wa00315143489007075823380-768x611.jpg 768w, https:\/\/contextoanalisisperiodistico.com\/wp-content\/uploads\/2024\/03\/img-20240320-wa00315143489007075823380.jpg 1280w\" sizes=\"(max-width: 1024px) 100vw, 1024px\" \/><\/figure>\n\n\n\n<p>Oaxaca de Ju\u00e1rez, Oax. 20 de marzo de 2024.- Durante la conferencia de prensa semanal del Gabinete de Seguridad, se inform\u00f3 los resultados de la primera fase de aplicaci\u00f3n del Operativo Oaxaca Segura.<\/p>\n\n\n\n<p>En la fase introductoria del Operativo a trav\u00e9s del despliegue territorial del estado de fuerza, se avanz\u00f3 con acciones de prevenci\u00f3n y atenci\u00f3n a las causas.<\/p>\n\n\n\n<p>En dicho contexto, del 13 al 18 de marzo la Secretar\u00eda de Seguridad y Protecci\u00f3n Ciudadana (SSPC) realiz\u00f3 los operativos Control Migratorio, Zonas y Cuadrantes, Interestatal, Impacto Intermunicipal, Fortalecimiento Interinstitucional, Oaxaca Segura y Coordinado.<\/p>\n\n\n\n<p>De este modo, la dependencia realiz\u00f3 423 acciones estrat\u00e9gicas que integran la aplicaci\u00f3n de 159 operativos y 264 recorridos de seguridad y vigilancia; lo que permiti\u00f3 la detenci\u00f3n de 125 personas por la presunci\u00f3n de delitos del fuero com\u00fan, fuero federal y faltas administrativas.<\/p>\n\n\n\n<p>Asimismo, se lograron confiscar cinco armas de fuego, 20 municiones y dos cargadores; adem\u00e1s de 211 dosis de presuntas drogas y 109 veh\u00edculos, de los cuales 15 contaban con reporte de robo.<\/p>\n\n\n\n<p>Trascendi\u00f3 el aseguramiento de 43 mil 822 pesos en efectivo, cinco tel\u00e9fonos celulares, cinco tarjetas bancarias y una pipa de cristal, como parte de los objetos probablemente involucrados en hechos delictivos.<\/p>\n\n\n\n<p>Respecto al Sistema Penitenciario, se realizaron 95 Audiencias Virtuales, 10 cursos y talleres que beneficiaron a 124 Personas Privadas de la Libertad (PPL); mil 281 consultas en materia de salud, 3 mil 567 participaciones en actividades laborales y mil 671 en deportivas. Cabe destacar que 552 PPL contin\u00faan inscritas en diferentes niveles educativos.<\/p>\n\n\n\n<p>De manera complementaria, en los Centros Penitenciarios se realizaron 89 revisiones y 12 decomisos, durante los cuales, fueron retiradas 80 sustancias y objetos prohibidos.<code> -0-<\/code><\/p>\n","protected":false},"excerpt":{"rendered":"<p>\u2022 Del 13 al 18 de marzo la SSPC realiz\u00f3 423 acciones estrat\u00e9gicas Oaxaca de&#8230;<\/p>\n","protected":false},"author":4,"featured_media":25278,"comment_status":"closed","ping_status":"open","sticky":false,"template":"","format":"standard","meta":{"footnotes":""},"categories":[9],"tags":[],"jetpack_sharing_enabled":true,"featured_image_urls":{"full":["https:\/\/contextoanalisisperiodistico.com\/wp-content\/uploads\/2024\/03\/IMG-20240320-WA0032.jpg",1280,853,false],"thumbnail":["https:\/\/contextoanalisisperiodistico.com\/wp-content\/uploads\/2024\/03\/IMG-20240320-WA0032-150x150.jpg",150,150,true],"medium":["https:\/\/contextoanalisisperiodistico.com\/wp-content\/uploads\/2024\/03\/IMG-20240320-WA0032-300x200.jpg",300,200,true],"medium_large":["https:\/\/contextoanalisisperiodistico.com\/wp-content\/uploads\/2024\/03\/IMG-20240320-WA0032-768x512.jpg",640,427,true],"large":["https:\/\/contextoanalisisperiodistico.com\/wp-content\/uploads\/2024\/03\/IMG-20240320-WA0032-1024x682.jpg",640,426,true],"1536x1536":["https:\/\/contextoanalisisperiodistico.com\/wp-content\/uploads\/2024\/03\/IMG-20240320-WA0032.jpg",1280,853,false],"2048x2048":["https:\/\/contextoanalisisperiodistico.com\/wp-content\/uploads\/2024\/03\/IMG-20240320-WA0032.jpg",1280,853,false],"covernews-slider-full":["https:\/\/contextoanalisisperiodistico.com\/wp-content\/uploads\/2024\/03\/IMG-20240320-WA0032-1115x715.jpg",1115,715,true],"covernews-slider-center":["https:\/\/contextoanalisisperiodistico.com\/wp-content\/uploads\/2024\/03\/IMG-20240320-WA0032-800x500.jpg",800,500,true],"covernews-featured":["https:\/\/contextoanalisisperiodistico.com\/wp-content\/uploads\/2024\/03\/IMG-20240320-WA0032-1024x682.jpg",1024,682,true],"covernews-medium":["https:\/\/contextoanalisisperiodistico.com\/wp-content\/uploads\/2024\/03\/IMG-20240320-WA0032-540x340.jpg",540,340,true],"covernews-medium-square":["https:\/\/contextoanalisisperiodistico.com\/wp-content\/uploads\/2024\/03\/IMG-20240320-WA0032-400x250.jpg",400,250,true]},"author_info":{"display_name":"Mario Gir\u00f3n","author_link":"https:\/\/contextoanalisisperiodistico.com\/index.php\/author\/director\/"},"category_info":"<a href=\"https:\/\/contextoanalisisperiodistico.com\/index.php\/category\/politica\/\" rel=\"category tag\">Pol\u00edtica<\/a>","tag_info":"Pol\u00edtica","comment_count":"0","jetpack_featured_media_url":"https:\/\/contextoanalisisperiodistico.com\/wp-content\/uploads\/2024\/03\/IMG-20240320-WA0032.jpg","_links":{"self":[{"href":"https:\/\/contextoanalisisperiodistico.com\/index.php\/wp-json\/wp\/v2\/posts\/25280"}],"collection":[{"href":"https:\/\/contextoanalisisperiodistico.com\/index.php\/wp-json\/wp\/v2\/posts"}],"about":[{"href":"https:\/\/contextoanalisisperiodistico.com\/index.php\/wp-json\/wp\/v2\/types\/post"}],"author":[{"embeddable":true,"href":"https:\/\/contextoanalisisperiodistico.com\/index.php\/wp-json\/wp\/v2\/users\/4"}],"replies":[{"embeddable":true,"href":"https:\/\/contextoanalisisperiodistico.com\/index.php\/wp-json\/wp\/v2\/comments?post=25280"}],"version-history":[{"count":1,"href":"https:\/\/contextoanalisisperiodistico.com\/index.php\/wp-json\/wp\/v2\/posts\/25280\/revisions"}],"predecessor-version":[{"id":25281,"href":"https:\/\/contextoanalisisperiodistico.com\/index.php\/wp-json\/wp\/v2\/posts\/25280\/revisions\/25281"}],"wp:featuredmedia":[{"embeddable":true,"href":"https:\/\/contextoanalisisperiodistico.com\/index.php\/wp-json\/wp\/v2\/media\/25278"}],"wp:attachment":[{"href":"https:\/\/contextoanalisisperiodistico.com\/index.php\/wp-json\/wp\/v2\/media?parent=25280"}],"wp:term":[{"taxonomy":"category","embeddable":true,"href":"https:\/\/contextoanalisisperiodistico.com\/index.php\/wp-json\/wp\/v2\/categories?post=25280"},{"taxonomy":"post_tag","embeddable":true,"href":"https:\/\/contextoanalisisperiodistico.com\/index.php\/wp-json\/wp\/v2\/tags?post=25280"}],"curies":[{"name":"wp","href":"https:\/\/api.w.org\/{rel}","templated":true}]}}