{"id":25276,"date":"2024-03-20T19:00:37","date_gmt":"2024-03-21T01:00:37","guid":{"rendered":"https:\/\/contextoanalisisperiodistico.com\/index.php\/2024\/03\/20\/imparten-curso-sobre-sistema-unificado-de-gestion-en-hospital-aurelio-valdivieso\/"},"modified":"2024-03-20T19:01:26","modified_gmt":"2024-03-21T01:01:26","slug":"imparten-curso-sobre-sistema-unificado-de-gestion-en-hospital-aurelio-valdivieso","status":"publish","type":"post","link":"https:\/\/contextoanalisisperiodistico.com\/index.php\/2024\/03\/20\/imparten-curso-sobre-sistema-unificado-de-gestion-en-hospital-aurelio-valdivieso\/","title":{"rendered":"Curso sobre Sistema Unificado de Gesti\u00f3n en Hospital Aurelio Valdivieso"},"content":{"rendered":"<div id=\"fb-root\"><\/div>\n\n<p>\u2022 A trav\u00e9s de este Sistema se brinda atenci\u00f3n a las quejas, sugerencias, felicitaciones y solicitudes de gesti\u00f3n de las personas usuarias de los servicios de salud<\/p>\n\n\n\n<figure class=\"wp-block-image size-large\"><img fetchpriority=\"high\" decoding=\"async\" width=\"1024\" height=\"682\" src=\"https:\/\/contextoanalisisperiodistico.com\/wp-content\/uploads\/2024\/03\/img-20240320-wa00286094859143602611956-1024x682.jpg\" alt=\"\" class=\"wp-image-25274\" srcset=\"https:\/\/contextoanalisisperiodistico.com\/wp-content\/uploads\/2024\/03\/img-20240320-wa00286094859143602611956-1024x682.jpg 1024w, https:\/\/contextoanalisisperiodistico.com\/wp-content\/uploads\/2024\/03\/img-20240320-wa00286094859143602611956-300x200.jpg 300w, https:\/\/contextoanalisisperiodistico.com\/wp-content\/uploads\/2024\/03\/img-20240320-wa00286094859143602611956-768x511.jpg 768w, https:\/\/contextoanalisisperiodistico.com\/wp-content\/uploads\/2024\/03\/img-20240320-wa00286094859143602611956.jpg 1280w\" sizes=\"(max-width: 1024px) 100vw, 1024px\" \/><\/figure>\n\n\n\n<figure class=\"wp-block-image\"><img decoding=\"async\" width=\"1024\" height=\"682\" src=\"https:\/\/contextoanalisisperiodistico.com\/wp-content\/uploads\/2024\/03\/img-20240320-wa00306756264047898920194-1024x682.jpg\" alt=\"\" class=\"wp-image-25275\" srcset=\"https:\/\/contextoanalisisperiodistico.com\/wp-content\/uploads\/2024\/03\/img-20240320-wa00306756264047898920194-1024x682.jpg 1024w, https:\/\/contextoanalisisperiodistico.com\/wp-content\/uploads\/2024\/03\/img-20240320-wa00306756264047898920194-300x200.jpg 300w, https:\/\/contextoanalisisperiodistico.com\/wp-content\/uploads\/2024\/03\/img-20240320-wa00306756264047898920194-768x511.jpg 768w, https:\/\/contextoanalisisperiodistico.com\/wp-content\/uploads\/2024\/03\/img-20240320-wa00306756264047898920194.jpg 1280w\" sizes=\"(max-width: 1024px) 100vw, 1024px\" \/><\/figure>\n\n\n\n<p>Oaxaca de Ju\u00e1rez, Oax. 20 de marzo de 2024.- Para brindar conocimientos que incrementen la capacidad resolutiva a favor de pacientes y familiares, Servicios de Salud de Oaxaca (SSO) imparti\u00f3 el curso Sistema Unificado de Gesti\u00f3n (SUG), una herramienta de seguridad en la atenci\u00f3n prestada a las personas usuarias, dirigida al personal del Hospital General Doctor Aurelio Valdivieso.<\/p>\n\n\n\n<p>Esta actividad acad\u00e9mica permitir\u00e1 unificar los criterios para la gesti\u00f3n y seguimiento de las solicitudes de atenci\u00f3n, para fortalecer la comunicaci\u00f3n entre el personal de salud y las personas usuarias de una forma transparente, con fundamento en el Art\u00edculo 54 de la Ley General de Salud.<\/p>\n\n\n\n<p>A trav\u00e9s del SUG se brinda atenci\u00f3n a las quejas, sugerencias, felicitaciones y solicitudes de gesti\u00f3n o peticiones de las y los usuarios de los servicios de salud.<\/p>\n\n\n\n<p>Durante el curso las personas participantes analizaron temas como: Antecedentes y Lineamientos del SUG, Calidad, Herramienta de seguridad en la pr\u00e1ctica m\u00e9dica, Operatividad del SUG a nivel estatal y federal, El rol de personas servidoras p\u00fablicas, Estructura y funcionamiento del SUG y Oportunidades de mejora.<\/p>\n\n\n\n<p>Para la instituci\u00f3n es importante contar con el mayor n\u00famero de elementos para investigar de manera integral cada una de las solicitudes.<\/p>\n\n\n\n<p>En este sentido, las personas que necesiten este servicio, pueden describir los siguientes rubros: Nombre completo del paciente y\/o familiar, n\u00famero de registro o de expediente, tel\u00e9fono de contacto, fecha en que fue atendida, servicio del hospital en el cual fue atendida, nombre, cargo o descripci\u00f3n del personal del hospital que le atendi\u00f3 y descripci\u00f3n detallada de la situaci\u00f3n.<\/p>\n\n\n\n<p>Posteriormente, las quejas, sugerencias, felicitaciones o solicitudes de gesti\u00f3n, podr\u00e1n ser depositadas en los buzones de atenci\u00f3n, instalados en diversas \u00e1reas del hospital, a fin de dar el seguimiento pertinente.<\/p>\n\n\n\n<p>-0-<\/p>\n","protected":false},"excerpt":{"rendered":"<p>\u2022 A trav\u00e9s de este Sistema se brinda atenci\u00f3n a las quejas, sugerencias, felicitaciones y&#8230;<\/p>\n","protected":false},"author":4,"featured_media":25273,"comment_status":"closed","ping_status":"open","sticky":false,"template":"","format":"standard","meta":{"footnotes":""},"categories":[92],"tags":[],"jetpack_sharing_enabled":true,"featured_image_urls":{"full":["https:\/\/contextoanalisisperiodistico.com\/wp-content\/uploads\/2024\/03\/IMG-20240320-WA0029.jpg",1280,852,false],"thumbnail":["https:\/\/contextoanalisisperiodistico.com\/wp-content\/uploads\/2024\/03\/IMG-20240320-WA0029-150x150.jpg",150,150,true],"medium":["https:\/\/contextoanalisisperiodistico.com\/wp-content\/uploads\/2024\/03\/IMG-20240320-WA0029-300x200.jpg",300,200,true],"medium_large":["https:\/\/contextoanalisisperiodistico.com\/wp-content\/uploads\/2024\/03\/IMG-20240320-WA0029-768x511.jpg",640,426,true],"large":["https:\/\/contextoanalisisperiodistico.com\/wp-content\/uploads\/2024\/03\/IMG-20240320-WA0029-1024x682.jpg",640,426,true],"1536x1536":["https:\/\/contextoanalisisperiodistico.com\/wp-content\/uploads\/2024\/03\/IMG-20240320-WA0029.jpg",1280,852,false],"2048x2048":["https:\/\/contextoanalisisperiodistico.com\/wp-content\/uploads\/2024\/03\/IMG-20240320-WA0029.jpg",1280,852,false],"covernews-slider-full":["https:\/\/contextoanalisisperiodistico.com\/wp-content\/uploads\/2024\/03\/IMG-20240320-WA0029-1115x715.jpg",1115,715,true],"covernews-slider-center":["https:\/\/contextoanalisisperiodistico.com\/wp-content\/uploads\/2024\/03\/IMG-20240320-WA0029-800x500.jpg",800,500,true],"covernews-featured":["https:\/\/contextoanalisisperiodistico.com\/wp-content\/uploads\/2024\/03\/IMG-20240320-WA0029-1024x682.jpg",1024,682,true],"covernews-medium":["https:\/\/contextoanalisisperiodistico.com\/wp-content\/uploads\/2024\/03\/IMG-20240320-WA0029-540x340.jpg",540,340,true],"covernews-medium-square":["https:\/\/contextoanalisisperiodistico.com\/wp-content\/uploads\/2024\/03\/IMG-20240320-WA0029-400x250.jpg",400,250,true]},"author_info":{"display_name":"Mario Gir\u00f3n","author_link":"https:\/\/contextoanalisisperiodistico.com\/index.php\/author\/director\/"},"category_info":"<a href=\"https:\/\/contextoanalisisperiodistico.com\/index.php\/category\/salud\/\" rel=\"category tag\">Salud<\/a>","tag_info":"Salud","comment_count":"0","jetpack_featured_media_url":"https:\/\/contextoanalisisperiodistico.com\/wp-content\/uploads\/2024\/03\/IMG-20240320-WA0029.jpg","_links":{"self":[{"href":"https:\/\/contextoanalisisperiodistico.com\/index.php\/wp-json\/wp\/v2\/posts\/25276"}],"collection":[{"href":"https:\/\/contextoanalisisperiodistico.com\/index.php\/wp-json\/wp\/v2\/posts"}],"about":[{"href":"https:\/\/contextoanalisisperiodistico.com\/index.php\/wp-json\/wp\/v2\/types\/post"}],"author":[{"embeddable":true,"href":"https:\/\/contextoanalisisperiodistico.com\/index.php\/wp-json\/wp\/v2\/users\/4"}],"replies":[{"embeddable":true,"href":"https:\/\/contextoanalisisperiodistico.com\/index.php\/wp-json\/wp\/v2\/comments?post=25276"}],"version-history":[{"count":1,"href":"https:\/\/contextoanalisisperiodistico.com\/index.php\/wp-json\/wp\/v2\/posts\/25276\/revisions"}],"predecessor-version":[{"id":25277,"href":"https:\/\/contextoanalisisperiodistico.com\/index.php\/wp-json\/wp\/v2\/posts\/25276\/revisions\/25277"}],"wp:featuredmedia":[{"embeddable":true,"href":"https:\/\/contextoanalisisperiodistico.com\/index.php\/wp-json\/wp\/v2\/media\/25273"}],"wp:attachment":[{"href":"https:\/\/contextoanalisisperiodistico.com\/index.php\/wp-json\/wp\/v2\/media?parent=25276"}],"wp:term":[{"taxonomy":"category","embeddable":true,"href":"https:\/\/contextoanalisisperiodistico.com\/index.php\/wp-json\/wp\/v2\/categories?post=25276"},{"taxonomy":"post_tag","embeddable":true,"href":"https:\/\/contextoanalisisperiodistico.com\/index.php\/wp-json\/wp\/v2\/tags?post=25276"}],"curies":[{"name":"wp","href":"https:\/\/api.w.org\/{rel}","templated":true}]}}