{"id":25272,"date":"2024-03-20T18:55:56","date_gmt":"2024-03-21T00:55:56","guid":{"rendered":"https:\/\/contextoanalisisperiodistico.com\/index.php\/2024\/03\/20\/dirigente-del-pan-perla-woolrich-anuncia-visita-a-oaxaca-de-la-candidata-presidencial-xochitl-galvez\/"},"modified":"2024-03-20T18:55:56","modified_gmt":"2024-03-21T00:55:56","slug":"dirigente-del-pan-perla-woolrich-anuncia-visita-a-oaxaca-de-la-candidata-presidencial-xochitl-galvez","status":"publish","type":"post","link":"https:\/\/contextoanalisisperiodistico.com\/index.php\/2024\/03\/20\/dirigente-del-pan-perla-woolrich-anuncia-visita-a-oaxaca-de-la-candidata-presidencial-xochitl-galvez\/","title":{"rendered":"Dirigente del PAN, Perla Woolrich, anuncia visita a Oaxaca de la candidata presidencial X\u00f3chitl G\u00e1lvez"},"content":{"rendered":"<div id=\"fb-root\"><\/div>\n\n<p>*Al mismo tiempo, denuncia que por amenazas de muerte est\u00e1n renunciando candidatos del PAN a cargos de elecci\u00f3n popular<\/p>\n\n\n\n<figure class=\"wp-block-image size-large\"><img fetchpriority=\"high\" decoding=\"async\" width=\"1024\" height=\"768\" src=\"https:\/\/contextoanalisisperiodistico.com\/wp-content\/uploads\/2024\/03\/img-20240320-wa0024281686146463799087-1024x768.jpg\" alt=\"\" class=\"wp-image-25270\" srcset=\"https:\/\/contextoanalisisperiodistico.com\/wp-content\/uploads\/2024\/03\/img-20240320-wa0024281686146463799087-1024x768.jpg 1024w, https:\/\/contextoanalisisperiodistico.com\/wp-content\/uploads\/2024\/03\/img-20240320-wa0024281686146463799087-300x225.jpg 300w, https:\/\/contextoanalisisperiodistico.com\/wp-content\/uploads\/2024\/03\/img-20240320-wa0024281686146463799087-768x576.jpg 768w, https:\/\/contextoanalisisperiodistico.com\/wp-content\/uploads\/2024\/03\/img-20240320-wa0024281686146463799087.jpg 1280w\" sizes=\"(max-width: 1024px) 100vw, 1024px\" \/><\/figure>\n\n\n\n<figure class=\"wp-block-image\"><img decoding=\"async\" width=\"1024\" height=\"594\" src=\"https:\/\/contextoanalisisperiodistico.com\/wp-content\/uploads\/2024\/03\/img-20240320-wa00262004389829969633550-1024x594.jpg\" alt=\"\" class=\"wp-image-25271\" srcset=\"https:\/\/contextoanalisisperiodistico.com\/wp-content\/uploads\/2024\/03\/img-20240320-wa00262004389829969633550-1024x594.jpg 1024w, https:\/\/contextoanalisisperiodistico.com\/wp-content\/uploads\/2024\/03\/img-20240320-wa00262004389829969633550-300x174.jpg 300w, https:\/\/contextoanalisisperiodistico.com\/wp-content\/uploads\/2024\/03\/img-20240320-wa00262004389829969633550-768x445.jpg 768w, https:\/\/contextoanalisisperiodistico.com\/wp-content\/uploads\/2024\/03\/img-20240320-wa00262004389829969633550-1536x891.jpg 1536w, https:\/\/contextoanalisisperiodistico.com\/wp-content\/uploads\/2024\/03\/img-20240320-wa00262004389829969633550.jpg 1600w\" sizes=\"(max-width: 1024px) 100vw, 1024px\" \/><\/figure>\n\n\n\n<p>Al confirmarse la presencia de la candidata presidencial X\u00f3chitl G\u00e1lvez Ru\u00edz el pr\u00f3ximo fin de semana a Salina Cruz y Tehuantepec, la dirigente estatal del Partido Acci\u00f3n Nacional, Perla Woolrich Fern\u00e1ndez expres\u00f3 que hay j\u00fabilo y entusiasmo de la ciudadan\u00eda del Istmo de Tehuantepec, porque nuevamente hay esperanza y la expectativa de que habr\u00e1 un cambio cuando sea elegida como primera presidenta de M\u00e9xico.<\/p>\n\n\n\n<p>La l\u00edder panista expuso que hay un hartazgo en las comunidades, en las regiones porque la ciudadan\u00eda ya se dio cuenta que el gobierno dice muchas mentiras y no ha cumplido lo que prometieron, \u201cno hay seguridad, tan solo en el Istmo asesinaron hace unos d\u00edas al presidente municipal de Chahuites, Joaqu\u00edn Mart\u00ednez y se suma a todos los hechos de violencia que se viven a diario, aunque todos quieren vivir en paz, este gobierno no hace nada para evitar estos hechos, no se atienden a las v\u00edctimas, no les importan\u201d.<\/p>\n\n\n\n<p>Denunci\u00f3 que el partido oficial y su gobernador en Oaxaca est\u00e1n robando candidatos a otros partidos, \u201cpeor a\u00fan, amenazan a quienes aspiran a alg\u00fan cargo, tenemos casos donde cancelan su participaci\u00f3n, porque les llaman y los amenazan para que no acepten\u201d.<\/p>\n\n\n\n<p>Expres\u00f3 que anta la fallida campa\u00f1a que tiene el partido oficial, el presidente AMLO y sus gobernadores como el de Oaxaca, violando la ley se han metido de lleno en las campa\u00f1as, y los vemos en plena veda electoral haciendo actos p\u00fablicos, \u201cno pueden hacerlo, pero no les importa, inauguran obras, hacen giras y todo tipo de actos contrarios a la ley\u201d.<\/p>\n\n\n\n<p>En ese marco, dijo que el PAN seguir\u00e1 buscando que se cumpla la ley, por eso record\u00f3 que hay una resoluci\u00f3n de la Sala Superior del Tribunal Electoral del Poder Judicial de la Federaci\u00f3n en la que se estableci\u00f3 que el gobernador es un violador de la ley electoral.<\/p>\n\n\n\n<p>En esa sentencia, se establece que el gobernador de Morena en Oaxaca \u201cvulner\u00f3 los principios de imparcialidad, equidad y neutralidad, as\u00ed como el uso indebido de recursos p\u00fablicos\u201d -de dinero del pueblo- atribuidos a servidores p\u00fablicos y por ello se da vista al Congreso Estatal y a la secretar\u00eda de Honestidad y Transparencia para los efectos se\u00f1alados en ese fallo. Tambi\u00e9n se orden\u00f3 realizar la inscripci\u00f3n que corresponde en el cat\u00e1logo de sujetos sancionados partidos pol\u00edticos, etc.<\/p>\n\n\n\n<p>Sin embargo, aclar\u00f3 que la C\u00e1mara de Diputados, \u201cno ha hecho nada, porque solo son empleados del se\u00f1or Gobernador, y solo le llaman Congreso al edificio, as\u00ed las cosas, no han cumplido, la sanci\u00f3n que se ordena que se imponga al gobernador, a menos que se interponga un recurso de inejecuci\u00f3n de la sentencia, para que sea cumplida\u201d.<\/p>\n\n\n\n<p>Al respecto, la secretaria de promoci\u00f3n pol\u00edtica de la mujer del CDE del PAN, Adriana Jim\u00e9nez puntualiz\u00f3 que \u201ceste acto es resultado de la violaci\u00f3n a las leyes electorales, est\u00e1 acreditado el desv\u00edo de recursos por parte del Ejecutivo Estatal, vemos al legislativo evidentemente sumiso ante el Poder Ejecutivo, con el recurso que se interpondr\u00e1 nuevamente ante el Tribunal Electoral del Poder Judicial de la Federaci\u00f3n, quien resuelva, porque hay una sentencia y la ciudadan\u00eda debe saber que as\u00ed sea una amonestaci\u00f3n p\u00fablica que la ley s\u00ed se aplica, para el presidente, para el gobernador, para los diputados y todos los servidores p\u00fablicos que cometen delitos\u201d.<\/p>\n\n\n\n<p>La dirigente estatal panista se sum\u00f3 a la confianza que las instancias judiciales resolver\u00e1n conforme a derecho como ya lo ha hecho.<\/p>\n","protected":false},"excerpt":{"rendered":"<p>*Al mismo tiempo, denuncia que por amenazas de muerte est\u00e1n renunciando candidatos del PAN a&#8230;<\/p>\n","protected":false},"author":4,"featured_media":25269,"comment_status":"","ping_status":"open","sticky":false,"template":"","format":"standard","meta":{"footnotes":""},"categories":[9],"tags":[],"jetpack_sharing_enabled":true,"featured_image_urls":{"full":["https:\/\/contextoanalisisperiodistico.com\/wp-content\/uploads\/2024\/03\/IMG-20240320-WA0025.jpg",1280,960,false],"thumbnail":["https:\/\/contextoanalisisperiodistico.com\/wp-content\/uploads\/2024\/03\/IMG-20240320-WA0025-150x150.jpg",150,150,true],"medium":["https:\/\/contextoanalisisperiodistico.com\/wp-content\/uploads\/2024\/03\/IMG-20240320-WA0025-300x225.jpg",300,225,true],"medium_large":["https:\/\/contextoanalisisperiodistico.com\/wp-content\/uploads\/2024\/03\/IMG-20240320-WA0025-768x576.jpg",640,480,true],"large":["https:\/\/contextoanalisisperiodistico.com\/wp-content\/uploads\/2024\/03\/IMG-20240320-WA0025-1024x768.jpg",640,480,true],"1536x1536":["https:\/\/contextoanalisisperiodistico.com\/wp-content\/uploads\/2024\/03\/IMG-20240320-WA0025.jpg",1280,960,false],"2048x2048":["https:\/\/contextoanalisisperiodistico.com\/wp-content\/uploads\/2024\/03\/IMG-20240320-WA0025.jpg",1280,960,false],"covernews-slider-full":["https:\/\/contextoanalisisperiodistico.com\/wp-content\/uploads\/2024\/03\/IMG-20240320-WA0025-1115x715.jpg",1115,715,true],"covernews-slider-center":["https:\/\/contextoanalisisperiodistico.com\/wp-content\/uploads\/2024\/03\/IMG-20240320-WA0025-800x500.jpg",800,500,true],"covernews-featured":["https:\/\/contextoanalisisperiodistico.com\/wp-content\/uploads\/2024\/03\/IMG-20240320-WA0025-1024x768.jpg",1024,768,true],"covernews-medium":["https:\/\/contextoanalisisperiodistico.com\/wp-content\/uploads\/2024\/03\/IMG-20240320-WA0025-540x340.jpg",540,340,true],"covernews-medium-square":["https:\/\/contextoanalisisperiodistico.com\/wp-content\/uploads\/2024\/03\/IMG-20240320-WA0025-400x250.jpg",400,250,true]},"author_info":{"display_name":"Mario Gir\u00f3n","author_link":"https:\/\/contextoanalisisperiodistico.com\/index.php\/author\/director\/"},"category_info":"<a href=\"https:\/\/contextoanalisisperiodistico.com\/index.php\/category\/politica\/\" rel=\"category tag\">Pol\u00edtica<\/a>","tag_info":"Pol\u00edtica","comment_count":"0","jetpack_featured_media_url":"https:\/\/contextoanalisisperiodistico.com\/wp-content\/uploads\/2024\/03\/IMG-20240320-WA0025.jpg","_links":{"self":[{"href":"https:\/\/contextoanalisisperiodistico.com\/index.php\/wp-json\/wp\/v2\/posts\/25272"}],"collection":[{"href":"https:\/\/contextoanalisisperiodistico.com\/index.php\/wp-json\/wp\/v2\/posts"}],"about":[{"href":"https:\/\/contextoanalisisperiodistico.com\/index.php\/wp-json\/wp\/v2\/types\/post"}],"author":[{"embeddable":true,"href":"https:\/\/contextoanalisisperiodistico.com\/index.php\/wp-json\/wp\/v2\/users\/4"}],"replies":[{"embeddable":true,"href":"https:\/\/contextoanalisisperiodistico.com\/index.php\/wp-json\/wp\/v2\/comments?post=25272"}],"version-history":[{"count":0,"href":"https:\/\/contextoanalisisperiodistico.com\/index.php\/wp-json\/wp\/v2\/posts\/25272\/revisions"}],"wp:featuredmedia":[{"embeddable":true,"href":"https:\/\/contextoanalisisperiodistico.com\/index.php\/wp-json\/wp\/v2\/media\/25269"}],"wp:attachment":[{"href":"https:\/\/contextoanalisisperiodistico.com\/index.php\/wp-json\/wp\/v2\/media?parent=25272"}],"wp:term":[{"taxonomy":"category","embeddable":true,"href":"https:\/\/contextoanalisisperiodistico.com\/index.php\/wp-json\/wp\/v2\/categories?post=25272"},{"taxonomy":"post_tag","embeddable":true,"href":"https:\/\/contextoanalisisperiodistico.com\/index.php\/wp-json\/wp\/v2\/tags?post=25272"}],"curies":[{"name":"wp","href":"https:\/\/api.w.org\/{rel}","templated":true}]}}