{"id":25268,"date":"2024-03-20T08:47:08","date_gmt":"2024-03-20T14:47:08","guid":{"rendered":"https:\/\/contextoanalisisperiodistico.com\/index.php\/2024\/03\/20\/la-lepra-es-prevenible-y-puede-curarse-con-tratamiento\/"},"modified":"2024-03-20T08:47:08","modified_gmt":"2024-03-20T14:47:08","slug":"la-lepra-es-prevenible-y-puede-curarse-con-tratamiento","status":"publish","type":"post","link":"https:\/\/contextoanalisisperiodistico.com\/index.php\/2024\/03\/20\/la-lepra-es-prevenible-y-puede-curarse-con-tratamiento\/","title":{"rendered":"La lepra es prevenible y puede curarse con tratamiento"},"content":{"rendered":"<div id=\"fb-root\"><\/div>\n\n<p>\u2022 No se tiene reporte de transmisi\u00f3n asociada a eventos masivos en Oaxaca<\/p>\n\n\n\n<p>\u2022 Insta SSO a la poblaci\u00f3n a mantenerse informada a trav\u00e9s de fuentes oficiales<\/p>\n\n\n\n<p>Oaxaca de Ju\u00e1rez, Oax. 19 de marzo de 2024.- La lepra es una enfermedad con baja capacidad de contagio comparada con otros padecimientos infecciosos, su transmisi\u00f3n requiere de un contacto cercano y prolongado con una persona infectada y no tratada, por lo que no se tiene reporte de transmisi\u00f3n asociada a eventos masivos, inform\u00f3 los Servicios de Salud de Oaxaca (SSO).<\/p>\n\n\n\n<p>La dependencia explic\u00f3 que esta patolog\u00eda, tambi\u00e9n conocida como enfermedad de Hansen, es causada por la bacteria Mycobacterium leprae, que afecta principalmente a la piel y los nervios perif\u00e9ricos.<\/p>\n\n\n\n<p>Los estudios indican que m\u00e1s del 95 por ciento de la poblaci\u00f3n posee una resistencia natural a la bacteria, lo cual significa que incluso en contacto con una persona portadora no tratada, el riesgo de desarrollarla es m\u00ednimo.<\/p>\n\n\n\n<p>Asimismo, diversas pruebas han demostrado que la infectividad (capacidad de un agente pat\u00f3geno para invadir un organismo y provocar en este una infecci\u00f3n) de un paciente desaparece a los tres meses del tratamiento.<\/p>\n\n\n\n<p>En Oaxaca el porcentaje de casos que ingresan a tratamiento, que lo terminan y que se cura es del 100 por ciento, lo que disminuye a\u00fan m\u00e1s el riesgo de transmisi\u00f3n a la poblaci\u00f3n.<\/p>\n\n\n\n<p>En el territorio oaxaque\u00f1o esta enfermedad es considerada de baja transmisi\u00f3n conforme a los criterios de la Organizaci\u00f3n Panamericana de la Salud (OPS), reportando al cierre del a\u00f1o 2023 dos casos confirmados, los cuales ya se encuentran en tratamiento y de manera particular, durante el presente a\u00f1o no se tienen registrados casos en la regi\u00f3n de la Costa.<\/p>\n\n\n\n<p>Con base en lo anterior y respecto a la realizaci\u00f3n de eventos masivos, SSO reitera que el riesgo de transmisi\u00f3n de esta enfermedad en un encuentro casual o de corta duraci\u00f3n es extremadamente bajo, por lo que no existe alerta en la entidad por esta causa.<\/p>\n\n\n\n<p>La dependencia invita a la poblaci\u00f3n a mantenerse informada a trav\u00e9s de fuentes oficiales. <\/p>\n","protected":false},"excerpt":{"rendered":"<p>\u2022 No se tiene reporte de transmisi\u00f3n asociada a eventos masivos en Oaxaca \u2022 Insta&#8230;<\/p>\n","protected":false},"author":4,"featured_media":25267,"comment_status":"","ping_status":"open","sticky":false,"template":"","format":"standard","meta":{"footnotes":""},"categories":[92],"tags":[],"jetpack_sharing_enabled":true,"featured_image_urls":{"full":["https:\/\/contextoanalisisperiodistico.com\/wp-content\/uploads\/2024\/03\/IMG-20240320-WA0007.jpg",1280,940,false],"thumbnail":["https:\/\/contextoanalisisperiodistico.com\/wp-content\/uploads\/2024\/03\/IMG-20240320-WA0007-150x150.jpg",150,150,true],"medium":["https:\/\/contextoanalisisperiodistico.com\/wp-content\/uploads\/2024\/03\/IMG-20240320-WA0007-300x220.jpg",300,220,true],"medium_large":["https:\/\/contextoanalisisperiodistico.com\/wp-content\/uploads\/2024\/03\/IMG-20240320-WA0007-768x564.jpg",640,470,true],"large":["https:\/\/contextoanalisisperiodistico.com\/wp-content\/uploads\/2024\/03\/IMG-20240320-WA0007-1024x752.jpg",640,470,true],"1536x1536":["https:\/\/contextoanalisisperiodistico.com\/wp-content\/uploads\/2024\/03\/IMG-20240320-WA0007.jpg",1280,940,false],"2048x2048":["https:\/\/contextoanalisisperiodistico.com\/wp-content\/uploads\/2024\/03\/IMG-20240320-WA0007.jpg",1280,940,false],"covernews-slider-full":["https:\/\/contextoanalisisperiodistico.com\/wp-content\/uploads\/2024\/03\/IMG-20240320-WA0007-1115x715.jpg",1115,715,true],"covernews-slider-center":["https:\/\/contextoanalisisperiodistico.com\/wp-content\/uploads\/2024\/03\/IMG-20240320-WA0007-800x500.jpg",800,500,true],"covernews-featured":["https:\/\/contextoanalisisperiodistico.com\/wp-content\/uploads\/2024\/03\/IMG-20240320-WA0007-1024x752.jpg",1024,752,true],"covernews-medium":["https:\/\/contextoanalisisperiodistico.com\/wp-content\/uploads\/2024\/03\/IMG-20240320-WA0007-540x340.jpg",540,340,true],"covernews-medium-square":["https:\/\/contextoanalisisperiodistico.com\/wp-content\/uploads\/2024\/03\/IMG-20240320-WA0007-400x250.jpg",400,250,true]},"author_info":{"display_name":"Mario Gir\u00f3n","author_link":"https:\/\/contextoanalisisperiodistico.com\/index.php\/author\/director\/"},"category_info":"<a href=\"https:\/\/contextoanalisisperiodistico.com\/index.php\/category\/salud\/\" rel=\"category tag\">Salud<\/a>","tag_info":"Salud","comment_count":"0","jetpack_featured_media_url":"https:\/\/contextoanalisisperiodistico.com\/wp-content\/uploads\/2024\/03\/IMG-20240320-WA0007.jpg","_links":{"self":[{"href":"https:\/\/contextoanalisisperiodistico.com\/index.php\/wp-json\/wp\/v2\/posts\/25268"}],"collection":[{"href":"https:\/\/contextoanalisisperiodistico.com\/index.php\/wp-json\/wp\/v2\/posts"}],"about":[{"href":"https:\/\/contextoanalisisperiodistico.com\/index.php\/wp-json\/wp\/v2\/types\/post"}],"author":[{"embeddable":true,"href":"https:\/\/contextoanalisisperiodistico.com\/index.php\/wp-json\/wp\/v2\/users\/4"}],"replies":[{"embeddable":true,"href":"https:\/\/contextoanalisisperiodistico.com\/index.php\/wp-json\/wp\/v2\/comments?post=25268"}],"version-history":[{"count":0,"href":"https:\/\/contextoanalisisperiodistico.com\/index.php\/wp-json\/wp\/v2\/posts\/25268\/revisions"}],"wp:featuredmedia":[{"embeddable":true,"href":"https:\/\/contextoanalisisperiodistico.com\/index.php\/wp-json\/wp\/v2\/media\/25267"}],"wp:attachment":[{"href":"https:\/\/contextoanalisisperiodistico.com\/index.php\/wp-json\/wp\/v2\/media?parent=25268"}],"wp:term":[{"taxonomy":"category","embeddable":true,"href":"https:\/\/contextoanalisisperiodistico.com\/index.php\/wp-json\/wp\/v2\/categories?post=25268"},{"taxonomy":"post_tag","embeddable":true,"href":"https:\/\/contextoanalisisperiodistico.com\/index.php\/wp-json\/wp\/v2\/tags?post=25268"}],"curies":[{"name":"wp","href":"https:\/\/api.w.org\/{rel}","templated":true}]}}