{"id":25237,"date":"2024-03-15T13:56:25","date_gmt":"2024-03-15T19:56:25","guid":{"rendered":"https:\/\/contextoanalisisperiodistico.com\/index.php\/2024\/03\/15\/restablece-sso-ascensor-del-hospital-aurelio-valdivieso\/"},"modified":"2024-03-15T13:56:25","modified_gmt":"2024-03-15T19:56:25","slug":"restablece-sso-ascensor-del-hospital-aurelio-valdivieso","status":"publish","type":"post","link":"https:\/\/contextoanalisisperiodistico.com\/index.php\/2024\/03\/15\/restablece-sso-ascensor-del-hospital-aurelio-valdivieso\/","title":{"rendered":"Restablece SSO ascensor del Hospital Aurelio Valdivieso"},"content":{"rendered":"<div id=\"fb-root\"><\/div>\n\n<p>\u2022 La dependencia inform\u00f3 que durante cinco d\u00edas se trabaj\u00f3 en el mantenimiento y cambio de piezas para el correcto funcionamiento del elevador y garantizar que se cumpla con la normatividad y especificaciones de seguridad que se solicita<\/p>\n\n\n\n<figure class=\"wp-block-image size-large\"><img fetchpriority=\"high\" decoding=\"async\" width=\"768\" height=\"1024\" src=\"https:\/\/contextoanalisisperiodistico.com\/wp-content\/uploads\/2024\/03\/img-20240315-wa00142514933137990427155-768x1024.jpg\" alt=\"\" class=\"wp-image-25236\" srcset=\"https:\/\/contextoanalisisperiodistico.com\/wp-content\/uploads\/2024\/03\/img-20240315-wa00142514933137990427155-768x1024.jpg 768w, https:\/\/contextoanalisisperiodistico.com\/wp-content\/uploads\/2024\/03\/img-20240315-wa00142514933137990427155-225x300.jpg 225w, https:\/\/contextoanalisisperiodistico.com\/wp-content\/uploads\/2024\/03\/img-20240315-wa00142514933137990427155-1152x1536.jpg 1152w, https:\/\/contextoanalisisperiodistico.com\/wp-content\/uploads\/2024\/03\/img-20240315-wa00142514933137990427155-1024x1365.jpg 1024w, https:\/\/contextoanalisisperiodistico.com\/wp-content\/uploads\/2024\/03\/img-20240315-wa00142514933137990427155.jpg 1200w\" sizes=\"(max-width: 768px) 100vw, 768px\" \/><\/figure>\n\n\n\n<p>Oaxaca de Ju\u00e1rez, Oax. 15 de marzo de 2024.- Servicios de Salud de Oaxaca (SSO) inform\u00f3 que desde el pasado 11 de marzo, personal t\u00e9cnico especializado de mantenimiento trabaj\u00f3 para la reparaci\u00f3n del elevador del Hospital General Doctor Aurelio Valdivieso, ubicado en la capital del estado, y este viernes se encuentra restablecido su funcionamiento en beneficio de las personas usuarias.<\/p>\n\n\n\n<p>La dependencia dio a conocer que durante estos cinco d\u00edas se trabaj\u00f3 en el mantenimiento y cambio de piezas para el correcto funcionamiento del ascensor y con ello garantizar que se cumpla con la normatividad y especificaciones de seguridad que se solicita.<\/p>\n\n\n\n<p>Derivado de la notificaci\u00f3n por parte de personal directivo del nosocomio sobre las fallas que presentaba el elevador en este centro m\u00e9dico, los SSO atendieron la solicitud para que fuera restablecido en tiempo y forma.<\/p>\n\n\n\n<p>Asimismo, este hospital tiene garantizado el suministro de agua potable para brindar el servicio m\u00e9dico correspondiente.<\/p>\n\n\n\n<p>La instituci\u00f3n destac\u00f3 que se contin\u00faa con los trabajos de remodelaci\u00f3n de dicho nosocomio en una primera etapa, que contempla las \u00e1reas de medicina interna, consulta externa, residencias m\u00e9dicas y la construcci\u00f3n de un pozo profundo, para mejorar el servicio que se oferta a la poblaci\u00f3n oaxaque\u00f1a sin seguridad social.<\/p>\n\n\n\n<p>-0-<\/p>\n","protected":false},"excerpt":{"rendered":"<p>\u2022 La dependencia inform\u00f3 que durante cinco d\u00edas se trabaj\u00f3 en el mantenimiento y cambio&#8230;<\/p>\n","protected":false},"author":4,"featured_media":25235,"comment_status":"","ping_status":"open","sticky":false,"template":"","format":"standard","meta":{"footnotes":""},"categories":[9],"tags":[],"jetpack_sharing_enabled":true,"featured_image_urls":{"full":["https:\/\/contextoanalisisperiodistico.com\/wp-content\/uploads\/2024\/03\/IMG-20240315-WA0014.jpg",1200,1600,false],"thumbnail":["https:\/\/contextoanalisisperiodistico.com\/wp-content\/uploads\/2024\/03\/IMG-20240315-WA0014-150x150.jpg",150,150,true],"medium":["https:\/\/contextoanalisisperiodistico.com\/wp-content\/uploads\/2024\/03\/IMG-20240315-WA0014-225x300.jpg",225,300,true],"medium_large":["https:\/\/contextoanalisisperiodistico.com\/wp-content\/uploads\/2024\/03\/IMG-20240315-WA0014-768x1024.jpg",640,853,true],"large":["https:\/\/contextoanalisisperiodistico.com\/wp-content\/uploads\/2024\/03\/IMG-20240315-WA0014-768x1024.jpg",640,853,true],"1536x1536":["https:\/\/contextoanalisisperiodistico.com\/wp-content\/uploads\/2024\/03\/IMG-20240315-WA0014-1152x1536.jpg",1152,1536,true],"2048x2048":["https:\/\/contextoanalisisperiodistico.com\/wp-content\/uploads\/2024\/03\/IMG-20240315-WA0014.jpg",1200,1600,false],"covernews-slider-full":["https:\/\/contextoanalisisperiodistico.com\/wp-content\/uploads\/2024\/03\/IMG-20240315-WA0014-1115x715.jpg",1115,715,true],"covernews-slider-center":["https:\/\/contextoanalisisperiodistico.com\/wp-content\/uploads\/2024\/03\/IMG-20240315-WA0014-800x500.jpg",800,500,true],"covernews-featured":["https:\/\/contextoanalisisperiodistico.com\/wp-content\/uploads\/2024\/03\/IMG-20240315-WA0014-1024x1365.jpg",1024,1365,true],"covernews-medium":["https:\/\/contextoanalisisperiodistico.com\/wp-content\/uploads\/2024\/03\/IMG-20240315-WA0014-540x340.jpg",540,340,true],"covernews-medium-square":["https:\/\/contextoanalisisperiodistico.com\/wp-content\/uploads\/2024\/03\/IMG-20240315-WA0014-400x250.jpg",400,250,true]},"author_info":{"display_name":"Mario Gir\u00f3n","author_link":"https:\/\/contextoanalisisperiodistico.com\/index.php\/author\/director\/"},"category_info":"<a href=\"https:\/\/contextoanalisisperiodistico.com\/index.php\/category\/politica\/\" rel=\"category tag\">Pol\u00edtica<\/a>","tag_info":"Pol\u00edtica","comment_count":"0","jetpack_featured_media_url":"https:\/\/contextoanalisisperiodistico.com\/wp-content\/uploads\/2024\/03\/IMG-20240315-WA0014.jpg","_links":{"self":[{"href":"https:\/\/contextoanalisisperiodistico.com\/index.php\/wp-json\/wp\/v2\/posts\/25237"}],"collection":[{"href":"https:\/\/contextoanalisisperiodistico.com\/index.php\/wp-json\/wp\/v2\/posts"}],"about":[{"href":"https:\/\/contextoanalisisperiodistico.com\/index.php\/wp-json\/wp\/v2\/types\/post"}],"author":[{"embeddable":true,"href":"https:\/\/contextoanalisisperiodistico.com\/index.php\/wp-json\/wp\/v2\/users\/4"}],"replies":[{"embeddable":true,"href":"https:\/\/contextoanalisisperiodistico.com\/index.php\/wp-json\/wp\/v2\/comments?post=25237"}],"version-history":[{"count":0,"href":"https:\/\/contextoanalisisperiodistico.com\/index.php\/wp-json\/wp\/v2\/posts\/25237\/revisions"}],"wp:featuredmedia":[{"embeddable":true,"href":"https:\/\/contextoanalisisperiodistico.com\/index.php\/wp-json\/wp\/v2\/media\/25235"}],"wp:attachment":[{"href":"https:\/\/contextoanalisisperiodistico.com\/index.php\/wp-json\/wp\/v2\/media?parent=25237"}],"wp:term":[{"taxonomy":"category","embeddable":true,"href":"https:\/\/contextoanalisisperiodistico.com\/index.php\/wp-json\/wp\/v2\/categories?post=25237"},{"taxonomy":"post_tag","embeddable":true,"href":"https:\/\/contextoanalisisperiodistico.com\/index.php\/wp-json\/wp\/v2\/tags?post=25237"}],"curies":[{"name":"wp","href":"https:\/\/api.w.org\/{rel}","templated":true}]}}