{"id":25232,"date":"2024-03-15T09:08:10","date_gmt":"2024-03-15T15:08:10","guid":{"rendered":"https:\/\/contextoanalisisperiodistico.com\/index.php\/2024\/03\/15\/nueva-ruta-del-citybus-cubrira-de-tlalixtac-de-cabrera-al-crucero-de-5-senores\/"},"modified":"2024-03-15T09:08:10","modified_gmt":"2024-03-15T15:08:10","slug":"nueva-ruta-del-citybus-cubrira-de-tlalixtac-de-cabrera-al-crucero-de-5-senores","status":"publish","type":"post","link":"https:\/\/contextoanalisisperiodistico.com\/index.php\/2024\/03\/15\/nueva-ruta-del-citybus-cubrira-de-tlalixtac-de-cabrera-al-crucero-de-5-senores\/","title":{"rendered":"Nueva ruta del Citybus cubrir\u00e1 de Tlalixtac de Cabrera al Crucero de 5 Se\u00f1ores"},"content":{"rendered":"<div id=\"fb-root\"><\/div>\n\n<p>\u2022 Operar\u00e1 en un horario de 06:00 a 22:00 horas<\/p>\n\n\n\n<p>San Antonio de la Cal, Oax. 15 de marzo de 2024.- La Secretar\u00eda de Movilidad (Semovi) informa que este 15 de marzo inici\u00f3 la Ruta RC03 del Sistema de Transporte Colectivo Metropolitano (Citybus), que cubrir\u00e1 el trayecto del municipio de Tlalixtac de Cabrera al Crucero de 5 Se\u00f1ores en la capital oaxaque\u00f1a.<\/p>\n\n\n\n<p>La nueva ruta abarcar\u00e1 los municipios de Oaxaca de Ju\u00e1rez, Santa Luc\u00eda del Camino, Santa Cruz Amilpas, San Sebasti\u00e1n Tutla y Tlalixtac de Cabrera.<\/p>\n\n\n\n<p>Este servicio contar\u00e1 con cinco unidades con la crom\u00e1tica autorizada, plataformas de ascenso y descenso para personas con discapacidad, y al igual que las dos rutas del Citybus que ya operan, conservar\u00e1 el ascenso y descenso bajo demanda para la seguridad de mujeres y adolescentes, adem\u00e1s del ingreso de carriolas y bicicletas en las unidades.<\/p>\n\n\n\n<p>La ruta operar\u00e1 en un horario de 6:00 a 22:00 horas, con una tarifa autorizada de ocho pesos y con tarifa especial de cuatro pesos para estudiantes, personas adultas mayores y la gratuidad para personas con discapacidad.<\/p>\n\n\n\n<p>Todas las unidades recibieron mantenimiento preventivo y correctivo, cuentan con seguro y ser\u00e1n operadas por personas capacitadas en materia de normatividad para una movilidad segura, prevenci\u00f3n y atenci\u00f3n del acoso sexual en unidades de transporte a fin de brindar seguridad a las personas usuarias.<\/p>\n\n\n\n<p>-0-<\/p>\n\n\n\n<figure class=\"wp-block-image size-large\"><img fetchpriority=\"high\" decoding=\"async\" width=\"1024\" height=\"742\" src=\"https:\/\/contextoanalisisperiodistico.com\/wp-content\/uploads\/2024\/03\/img-20240315-wa00042744811099339636988-1024x742.jpg\" alt=\"\" class=\"wp-image-25231\" srcset=\"https:\/\/contextoanalisisperiodistico.com\/wp-content\/uploads\/2024\/03\/img-20240315-wa00042744811099339636988-1024x742.jpg 1024w, https:\/\/contextoanalisisperiodistico.com\/wp-content\/uploads\/2024\/03\/img-20240315-wa00042744811099339636988-300x218.jpg 300w, https:\/\/contextoanalisisperiodistico.com\/wp-content\/uploads\/2024\/03\/img-20240315-wa00042744811099339636988-768x557.jpg 768w, https:\/\/contextoanalisisperiodistico.com\/wp-content\/uploads\/2024\/03\/img-20240315-wa00042744811099339636988.jpg 1280w\" sizes=\"(max-width: 1024px) 100vw, 1024px\" \/><\/figure>\n","protected":false},"excerpt":{"rendered":"<p>\u2022 Operar\u00e1 en un horario de 06:00 a 22:00 horas San Antonio de la Cal,&#8230;<\/p>\n","protected":false},"author":4,"featured_media":25230,"comment_status":"","ping_status":"open","sticky":false,"template":"","format":"standard","meta":{"footnotes":""},"categories":[9],"tags":[],"jetpack_sharing_enabled":true,"featured_image_urls":{"full":["https:\/\/contextoanalisisperiodistico.com\/wp-content\/uploads\/2024\/03\/IMG-20240315-WA0003.jpg",1280,928,false],"thumbnail":["https:\/\/contextoanalisisperiodistico.com\/wp-content\/uploads\/2024\/03\/IMG-20240315-WA0003-150x150.jpg",150,150,true],"medium":["https:\/\/contextoanalisisperiodistico.com\/wp-content\/uploads\/2024\/03\/IMG-20240315-WA0003-300x218.jpg",300,218,true],"medium_large":["https:\/\/contextoanalisisperiodistico.com\/wp-content\/uploads\/2024\/03\/IMG-20240315-WA0003-768x557.jpg",640,464,true],"large":["https:\/\/contextoanalisisperiodistico.com\/wp-content\/uploads\/2024\/03\/IMG-20240315-WA0003-1024x742.jpg",640,464,true],"1536x1536":["https:\/\/contextoanalisisperiodistico.com\/wp-content\/uploads\/2024\/03\/IMG-20240315-WA0003.jpg",1280,928,false],"2048x2048":["https:\/\/contextoanalisisperiodistico.com\/wp-content\/uploads\/2024\/03\/IMG-20240315-WA0003.jpg",1280,928,false],"covernews-slider-full":["https:\/\/contextoanalisisperiodistico.com\/wp-content\/uploads\/2024\/03\/IMG-20240315-WA0003-1115x715.jpg",1115,715,true],"covernews-slider-center":["https:\/\/contextoanalisisperiodistico.com\/wp-content\/uploads\/2024\/03\/IMG-20240315-WA0003-800x500.jpg",800,500,true],"covernews-featured":["https:\/\/contextoanalisisperiodistico.com\/wp-content\/uploads\/2024\/03\/IMG-20240315-WA0003-1024x742.jpg",1024,742,true],"covernews-medium":["https:\/\/contextoanalisisperiodistico.com\/wp-content\/uploads\/2024\/03\/IMG-20240315-WA0003-540x340.jpg",540,340,true],"covernews-medium-square":["https:\/\/contextoanalisisperiodistico.com\/wp-content\/uploads\/2024\/03\/IMG-20240315-WA0003-400x250.jpg",400,250,true]},"author_info":{"display_name":"Mario Gir\u00f3n","author_link":"https:\/\/contextoanalisisperiodistico.com\/index.php\/author\/director\/"},"category_info":"<a href=\"https:\/\/contextoanalisisperiodistico.com\/index.php\/category\/politica\/\" rel=\"category tag\">Pol\u00edtica<\/a>","tag_info":"Pol\u00edtica","comment_count":"0","jetpack_featured_media_url":"https:\/\/contextoanalisisperiodistico.com\/wp-content\/uploads\/2024\/03\/IMG-20240315-WA0003.jpg","_links":{"self":[{"href":"https:\/\/contextoanalisisperiodistico.com\/index.php\/wp-json\/wp\/v2\/posts\/25232"}],"collection":[{"href":"https:\/\/contextoanalisisperiodistico.com\/index.php\/wp-json\/wp\/v2\/posts"}],"about":[{"href":"https:\/\/contextoanalisisperiodistico.com\/index.php\/wp-json\/wp\/v2\/types\/post"}],"author":[{"embeddable":true,"href":"https:\/\/contextoanalisisperiodistico.com\/index.php\/wp-json\/wp\/v2\/users\/4"}],"replies":[{"embeddable":true,"href":"https:\/\/contextoanalisisperiodistico.com\/index.php\/wp-json\/wp\/v2\/comments?post=25232"}],"version-history":[{"count":0,"href":"https:\/\/contextoanalisisperiodistico.com\/index.php\/wp-json\/wp\/v2\/posts\/25232\/revisions"}],"wp:featuredmedia":[{"embeddable":true,"href":"https:\/\/contextoanalisisperiodistico.com\/index.php\/wp-json\/wp\/v2\/media\/25230"}],"wp:attachment":[{"href":"https:\/\/contextoanalisisperiodistico.com\/index.php\/wp-json\/wp\/v2\/media?parent=25232"}],"wp:term":[{"taxonomy":"category","embeddable":true,"href":"https:\/\/contextoanalisisperiodistico.com\/index.php\/wp-json\/wp\/v2\/categories?post=25232"},{"taxonomy":"post_tag","embeddable":true,"href":"https:\/\/contextoanalisisperiodistico.com\/index.php\/wp-json\/wp\/v2\/tags?post=25232"}],"curies":[{"name":"wp","href":"https:\/\/api.w.org\/{rel}","templated":true}]}}