{"id":25214,"date":"2024-03-14T16:00:23","date_gmt":"2024-03-14T22:00:23","guid":{"rendered":"https:\/\/contextoanalisisperiodistico.com\/index.php\/2024\/03\/14\/inicia-nueva-ruta-del-citybus-de-tlalixtac-a-la-rotonda-de-la-libelula\/"},"modified":"2024-03-14T16:00:23","modified_gmt":"2024-03-14T22:00:23","slug":"inicia-nueva-ruta-del-citybus-de-tlalixtac-a-la-rotonda-de-la-libelula","status":"publish","type":"post","link":"https:\/\/contextoanalisisperiodistico.com\/index.php\/2024\/03\/14\/inicia-nueva-ruta-del-citybus-de-tlalixtac-a-la-rotonda-de-la-libelula\/","title":{"rendered":"Inicia nueva ruta del Citybus, de Tlalixtac a la rotonda de La Lib\u00e9lula"},"content":{"rendered":"<div id=\"fb-root\"><\/div>\n\n<p>\u2022 La Ruta RC03 tiene un recorrido de 22.4 km con 51 paradas que abarcan la zona de Ciudad Administrativa y Avenida Ferrocarril<\/p>\n\n\n\n<p>San Antonio de la Cal, Oax. 14 de marzo de 2024.- A partir de este 15 de marzo inicia la Ruta RC03 del Sistema de Transporte Colectivo Metropolitano Citybus que cubrir\u00e1 del municipio de Tlalixtac de Cabrera a la Rotonda de La Lib\u00e9lula en la capital oaxaque\u00f1a.<\/p>\n\n\n\n<p>La nueva ruta del Citybus tendr\u00e1 un recorrido de 22.4 kil\u00f3metros, con 51 paradas tanto de ida como de vuelta cubriendo los municipios de Oaxaca de Ju\u00e1rez, Santa Luc\u00eda del Camino, Santa Cruz Amilpas, San Sebasti\u00e1n Tutla y Tlalixtac de Cabrera.<\/p>\n\n\n\n<p>Este servicio contar\u00e1 con cinco unidades con la crom\u00e1tica autorizada, plataformas de ascenso y descenso para personas con discapacidad, y al igual que las dos rutas del Citybus que ya operan, conservar\u00e1n el ascenso y descenso bajo demanda para la seguridad de mujeres y adolescentes, adem\u00e1s del ingreso de carriolas y bicicletas en las unidades.<\/p>\n\n\n\n<p>La ruta operar\u00e1 en un horario de 6:00 a 22:00 horas, con una tarifa autorizada de ocho pesos y con tarifa especial de cuatro pesos para estudiantes, personas adultas mayores y la gratuidad para personas con discapacidad.<\/p>\n\n\n\n<p>Todas las unidades recibieron mantenimiento preventivo y correctivo, cuentan con seguro y ser\u00e1n operadas por personas capacitadas en materia de normatividad para una movilidad segura, prevenci\u00f3n y atenci\u00f3n del acoso sexual en unidades de transporte a fin de brindar seguridad a las personas usuarias.<\/p>\n\n\n\n<p>-0-<\/p>\n\n\n\n<figure class=\"wp-block-image size-large\"><img fetchpriority=\"high\" decoding=\"async\" width=\"1024\" height=\"742\" src=\"https:\/\/contextoanalisisperiodistico.com\/wp-content\/uploads\/2024\/03\/img-20240314-wa00213096490469558833709-1024x742.jpg\" alt=\"\" class=\"wp-image-25213\" srcset=\"https:\/\/contextoanalisisperiodistico.com\/wp-content\/uploads\/2024\/03\/img-20240314-wa00213096490469558833709-1024x742.jpg 1024w, https:\/\/contextoanalisisperiodistico.com\/wp-content\/uploads\/2024\/03\/img-20240314-wa00213096490469558833709-300x217.jpg 300w, https:\/\/contextoanalisisperiodistico.com\/wp-content\/uploads\/2024\/03\/img-20240314-wa00213096490469558833709-768x556.jpg 768w, https:\/\/contextoanalisisperiodistico.com\/wp-content\/uploads\/2024\/03\/img-20240314-wa00213096490469558833709-1536x1113.jpg 1536w, https:\/\/contextoanalisisperiodistico.com\/wp-content\/uploads\/2024\/03\/img-20240314-wa00213096490469558833709.jpg 1600w\" sizes=\"(max-width: 1024px) 100vw, 1024px\" \/><\/figure>\n","protected":false},"excerpt":{"rendered":"<p>\u2022 La Ruta RC03 tiene un recorrido de 22.4 km con 51 paradas que abarcan&#8230;<\/p>\n","protected":false},"author":4,"featured_media":25212,"comment_status":"","ping_status":"open","sticky":false,"template":"","format":"standard","meta":{"footnotes":""},"categories":[3],"tags":[],"jetpack_sharing_enabled":true,"featured_image_urls":{"full":["https:\/\/contextoanalisisperiodistico.com\/wp-content\/uploads\/2024\/03\/IMG-20240314-WA0020.jpg",990,717,false],"thumbnail":["https:\/\/contextoanalisisperiodistico.com\/wp-content\/uploads\/2024\/03\/IMG-20240314-WA0020-150x150.jpg",150,150,true],"medium":["https:\/\/contextoanalisisperiodistico.com\/wp-content\/uploads\/2024\/03\/IMG-20240314-WA0020-300x217.jpg",300,217,true],"medium_large":["https:\/\/contextoanalisisperiodistico.com\/wp-content\/uploads\/2024\/03\/IMG-20240314-WA0020-768x556.jpg",640,463,true],"large":["https:\/\/contextoanalisisperiodistico.com\/wp-content\/uploads\/2024\/03\/IMG-20240314-WA0020.jpg",640,464,false],"1536x1536":["https:\/\/contextoanalisisperiodistico.com\/wp-content\/uploads\/2024\/03\/IMG-20240314-WA0020.jpg",990,717,false],"2048x2048":["https:\/\/contextoanalisisperiodistico.com\/wp-content\/uploads\/2024\/03\/IMG-20240314-WA0020.jpg",990,717,false],"covernews-slider-full":["https:\/\/contextoanalisisperiodistico.com\/wp-content\/uploads\/2024\/03\/IMG-20240314-WA0020-990x715.jpg",990,715,true],"covernews-slider-center":["https:\/\/contextoanalisisperiodistico.com\/wp-content\/uploads\/2024\/03\/IMG-20240314-WA0020-800x500.jpg",800,500,true],"covernews-featured":["https:\/\/contextoanalisisperiodistico.com\/wp-content\/uploads\/2024\/03\/IMG-20240314-WA0020.jpg",990,717,false],"covernews-medium":["https:\/\/contextoanalisisperiodistico.com\/wp-content\/uploads\/2024\/03\/IMG-20240314-WA0020-540x340.jpg",540,340,true],"covernews-medium-square":["https:\/\/contextoanalisisperiodistico.com\/wp-content\/uploads\/2024\/03\/IMG-20240314-WA0020-400x250.jpg",400,250,true]},"author_info":{"display_name":"Mario Gir\u00f3n","author_link":"https:\/\/contextoanalisisperiodistico.com\/index.php\/author\/director\/"},"category_info":"<a href=\"https:\/\/contextoanalisisperiodistico.com\/index.php\/category\/ciudad\/\" rel=\"category tag\">Ciudad<\/a>","tag_info":"Ciudad","comment_count":"0","jetpack_featured_media_url":"https:\/\/contextoanalisisperiodistico.com\/wp-content\/uploads\/2024\/03\/IMG-20240314-WA0020.jpg","_links":{"self":[{"href":"https:\/\/contextoanalisisperiodistico.com\/index.php\/wp-json\/wp\/v2\/posts\/25214"}],"collection":[{"href":"https:\/\/contextoanalisisperiodistico.com\/index.php\/wp-json\/wp\/v2\/posts"}],"about":[{"href":"https:\/\/contextoanalisisperiodistico.com\/index.php\/wp-json\/wp\/v2\/types\/post"}],"author":[{"embeddable":true,"href":"https:\/\/contextoanalisisperiodistico.com\/index.php\/wp-json\/wp\/v2\/users\/4"}],"replies":[{"embeddable":true,"href":"https:\/\/contextoanalisisperiodistico.com\/index.php\/wp-json\/wp\/v2\/comments?post=25214"}],"version-history":[{"count":0,"href":"https:\/\/contextoanalisisperiodistico.com\/index.php\/wp-json\/wp\/v2\/posts\/25214\/revisions"}],"wp:featuredmedia":[{"embeddable":true,"href":"https:\/\/contextoanalisisperiodistico.com\/index.php\/wp-json\/wp\/v2\/media\/25212"}],"wp:attachment":[{"href":"https:\/\/contextoanalisisperiodistico.com\/index.php\/wp-json\/wp\/v2\/media?parent=25214"}],"wp:term":[{"taxonomy":"category","embeddable":true,"href":"https:\/\/contextoanalisisperiodistico.com\/index.php\/wp-json\/wp\/v2\/categories?post=25214"},{"taxonomy":"post_tag","embeddable":true,"href":"https:\/\/contextoanalisisperiodistico.com\/index.php\/wp-json\/wp\/v2\/tags?post=25214"}],"curies":[{"name":"wp","href":"https:\/\/api.w.org\/{rel}","templated":true}]}}