{"id":25207,"date":"2024-03-14T08:11:02","date_gmt":"2024-03-14T14:11:02","guid":{"rendered":"https:\/\/contextoanalisisperiodistico.com\/index.php\/2024\/03\/14\/tapar-los-depositos-de-agua-fundamental-para-evitar-el-dengue\/"},"modified":"2024-03-14T08:11:02","modified_gmt":"2024-03-14T14:11:02","slug":"tapar-los-depositos-de-agua-fundamental-para-evitar-el-dengue","status":"publish","type":"post","link":"https:\/\/contextoanalisisperiodistico.com\/index.php\/2024\/03\/14\/tapar-los-depositos-de-agua-fundamental-para-evitar-el-dengue\/","title":{"rendered":"Tapar los dep\u00f3sitos de agua, fundamental para evitar el dengue"},"content":{"rendered":"<div id=\"fb-root\"><\/div>\n\n<p>\u2022 Se reportan cinco casos nuevos de la enfermedad que suman 65 en toda la entidad. Sin notificaciones de defunciones<\/p>\n\n\n\n<figure class=\"wp-block-image size-large\"><img fetchpriority=\"high\" decoding=\"async\" width=\"615\" height=\"1024\" src=\"https:\/\/contextoanalisisperiodistico.com\/wp-content\/uploads\/2024\/03\/img-20240314-wa0003830006543390691752-615x1024.jpg\" alt=\"\" class=\"wp-image-25206\" srcset=\"https:\/\/contextoanalisisperiodistico.com\/wp-content\/uploads\/2024\/03\/img-20240314-wa0003830006543390691752-615x1024.jpg 615w, https:\/\/contextoanalisisperiodistico.com\/wp-content\/uploads\/2024\/03\/img-20240314-wa0003830006543390691752-180x300.jpg 180w, https:\/\/contextoanalisisperiodistico.com\/wp-content\/uploads\/2024\/03\/img-20240314-wa0003830006543390691752.jpg 700w\" sizes=\"(max-width: 615px) 100vw, 615px\" \/><\/figure>\n\n\n\n<figure class=\"wp-block-image\"><img decoding=\"async\" width=\"838\" height=\"1024\" src=\"https:\/\/contextoanalisisperiodistico.com\/wp-content\/uploads\/2024\/03\/img-20240314-wa00057930520997516158101-838x1024.jpg\" alt=\"\" class=\"wp-image-25205\" srcset=\"https:\/\/contextoanalisisperiodistico.com\/wp-content\/uploads\/2024\/03\/img-20240314-wa00057930520997516158101-838x1024.jpg 838w, https:\/\/contextoanalisisperiodistico.com\/wp-content\/uploads\/2024\/03\/img-20240314-wa00057930520997516158101-245x300.jpg 245w, https:\/\/contextoanalisisperiodistico.com\/wp-content\/uploads\/2024\/03\/img-20240314-wa00057930520997516158101-768x939.jpg 768w, https:\/\/contextoanalisisperiodistico.com\/wp-content\/uploads\/2024\/03\/img-20240314-wa00057930520997516158101.jpg 936w\" sizes=\"(max-width: 838px) 100vw, 838px\" \/><\/figure>\n\n\n\n<p>Oaxaca de Ju\u00e1rez, Oax. 13 de marzo de 2024.- En esta temporada de estiaje los Servicios de Salud de Oaxaca (SSO) recomiendan tapar o sellar todos los dep\u00f3sitos de almacenamiento de agua para evitar la presencia del mosquito Aedes Aegypti, causante de la enfermedad del dengue.<\/p>\n\n\n\n<p>La dependencia recomienda tapar con malla mosquitera, pl\u00e1sticos, tul o tela, los dep\u00f3sitos peque\u00f1os como tambos, tinas y cubetas, para impedir que el zancudo coloque sus huevecillos en los recipientes, adem\u00e1s de evitar su contaminaci\u00f3n.<\/p>\n\n\n\n<p>Y es que, en esta temporada de calor y de primeras lluvias, la proliferaci\u00f3n del mosco es m\u00e1s r\u00e1pida por la humedad, motivo por el cual se deben eliminar los cacharros de manera oportuna.<\/p>\n\n\n\n<p>Al corte de la semana epidemiol\u00f3gica n\u00famero 10 se mantienen cero defunciones y cinco casos nuevos de dengue, que suman 65 acumulados en toda la entidad; de los cuales, 47 corresponden a Dengue Con Signos de Alarma (DCSA), 12 a Dengue No Grave (DNG) y seis a Dengue Grave (DG).<\/p>\n\n\n\n<p>Con 34 casos en mujeres y 31 en hombres por jurisdicci\u00f3n sanitaria, Valles Centrales contabiliza 34 reportes, seguido de Costa con 19, Istmo cinco, Tuxtepec cuatro, Sierra dos y Mixteca un caso.<\/p>\n\n\n\n<p>Los municipios con mayor n\u00famero de pacientes son Oaxaca de Ju\u00e1rez, Santa Mar\u00eda Huatulco, Santa Mar\u00eda Atzompa, M\u00e1rtires de Tacubaya, San Agust\u00edn de las Juntas y Santa Cruz Xoxocotl\u00e1n.<\/p>\n\n\n\n<p>Por grupo de edad, los m\u00e1s afectados son de 25 a 29 a\u00f1os, seguido de 10 a 14, 35 a 39, 5 a 9, 20 a 24, 15 a 19 y 30 a 34 a\u00f1os, entre otros.<\/p>\n\n\n\n<p>Finalmente, la instituci\u00f3n exhorta a la poblaci\u00f3n a no automedicarse ante cualquier s\u00edntoma y acudir a la unidad de salud m\u00e1s cercana, adem\u00e1s de participar en las medidas preventivas como: Mi casa sin dengue, Yo protejo a mi familia del mosquito y Tequio en casa.<\/p>\n\n\n\n<p>-0-<\/p>\n","protected":false},"excerpt":{"rendered":"<p>\u2022 Se reportan cinco casos nuevos de la enfermedad que suman 65 en toda la&#8230;<\/p>\n","protected":false},"author":4,"featured_media":25204,"comment_status":"","ping_status":"open","sticky":false,"template":"","format":"standard","meta":{"footnotes":""},"categories":[92],"tags":[],"jetpack_sharing_enabled":true,"featured_image_urls":{"full":["https:\/\/contextoanalisisperiodistico.com\/wp-content\/uploads\/2024\/03\/IMG-20240314-WA0004.jpg",1600,1200,false],"thumbnail":["https:\/\/contextoanalisisperiodistico.com\/wp-content\/uploads\/2024\/03\/IMG-20240314-WA0004-150x150.jpg",150,150,true],"medium":["https:\/\/contextoanalisisperiodistico.com\/wp-content\/uploads\/2024\/03\/IMG-20240314-WA0004-300x225.jpg",300,225,true],"medium_large":["https:\/\/contextoanalisisperiodistico.com\/wp-content\/uploads\/2024\/03\/IMG-20240314-WA0004-768x576.jpg",640,480,true],"large":["https:\/\/contextoanalisisperiodistico.com\/wp-content\/uploads\/2024\/03\/IMG-20240314-WA0004-1024x768.jpg",640,480,true],"1536x1536":["https:\/\/contextoanalisisperiodistico.com\/wp-content\/uploads\/2024\/03\/IMG-20240314-WA0004-1536x1152.jpg",1536,1152,true],"2048x2048":["https:\/\/contextoanalisisperiodistico.com\/wp-content\/uploads\/2024\/03\/IMG-20240314-WA0004.jpg",1600,1200,false],"covernews-slider-full":["https:\/\/contextoanalisisperiodistico.com\/wp-content\/uploads\/2024\/03\/IMG-20240314-WA0004-1115x715.jpg",1115,715,true],"covernews-slider-center":["https:\/\/contextoanalisisperiodistico.com\/wp-content\/uploads\/2024\/03\/IMG-20240314-WA0004-800x500.jpg",800,500,true],"covernews-featured":["https:\/\/contextoanalisisperiodistico.com\/wp-content\/uploads\/2024\/03\/IMG-20240314-WA0004-1024x768.jpg",1024,768,true],"covernews-medium":["https:\/\/contextoanalisisperiodistico.com\/wp-content\/uploads\/2024\/03\/IMG-20240314-WA0004-540x340.jpg",540,340,true],"covernews-medium-square":["https:\/\/contextoanalisisperiodistico.com\/wp-content\/uploads\/2024\/03\/IMG-20240314-WA0004-400x250.jpg",400,250,true]},"author_info":{"display_name":"Mario Gir\u00f3n","author_link":"https:\/\/contextoanalisisperiodistico.com\/index.php\/author\/director\/"},"category_info":"<a href=\"https:\/\/contextoanalisisperiodistico.com\/index.php\/category\/salud\/\" rel=\"category tag\">Salud<\/a>","tag_info":"Salud","comment_count":"0","jetpack_featured_media_url":"https:\/\/contextoanalisisperiodistico.com\/wp-content\/uploads\/2024\/03\/IMG-20240314-WA0004.jpg","_links":{"self":[{"href":"https:\/\/contextoanalisisperiodistico.com\/index.php\/wp-json\/wp\/v2\/posts\/25207"}],"collection":[{"href":"https:\/\/contextoanalisisperiodistico.com\/index.php\/wp-json\/wp\/v2\/posts"}],"about":[{"href":"https:\/\/contextoanalisisperiodistico.com\/index.php\/wp-json\/wp\/v2\/types\/post"}],"author":[{"embeddable":true,"href":"https:\/\/contextoanalisisperiodistico.com\/index.php\/wp-json\/wp\/v2\/users\/4"}],"replies":[{"embeddable":true,"href":"https:\/\/contextoanalisisperiodistico.com\/index.php\/wp-json\/wp\/v2\/comments?post=25207"}],"version-history":[{"count":0,"href":"https:\/\/contextoanalisisperiodistico.com\/index.php\/wp-json\/wp\/v2\/posts\/25207\/revisions"}],"wp:featuredmedia":[{"embeddable":true,"href":"https:\/\/contextoanalisisperiodistico.com\/index.php\/wp-json\/wp\/v2\/media\/25204"}],"wp:attachment":[{"href":"https:\/\/contextoanalisisperiodistico.com\/index.php\/wp-json\/wp\/v2\/media?parent=25207"}],"wp:term":[{"taxonomy":"category","embeddable":true,"href":"https:\/\/contextoanalisisperiodistico.com\/index.php\/wp-json\/wp\/v2\/categories?post=25207"},{"taxonomy":"post_tag","embeddable":true,"href":"https:\/\/contextoanalisisperiodistico.com\/index.php\/wp-json\/wp\/v2\/tags?post=25207"}],"curies":[{"name":"wp","href":"https:\/\/api.w.org\/{rel}","templated":true}]}}