{"id":25203,"date":"2024-03-12T20:19:11","date_gmt":"2024-03-13T02:19:11","guid":{"rendered":"https:\/\/contextoanalisisperiodistico.com\/index.php\/2024\/03\/12\/santiago-matatlan-tendra-la-segunda-edicion-del-mezcal-medio-maraton-2024\/"},"modified":"2024-03-12T20:19:11","modified_gmt":"2024-03-13T02:19:11","slug":"santiago-matatlan-tendra-la-segunda-edicion-del-mezcal-medio-maraton-2024","status":"publish","type":"post","link":"https:\/\/contextoanalisisperiodistico.com\/index.php\/2024\/03\/12\/santiago-matatlan-tendra-la-segunda-edicion-del-mezcal-medio-maraton-2024\/","title":{"rendered":"Santiago Matatl\u00e1n tendr\u00e1 la segunda edici\u00f3n del Mezcal Medio Marat\u00f3n 2024"},"content":{"rendered":"<div id=\"fb-root\"><\/div>\n\n<p>\u2022 Se llevar\u00e1 a cabo el pr\u00f3ximo 17 de marzo; las categor\u00edas son 5, 10 y 21 kil\u00f3metros<\/p>\n\n\n\n<p>Oaxaca de Ju\u00e1rez, Oax. 12 de marzo de 2024.- Santiago Matatl\u00e1n, poblaci\u00f3n reconocida como \u201cla capital mundial del mezcal\u201d ser\u00e1 sede de la segunda edici\u00f3n del Mezcal Medio Marat\u00f3n 2024, que se llevar\u00e1 a cabo el pr\u00f3ximo 17 de marzo.<\/p>\n\n\n\n<p>Este evento tur\u00edstico deportivo fusionar\u00e1 el paisaje de magueyes, palenques, el recibimiento de las y los maestros mezcaleros, con la emoci\u00f3n de m\u00e1s de 800 participantes que se esperan.<\/p>\n\n\n\n<p>Durante el anuncio, la Secretar\u00eda de Turismo del Estado (Sectur Oaxaca) destac\u00f3 la pertenencia de este municipio a la Ruta Caminos del Mezcal que integra escenarios ideales para este tipo de actividades, adem\u00e1s de gastronom\u00eda, y experiencias \u00fanicas conociendo el proceso de elaboraci\u00f3n y degustando una de las bebidas ancestrales que identifica a la entidad en el mundo, el mezcal.<\/p>\n\n\n\n<p>Las autoridades municipales de Santiago Matatl\u00e1n extendieron la invitaci\u00f3n al turismo local e internacional, as\u00ed como a las y los oaxaque\u00f1os a visitar la comunidad y participar en esta competencia de kil\u00f3metros de magueyales que recorrer\u00e1 palenques, donde se podr\u00e1 disfrutar del mezcal oaxaque\u00f1o y los aromas del maguey cocido.<\/p>\n\n\n\n<p>En tanto, el coordinador del Mezcal Medio Marat\u00f3n 2024, Gerardo Levy L\u00f3pez M\u00e9ndez, detall\u00f3 que las inscripciones est\u00e1n abiertas hasta el 16 de marzo a trav\u00e9s de la liga https:\/\/linktr.ee\/runmagicfet, en las categor\u00edas de 5, 10 y 21 kil\u00f3metros. Resalt\u00f3 que el objetivo es posicionar a Santiago Matatl\u00e1n como un destino tur\u00edstico deportivo y consolidar esta competencia como una actividad a trav\u00e9s de la cual es posible conocer la riqueza natural y cultural de la comunidad.<\/p>\n\n\n\n<p>Reconoci\u00f3 el apoyo de la dependencia estatal para la promoci\u00f3n de la competencia, as\u00ed como la apertura de las autoridades municipales, del Comisariado de Bienes Comunales y el Comit\u00e9 de Ecoturismo 2024 de la poblaci\u00f3n para realizar la carrera por segundo a\u00f1o consecutivo.<\/p>\n\n\n\n<p>La competencia que tambi\u00e9n busca promover el deporte, la salud y la convivencia familiar partir\u00e1 a las 7:30 horas del palacio municipal.<\/p>\n\n\n\n<figure class=\"wp-block-image size-large\"><img fetchpriority=\"high\" decoding=\"async\" width=\"819\" height=\"1024\" src=\"https:\/\/contextoanalisisperiodistico.com\/wp-content\/uploads\/2024\/03\/img-20240312-wa00288402588652531853784-819x1024.jpg\" alt=\"\" class=\"wp-image-25200\" srcset=\"https:\/\/contextoanalisisperiodistico.com\/wp-content\/uploads\/2024\/03\/img-20240312-wa00288402588652531853784-819x1024.jpg 819w, https:\/\/contextoanalisisperiodistico.com\/wp-content\/uploads\/2024\/03\/img-20240312-wa00288402588652531853784-240x300.jpg 240w, https:\/\/contextoanalisisperiodistico.com\/wp-content\/uploads\/2024\/03\/img-20240312-wa00288402588652531853784-768x961.jpg 768w, https:\/\/contextoanalisisperiodistico.com\/wp-content\/uploads\/2024\/03\/img-20240312-wa00288402588652531853784-1024x1281.jpg 1024w, https:\/\/contextoanalisisperiodistico.com\/wp-content\/uploads\/2024\/03\/img-20240312-wa00288402588652531853784.jpg 1080w\" sizes=\"(max-width: 819px) 100vw, 819px\" \/><\/figure>\n\n\n\n<figure class=\"wp-block-image\"><img decoding=\"async\" width=\"819\" height=\"1024\" src=\"https:\/\/contextoanalisisperiodistico.com\/wp-content\/uploads\/2024\/03\/img-20240312-wa00264798090410210687825-819x1024.jpg\" alt=\"\" class=\"wp-image-25202\" srcset=\"https:\/\/contextoanalisisperiodistico.com\/wp-content\/uploads\/2024\/03\/img-20240312-wa00264798090410210687825-819x1024.jpg 819w, https:\/\/contextoanalisisperiodistico.com\/wp-content\/uploads\/2024\/03\/img-20240312-wa00264798090410210687825-240x300.jpg 240w, https:\/\/contextoanalisisperiodistico.com\/wp-content\/uploads\/2024\/03\/img-20240312-wa00264798090410210687825-768x960.jpg 768w, https:\/\/contextoanalisisperiodistico.com\/wp-content\/uploads\/2024\/03\/img-20240312-wa00264798090410210687825-1024x1280.jpg 1024w, https:\/\/contextoanalisisperiodistico.com\/wp-content\/uploads\/2024\/03\/img-20240312-wa00264798090410210687825.jpg 1080w\" sizes=\"(max-width: 819px) 100vw, 819px\" \/><\/figure>\n\n\n\n<figure class=\"wp-block-image\"><img decoding=\"async\" width=\"819\" height=\"1024\" src=\"https:\/\/contextoanalisisperiodistico.com\/wp-content\/uploads\/2024\/03\/img-20240312-wa00273683524856409113559-819x1024.jpg\" alt=\"\" class=\"wp-image-25199\" srcset=\"https:\/\/contextoanalisisperiodistico.com\/wp-content\/uploads\/2024\/03\/img-20240312-wa00273683524856409113559-819x1024.jpg 819w, https:\/\/contextoanalisisperiodistico.com\/wp-content\/uploads\/2024\/03\/img-20240312-wa00273683524856409113559-240x300.jpg 240w, https:\/\/contextoanalisisperiodistico.com\/wp-content\/uploads\/2024\/03\/img-20240312-wa00273683524856409113559-768x960.jpg 768w, https:\/\/contextoanalisisperiodistico.com\/wp-content\/uploads\/2024\/03\/img-20240312-wa00273683524856409113559-1024x1280.jpg 1024w, https:\/\/contextoanalisisperiodistico.com\/wp-content\/uploads\/2024\/03\/img-20240312-wa00273683524856409113559.jpg 1080w\" sizes=\"(max-width: 819px) 100vw, 819px\" \/><\/figure>\n\n\n\n<figure class=\"wp-block-image\"><img loading=\"lazy\" decoding=\"async\" width=\"819\" height=\"1024\" src=\"https:\/\/contextoanalisisperiodistico.com\/wp-content\/uploads\/2024\/03\/img-20240312-wa00254295123084619933920-819x1024.jpg\" alt=\"\" class=\"wp-image-25201\" srcset=\"https:\/\/contextoanalisisperiodistico.com\/wp-content\/uploads\/2024\/03\/img-20240312-wa00254295123084619933920-819x1024.jpg 819w, https:\/\/contextoanalisisperiodistico.com\/wp-content\/uploads\/2024\/03\/img-20240312-wa00254295123084619933920-240x300.jpg 240w, https:\/\/contextoanalisisperiodistico.com\/wp-content\/uploads\/2024\/03\/img-20240312-wa00254295123084619933920-768x960.jpg 768w, https:\/\/contextoanalisisperiodistico.com\/wp-content\/uploads\/2024\/03\/img-20240312-wa00254295123084619933920-1024x1280.jpg 1024w, https:\/\/contextoanalisisperiodistico.com\/wp-content\/uploads\/2024\/03\/img-20240312-wa00254295123084619933920.jpg 1080w\" sizes=\"(max-width: 819px) 100vw, 819px\" \/><\/figure>\n","protected":false},"excerpt":{"rendered":"<p>\u2022 Se llevar\u00e1 a cabo el pr\u00f3ximo 17 de marzo; las categor\u00edas son 5, 10&#8230;<\/p>\n","protected":false},"author":4,"featured_media":25198,"comment_status":"","ping_status":"open","sticky":false,"template":"","format":"standard","meta":{"footnotes":""},"categories":[9],"tags":[],"jetpack_sharing_enabled":true,"featured_image_urls":{"full":["https:\/\/contextoanalisisperiodistico.com\/wp-content\/uploads\/2024\/03\/IMG-20240312-WA0024.jpg",1600,1066,false],"thumbnail":["https:\/\/contextoanalisisperiodistico.com\/wp-content\/uploads\/2024\/03\/IMG-20240312-WA0024-150x150.jpg",150,150,true],"medium":["https:\/\/contextoanalisisperiodistico.com\/wp-content\/uploads\/2024\/03\/IMG-20240312-WA0024-300x200.jpg",300,200,true],"medium_large":["https:\/\/contextoanalisisperiodistico.com\/wp-content\/uploads\/2024\/03\/IMG-20240312-WA0024-768x512.jpg",640,427,true],"large":["https:\/\/contextoanalisisperiodistico.com\/wp-content\/uploads\/2024\/03\/IMG-20240312-WA0024-1024x682.jpg",640,426,true],"1536x1536":["https:\/\/contextoanalisisperiodistico.com\/wp-content\/uploads\/2024\/03\/IMG-20240312-WA0024-1536x1023.jpg",1536,1023,true],"2048x2048":["https:\/\/contextoanalisisperiodistico.com\/wp-content\/uploads\/2024\/03\/IMG-20240312-WA0024.jpg",1600,1066,false],"covernews-slider-full":["https:\/\/contextoanalisisperiodistico.com\/wp-content\/uploads\/2024\/03\/IMG-20240312-WA0024-1115x715.jpg",1115,715,true],"covernews-slider-center":["https:\/\/contextoanalisisperiodistico.com\/wp-content\/uploads\/2024\/03\/IMG-20240312-WA0024-800x500.jpg",800,500,true],"covernews-featured":["https:\/\/contextoanalisisperiodistico.com\/wp-content\/uploads\/2024\/03\/IMG-20240312-WA0024-1024x682.jpg",1024,682,true],"covernews-medium":["https:\/\/contextoanalisisperiodistico.com\/wp-content\/uploads\/2024\/03\/IMG-20240312-WA0024-540x340.jpg",540,340,true],"covernews-medium-square":["https:\/\/contextoanalisisperiodistico.com\/wp-content\/uploads\/2024\/03\/IMG-20240312-WA0024-400x250.jpg",400,250,true]},"author_info":{"display_name":"Mario Gir\u00f3n","author_link":"https:\/\/contextoanalisisperiodistico.com\/index.php\/author\/director\/"},"category_info":"<a href=\"https:\/\/contextoanalisisperiodistico.com\/index.php\/category\/politica\/\" rel=\"category tag\">Pol\u00edtica<\/a>","tag_info":"Pol\u00edtica","comment_count":"0","jetpack_featured_media_url":"https:\/\/contextoanalisisperiodistico.com\/wp-content\/uploads\/2024\/03\/IMG-20240312-WA0024.jpg","_links":{"self":[{"href":"https:\/\/contextoanalisisperiodistico.com\/index.php\/wp-json\/wp\/v2\/posts\/25203"}],"collection":[{"href":"https:\/\/contextoanalisisperiodistico.com\/index.php\/wp-json\/wp\/v2\/posts"}],"about":[{"href":"https:\/\/contextoanalisisperiodistico.com\/index.php\/wp-json\/wp\/v2\/types\/post"}],"author":[{"embeddable":true,"href":"https:\/\/contextoanalisisperiodistico.com\/index.php\/wp-json\/wp\/v2\/users\/4"}],"replies":[{"embeddable":true,"href":"https:\/\/contextoanalisisperiodistico.com\/index.php\/wp-json\/wp\/v2\/comments?post=25203"}],"version-history":[{"count":0,"href":"https:\/\/contextoanalisisperiodistico.com\/index.php\/wp-json\/wp\/v2\/posts\/25203\/revisions"}],"wp:featuredmedia":[{"embeddable":true,"href":"https:\/\/contextoanalisisperiodistico.com\/index.php\/wp-json\/wp\/v2\/media\/25198"}],"wp:attachment":[{"href":"https:\/\/contextoanalisisperiodistico.com\/index.php\/wp-json\/wp\/v2\/media?parent=25203"}],"wp:term":[{"taxonomy":"category","embeddable":true,"href":"https:\/\/contextoanalisisperiodistico.com\/index.php\/wp-json\/wp\/v2\/categories?post=25203"},{"taxonomy":"post_tag","embeddable":true,"href":"https:\/\/contextoanalisisperiodistico.com\/index.php\/wp-json\/wp\/v2\/tags?post=25203"}],"curies":[{"name":"wp","href":"https:\/\/api.w.org\/{rel}","templated":true}]}}