{"id":25197,"date":"2024-03-12T20:15:42","date_gmt":"2024-03-13T02:15:42","guid":{"rendered":"https:\/\/contextoanalisisperiodistico.com\/index.php\/2024\/03\/12\/en-oaxaca-las-mujeres-tendran-una-movilidad-segura\/"},"modified":"2024-03-12T20:15:42","modified_gmt":"2024-03-13T02:15:42","slug":"en-oaxaca-las-mujeres-tendran-una-movilidad-segura","status":"publish","type":"post","link":"https:\/\/contextoanalisisperiodistico.com\/index.php\/2024\/03\/12\/en-oaxaca-las-mujeres-tendran-una-movilidad-segura\/","title":{"rendered":"En Oaxaca las mujeres tendr\u00e1n una movilidad segura"},"content":{"rendered":"<div id=\"fb-root\"><\/div>\n\n<p>Oaxaca de Ju\u00e1rez, Oax. 12 de marzo de 2023.- A fin de prevenir y atender la violencia contra las mujeres en el transporte p\u00fablico, el Gobierno del Estado present\u00f3 el programa En Oaxaca nos movemos seguras.<\/p>\n\n\n\n<figure class=\"wp-block-image size-large\"><img fetchpriority=\"high\" decoding=\"async\" width=\"1024\" height=\"818\" src=\"https:\/\/contextoanalisisperiodistico.com\/wp-content\/uploads\/2024\/03\/img-20240312-wa00237621072066864631594-1024x818.jpg\" alt=\"\" class=\"wp-image-25196\" srcset=\"https:\/\/contextoanalisisperiodistico.com\/wp-content\/uploads\/2024\/03\/img-20240312-wa00237621072066864631594-1024x818.jpg 1024w, https:\/\/contextoanalisisperiodistico.com\/wp-content\/uploads\/2024\/03\/img-20240312-wa00237621072066864631594-300x240.jpg 300w, https:\/\/contextoanalisisperiodistico.com\/wp-content\/uploads\/2024\/03\/img-20240312-wa00237621072066864631594-768x614.jpg 768w, https:\/\/contextoanalisisperiodistico.com\/wp-content\/uploads\/2024\/03\/img-20240312-wa00237621072066864631594.jpg 1280w\" sizes=\"(max-width: 1024px) 100vw, 1024px\" \/><\/figure>\n\n\n\n<p>Una de las primeras acciones es visibilizar las conductas que representan acoso sexual en sus distintas manifestaciones, para desincentivar estas conductas.<\/p>\n\n\n\n<p>Asimismo, se busca informar que el acoso sexual debe ser de atenci\u00f3n de todas las personas usuarias del transporte y no solo de la v\u00edctima; tambi\u00e9n se incentivar\u00e1 y contribuir\u00e1 en el proceso de denuncia y apoyo a las personas afectadas por estos hechos para que puedan proceder de manera legal.<\/p>\n\n\n\n<p>Se sensibilizar\u00e1 a las personas usuarias y principalmente a las personas operadoras para contribuir en la visualizaci\u00f3n del acoso sexual cuando ocurra un hecho de este tipo a bordo de alguna unidad o en los puntos de ascenso y descenso. Adem\u00e1s, se brindar\u00e1 informaci\u00f3n a las v\u00edctimas para que sepan qu\u00e9 hacer y a qui\u00e9n acudir; as\u00ed como el proceso para realizar su denuncia de manera correcta.<\/p>\n\n\n\n<p>En este sentido, las mujeres que sean v\u00edctimas de acoso sexual en el transporte p\u00fablico pueden llamar al n\u00famero de emergencia 9-1-1 o de denuncia an\u00f3nima 089.<\/p>\n\n\n\n<p>De acuerdo con la Encuesta Nacional de Victimizaci\u00f3n y Percepci\u00f3n sobre Seguridad P\u00fablica 2023, el 60 por ciento de mujeres dejaron de utilizar el transporte p\u00fablico por temor a ser v\u00edctimas de alg\u00fan delito al momento de desplazarse.<\/p>\n\n\n\n<p>En el caso de la zona metropolitana de Oaxaca, 77 por ciento de las mujeres manifestaron sentirse inseguras en el transporte p\u00fablico, y m\u00e1s del 27 por ciento de los delitos ocurridos con mayor frecuencia se dan en la calle o en el transporte p\u00fablico. Con esta informaci\u00f3n se busca contar con un protocolo de atenci\u00f3n de Cero Acoso Sexual en el Transporte P\u00fablico.<\/p>\n\n\n\n<p>-0-<\/p>\n","protected":false},"excerpt":{"rendered":"<p>Oaxaca de Ju\u00e1rez, Oax. 12 de marzo de 2023.- A fin de prevenir y atender&#8230;<\/p>\n","protected":false},"author":4,"featured_media":25195,"comment_status":"","ping_status":"open","sticky":false,"template":"","format":"standard","meta":{"footnotes":""},"categories":[9],"tags":[],"jetpack_sharing_enabled":true,"featured_image_urls":{"full":["https:\/\/contextoanalisisperiodistico.com\/wp-content\/uploads\/2024\/03\/IMG-20240312-WA0022.jpg",1280,803,false],"thumbnail":["https:\/\/contextoanalisisperiodistico.com\/wp-content\/uploads\/2024\/03\/IMG-20240312-WA0022-150x150.jpg",150,150,true],"medium":["https:\/\/contextoanalisisperiodistico.com\/wp-content\/uploads\/2024\/03\/IMG-20240312-WA0022-300x188.jpg",300,188,true],"medium_large":["https:\/\/contextoanalisisperiodistico.com\/wp-content\/uploads\/2024\/03\/IMG-20240312-WA0022-768x482.jpg",640,402,true],"large":["https:\/\/contextoanalisisperiodistico.com\/wp-content\/uploads\/2024\/03\/IMG-20240312-WA0022-1024x642.jpg",640,401,true],"1536x1536":["https:\/\/contextoanalisisperiodistico.com\/wp-content\/uploads\/2024\/03\/IMG-20240312-WA0022.jpg",1280,803,false],"2048x2048":["https:\/\/contextoanalisisperiodistico.com\/wp-content\/uploads\/2024\/03\/IMG-20240312-WA0022.jpg",1280,803,false],"covernews-slider-full":["https:\/\/contextoanalisisperiodistico.com\/wp-content\/uploads\/2024\/03\/IMG-20240312-WA0022-1115x715.jpg",1115,715,true],"covernews-slider-center":["https:\/\/contextoanalisisperiodistico.com\/wp-content\/uploads\/2024\/03\/IMG-20240312-WA0022-800x500.jpg",800,500,true],"covernews-featured":["https:\/\/contextoanalisisperiodistico.com\/wp-content\/uploads\/2024\/03\/IMG-20240312-WA0022-1024x642.jpg",1024,642,true],"covernews-medium":["https:\/\/contextoanalisisperiodistico.com\/wp-content\/uploads\/2024\/03\/IMG-20240312-WA0022-540x340.jpg",540,340,true],"covernews-medium-square":["https:\/\/contextoanalisisperiodistico.com\/wp-content\/uploads\/2024\/03\/IMG-20240312-WA0022-400x250.jpg",400,250,true]},"author_info":{"display_name":"Mario Gir\u00f3n","author_link":"https:\/\/contextoanalisisperiodistico.com\/index.php\/author\/director\/"},"category_info":"<a href=\"https:\/\/contextoanalisisperiodistico.com\/index.php\/category\/politica\/\" rel=\"category tag\">Pol\u00edtica<\/a>","tag_info":"Pol\u00edtica","comment_count":"0","jetpack_featured_media_url":"https:\/\/contextoanalisisperiodistico.com\/wp-content\/uploads\/2024\/03\/IMG-20240312-WA0022.jpg","_links":{"self":[{"href":"https:\/\/contextoanalisisperiodistico.com\/index.php\/wp-json\/wp\/v2\/posts\/25197"}],"collection":[{"href":"https:\/\/contextoanalisisperiodistico.com\/index.php\/wp-json\/wp\/v2\/posts"}],"about":[{"href":"https:\/\/contextoanalisisperiodistico.com\/index.php\/wp-json\/wp\/v2\/types\/post"}],"author":[{"embeddable":true,"href":"https:\/\/contextoanalisisperiodistico.com\/index.php\/wp-json\/wp\/v2\/users\/4"}],"replies":[{"embeddable":true,"href":"https:\/\/contextoanalisisperiodistico.com\/index.php\/wp-json\/wp\/v2\/comments?post=25197"}],"version-history":[{"count":0,"href":"https:\/\/contextoanalisisperiodistico.com\/index.php\/wp-json\/wp\/v2\/posts\/25197\/revisions"}],"wp:featuredmedia":[{"embeddable":true,"href":"https:\/\/contextoanalisisperiodistico.com\/index.php\/wp-json\/wp\/v2\/media\/25195"}],"wp:attachment":[{"href":"https:\/\/contextoanalisisperiodistico.com\/index.php\/wp-json\/wp\/v2\/media?parent=25197"}],"wp:term":[{"taxonomy":"category","embeddable":true,"href":"https:\/\/contextoanalisisperiodistico.com\/index.php\/wp-json\/wp\/v2\/categories?post=25197"},{"taxonomy":"post_tag","embeddable":true,"href":"https:\/\/contextoanalisisperiodistico.com\/index.php\/wp-json\/wp\/v2\/tags?post=25197"}],"curies":[{"name":"wp","href":"https:\/\/api.w.org\/{rel}","templated":true}]}}