{"id":25194,"date":"2024-03-12T17:01:13","date_gmt":"2024-03-12T23:01:13","guid":{"rendered":"https:\/\/contextoanalisisperiodistico.com\/index.php\/2024\/03\/12\/reforzar-medidas-de-higiene-importante-para-prevenir-coxsackie\/"},"modified":"2024-03-12T17:01:13","modified_gmt":"2024-03-12T23:01:13","slug":"reforzar-medidas-de-higiene-importante-para-prevenir-coxsackie","status":"publish","type":"post","link":"https:\/\/contextoanalisisperiodistico.com\/index.php\/2024\/03\/12\/reforzar-medidas-de-higiene-importante-para-prevenir-coxsackie\/","title":{"rendered":"Reforzar medidas de higiene, importante para prevenir coxsackie"},"content":{"rendered":"<div id=\"fb-root\"><\/div>\n\n<p>\u2022 Este virus afecta principalmente a menores de cinco a\u00f1os y se puede propagar incluso cuando no hay sintomatolog\u00eda<\/p>\n\n\n\n<figure class=\"wp-block-image size-large\"><img fetchpriority=\"high\" decoding=\"async\" width=\"819\" height=\"1024\" src=\"https:\/\/contextoanalisisperiodistico.com\/wp-content\/uploads\/2024\/03\/img-20240312-wa00174280929227741017668-819x1024.jpg\" alt=\"\" class=\"wp-image-25193\" srcset=\"https:\/\/contextoanalisisperiodistico.com\/wp-content\/uploads\/2024\/03\/img-20240312-wa00174280929227741017668-819x1024.jpg 819w, https:\/\/contextoanalisisperiodistico.com\/wp-content\/uploads\/2024\/03\/img-20240312-wa00174280929227741017668-240x300.jpg 240w, https:\/\/contextoanalisisperiodistico.com\/wp-content\/uploads\/2024\/03\/img-20240312-wa00174280929227741017668-768x960.jpg 768w, https:\/\/contextoanalisisperiodistico.com\/wp-content\/uploads\/2024\/03\/img-20240312-wa00174280929227741017668-1229x1536.jpg 1229w, https:\/\/contextoanalisisperiodistico.com\/wp-content\/uploads\/2024\/03\/img-20240312-wa00174280929227741017668-1024x1280.jpg 1024w, https:\/\/contextoanalisisperiodistico.com\/wp-content\/uploads\/2024\/03\/img-20240312-wa00174280929227741017668.jpg 1280w\" sizes=\"(max-width: 819px) 100vw, 819px\" \/><\/figure>\n\n\n\n<p>Oaxaca de Ju\u00e1rez, Oax. 12 de marzo de 2024.- El lavado de manos, limpiar y desinfectar \u00e1reas comunes en el hogar y escuelas, son acciones esenciales para evitar casos de coxsackie, ya que este virus se propaga con facilidad en contextos grupales, como centros educativos, inform\u00f3 los Servicios de Salud de Oaxaca (SSO).<\/p>\n\n\n\n<p>Aunque es m\u00e1s frecuente en verano y a principios de oto\u00f1o, es importante evitar su propagaci\u00f3n en esta \u00e9poca del a\u00f1o, ya que este padecimiento, tambi\u00e9n conocido como de manos, pies y boca, es considerado como una enfermedad benigna, afecta sobre todo a menores de cinco a\u00f1os provocando llagas dolorosas en la boca, y sarpullido.<\/p>\n\n\n\n<p>Esta patolog\u00eda se propaga incluso cuando no hay sintomatolog\u00eda, y se transmite de una persona a otra a trav\u00e9s del contacto con manos sucias o superficies contaminadas, o por el contacto directo de saliva, flemas o mucosidad nasal.<\/p>\n\n\n\n<p>La dependencia destac\u00f3 que no existe a\u00fan ninguna vacuna para prevenir la infecci\u00f3n por el virus, por lo que la higiene es fundamental para evitarlo.<\/p>\n\n\n\n<p>En este sentido, exhort\u00f3 a las madres y padres de familia, as\u00ed como al personal educativo para que refuercen las acciones preventivas y evitar saludar de beso y al estornudar, cubrirse con el \u00e1ngulo del antebrazo, no compartir vasos o cubiertos y evitar tocar ojos, nariz y boca con manos sucias.<\/p>\n\n\n\n<p>En caso de presentar temperatura, dolor de garganta, \u00falceras en la boca que producen dolor o molestias al comer o beber, sarpullido en las palmas de las manos y las plantas de los pies y malestar general, las personas deben aislarse en casa hasta que desaparezcan los s\u00edntomas.<\/p>\n\n\n\n<p>Finalmente, la instituci\u00f3n recomend\u00f3 no automedicar a la poblaci\u00f3n infantil, acudir a la unidad de salud m\u00e1s cercana, dar el reporte a la escuela a la que asista y estar pendiente del seguimiento de la enfermedad, ya que, si los s\u00edntomas no mejoran despu\u00e9s de 10 d\u00edas y contin\u00faa la presencia de temperatura por m\u00e1s de tres d\u00edas, es necesario consultar nuevamente al personal m\u00e9dico.<br \/>-0-<\/p>\n","protected":false},"excerpt":{"rendered":"<p>\u2022 Este virus afecta principalmente a menores de cinco a\u00f1os y se puede propagar incluso&#8230;<\/p>\n","protected":false},"author":4,"featured_media":25192,"comment_status":"","ping_status":"open","sticky":false,"template":"","format":"standard","meta":{"footnotes":""},"categories":[92],"tags":[],"jetpack_sharing_enabled":true,"featured_image_urls":{"full":["https:\/\/contextoanalisisperiodistico.com\/wp-content\/uploads\/2024\/03\/IMG-20240312-WA0016.jpg",1280,1600,false],"thumbnail":["https:\/\/contextoanalisisperiodistico.com\/wp-content\/uploads\/2024\/03\/IMG-20240312-WA0016-150x150.jpg",150,150,true],"medium":["https:\/\/contextoanalisisperiodistico.com\/wp-content\/uploads\/2024\/03\/IMG-20240312-WA0016-240x300.jpg",240,300,true],"medium_large":["https:\/\/contextoanalisisperiodistico.com\/wp-content\/uploads\/2024\/03\/IMG-20240312-WA0016-768x960.jpg",640,800,true],"large":["https:\/\/contextoanalisisperiodistico.com\/wp-content\/uploads\/2024\/03\/IMG-20240312-WA0016-819x1024.jpg",640,800,true],"1536x1536":["https:\/\/contextoanalisisperiodistico.com\/wp-content\/uploads\/2024\/03\/IMG-20240312-WA0016-1229x1536.jpg",1229,1536,true],"2048x2048":["https:\/\/contextoanalisisperiodistico.com\/wp-content\/uploads\/2024\/03\/IMG-20240312-WA0016.jpg",1280,1600,false],"covernews-slider-full":["https:\/\/contextoanalisisperiodistico.com\/wp-content\/uploads\/2024\/03\/IMG-20240312-WA0016-1115x715.jpg",1115,715,true],"covernews-slider-center":["https:\/\/contextoanalisisperiodistico.com\/wp-content\/uploads\/2024\/03\/IMG-20240312-WA0016-800x500.jpg",800,500,true],"covernews-featured":["https:\/\/contextoanalisisperiodistico.com\/wp-content\/uploads\/2024\/03\/IMG-20240312-WA0016-1024x1280.jpg",1024,1280,true],"covernews-medium":["https:\/\/contextoanalisisperiodistico.com\/wp-content\/uploads\/2024\/03\/IMG-20240312-WA0016-540x340.jpg",540,340,true],"covernews-medium-square":["https:\/\/contextoanalisisperiodistico.com\/wp-content\/uploads\/2024\/03\/IMG-20240312-WA0016-400x250.jpg",400,250,true]},"author_info":{"display_name":"Mario Gir\u00f3n","author_link":"https:\/\/contextoanalisisperiodistico.com\/index.php\/author\/director\/"},"category_info":"<a href=\"https:\/\/contextoanalisisperiodistico.com\/index.php\/category\/salud\/\" rel=\"category tag\">Salud<\/a>","tag_info":"Salud","comment_count":"0","jetpack_featured_media_url":"https:\/\/contextoanalisisperiodistico.com\/wp-content\/uploads\/2024\/03\/IMG-20240312-WA0016.jpg","_links":{"self":[{"href":"https:\/\/contextoanalisisperiodistico.com\/index.php\/wp-json\/wp\/v2\/posts\/25194"}],"collection":[{"href":"https:\/\/contextoanalisisperiodistico.com\/index.php\/wp-json\/wp\/v2\/posts"}],"about":[{"href":"https:\/\/contextoanalisisperiodistico.com\/index.php\/wp-json\/wp\/v2\/types\/post"}],"author":[{"embeddable":true,"href":"https:\/\/contextoanalisisperiodistico.com\/index.php\/wp-json\/wp\/v2\/users\/4"}],"replies":[{"embeddable":true,"href":"https:\/\/contextoanalisisperiodistico.com\/index.php\/wp-json\/wp\/v2\/comments?post=25194"}],"version-history":[{"count":0,"href":"https:\/\/contextoanalisisperiodistico.com\/index.php\/wp-json\/wp\/v2\/posts\/25194\/revisions"}],"wp:featuredmedia":[{"embeddable":true,"href":"https:\/\/contextoanalisisperiodistico.com\/index.php\/wp-json\/wp\/v2\/media\/25192"}],"wp:attachment":[{"href":"https:\/\/contextoanalisisperiodistico.com\/index.php\/wp-json\/wp\/v2\/media?parent=25194"}],"wp:term":[{"taxonomy":"category","embeddable":true,"href":"https:\/\/contextoanalisisperiodistico.com\/index.php\/wp-json\/wp\/v2\/categories?post=25194"},{"taxonomy":"post_tag","embeddable":true,"href":"https:\/\/contextoanalisisperiodistico.com\/index.php\/wp-json\/wp\/v2\/tags?post=25194"}],"curies":[{"name":"wp","href":"https:\/\/api.w.org\/{rel}","templated":true}]}}