{"id":25191,"date":"2024-03-12T15:14:11","date_gmt":"2024-03-12T21:14:11","guid":{"rendered":"https:\/\/contextoanalisisperiodistico.com\/index.php\/2024\/03\/12\/combate-de-incendios-forestales-factor-de-estabilidad-social-y-gobernabilidad\/"},"modified":"2024-03-12T15:14:11","modified_gmt":"2024-03-12T21:14:11","slug":"combate-de-incendios-forestales-factor-de-estabilidad-social-y-gobernabilidad","status":"publish","type":"post","link":"https:\/\/contextoanalisisperiodistico.com\/index.php\/2024\/03\/12\/combate-de-incendios-forestales-factor-de-estabilidad-social-y-gobernabilidad\/","title":{"rendered":"Combate de incendios forestales, factor de estabilidad social y gobernabilidad"},"content":{"rendered":"<div id=\"fb-root\"><\/div>\n\n<p>\u2022 Instalar\u00e1n Comit\u00e9s Regionales de Prevenci\u00f3n y Combate de Incendios Forestales<\/p>\n\n\n\n<figure class=\"wp-block-image size-large\"><img fetchpriority=\"high\" decoding=\"async\" width=\"1024\" height=\"683\" src=\"https:\/\/contextoanalisisperiodistico.com\/wp-content\/uploads\/2024\/03\/img-20240312-wa00119110904462991763156-1024x683.jpg\" alt=\"\" class=\"wp-image-25190\" srcset=\"https:\/\/contextoanalisisperiodistico.com\/wp-content\/uploads\/2024\/03\/img-20240312-wa00119110904462991763156-1024x683.jpg 1024w, https:\/\/contextoanalisisperiodistico.com\/wp-content\/uploads\/2024\/03\/img-20240312-wa00119110904462991763156-300x200.jpg 300w, https:\/\/contextoanalisisperiodistico.com\/wp-content\/uploads\/2024\/03\/img-20240312-wa00119110904462991763156-768x512.jpg 768w, https:\/\/contextoanalisisperiodistico.com\/wp-content\/uploads\/2024\/03\/img-20240312-wa00119110904462991763156-1536x1024.jpg 1536w, https:\/\/contextoanalisisperiodistico.com\/wp-content\/uploads\/2024\/03\/img-20240312-wa00119110904462991763156.jpg 1600w\" sizes=\"(max-width: 1024px) 100vw, 1024px\" \/><\/figure>\n\n\n\n<p>Oaxaca de Ju\u00e1rez, Oax. 12 de marzo de 2024.- Al considerar el combate a los incendios forestales como un factor de estabilidad social y gobernabilidad, la Secretar\u00eda de Gobierno (Sego) inform\u00f3 que ser\u00e1n instalados los Comit\u00e9s Regionales de Prevenci\u00f3n y Combate de Incendios Forestales.<\/p>\n\n\n\n<p>En el marco de la conferencia de prensa del Gobernador de Oaxaca Salom\u00f3n Jara Cruz, tambi\u00e9n se dio a conocer que ser\u00e1n instalados los Centros Regionales de Operaciones (CRO), los cuales contar\u00e1n con personal t\u00e9cnico especializado, herramientas, equipo y aulas de capacitaci\u00f3n, comedor y dormitorios para combatientes.<\/p>\n\n\n\n<p>En la actualidad ya sesionan dos Comit\u00e9s Regionales, uno en Chimalapa, regi\u00f3n del Istmo y otro en Huatulco, en la Costa. Posteriormente se sugiere poner en operaci\u00f3n estos organismos en Pinotepa Nacional, Juxtlahuaca y Heroica Ciudad de Huajuapan de Le\u00f3n, y Miahuatl\u00e1n de Porfirio D\u00edaz.<\/p>\n\n\n\n<p>Los criterios para proponer la instalaci\u00f3n de los Comit\u00e9s Regionales son: el \u00edndice de sequ\u00eda de combustible por tipo clim\u00e1tico, sequedad de combustible en los \u00faltimos 10 a\u00f1os, la cantidad de incendios forestales y superficie afectada, la distancia de la capital a la zona para el suministro de recursos y los incendios forestales de alta velocidad de propagaci\u00f3n.<\/p>\n\n\n\n<p>En este sentido, se dio a conocer que actualmente el 70 por ciento del estado se encuentra en condiciones cr\u00edticas por las altas temperaturas, y que en los \u00faltimos 10 a\u00f1os la mayor incidencia de incendios se ha registrado en las regiones de la Mixteca, Istmo, Costa, Sierra Sur y Valles Centrales.<\/p>\n\n\n\n<p>Datos de la Secretar\u00eda se\u00f1alan que la mayor\u00eda de los incendios registrados en los \u00faltimos d\u00edas han sido provocados con la intenci\u00f3n de generar alarma entre la poblaci\u00f3n; sin embargo, desde que se suscit\u00f3 la primera conflagraci\u00f3n de este a\u00f1o, dependencias como la Comisi\u00f3n Estatal Forestal (Coefo) trabajan de manera coordinada para atenderlas.<\/p>\n\n\n\n<p>Respecto a la falta de agua potable en el Hospital Regional del Instituto de Seguridad y Servicios Sociales de los Trabajadores del Estado (ISSSTE) Presidente Ju\u00e1rez, se aclar\u00f3 que el Sistema Operador de los Servicios de Agua Potable y Alcantarillado (SOAPA) ha realizado el suministro del vital l\u00edquido.<\/p>\n\n\n\n<p>Puntualiz\u00f3 que el Gobierno del Estado desarrolla una pol\u00edtica de atenci\u00f3n en el tema del agua potable, tras m\u00e1s de 40 a\u00f1os sin atenci\u00f3n.<br \/>-0-<\/p>\n","protected":false},"excerpt":{"rendered":"<p>\u2022 Instalar\u00e1n Comit\u00e9s Regionales de Prevenci\u00f3n y Combate de Incendios Forestales Oaxaca de Ju\u00e1rez, Oax&#8230;.<\/p>\n","protected":false},"author":4,"featured_media":25189,"comment_status":"","ping_status":"open","sticky":false,"template":"","format":"standard","meta":{"footnotes":""},"categories":[9],"tags":[],"jetpack_sharing_enabled":true,"featured_image_urls":{"full":["https:\/\/contextoanalisisperiodistico.com\/wp-content\/uploads\/2024\/03\/IMG-20240312-WA0012.jpg",1600,1067,false],"thumbnail":["https:\/\/contextoanalisisperiodistico.com\/wp-content\/uploads\/2024\/03\/IMG-20240312-WA0012-150x150.jpg",150,150,true],"medium":["https:\/\/contextoanalisisperiodistico.com\/wp-content\/uploads\/2024\/03\/IMG-20240312-WA0012-300x200.jpg",300,200,true],"medium_large":["https:\/\/contextoanalisisperiodistico.com\/wp-content\/uploads\/2024\/03\/IMG-20240312-WA0012-768x512.jpg",640,427,true],"large":["https:\/\/contextoanalisisperiodistico.com\/wp-content\/uploads\/2024\/03\/IMG-20240312-WA0012-1024x683.jpg",640,427,true],"1536x1536":["https:\/\/contextoanalisisperiodistico.com\/wp-content\/uploads\/2024\/03\/IMG-20240312-WA0012-1536x1024.jpg",1536,1024,true],"2048x2048":["https:\/\/contextoanalisisperiodistico.com\/wp-content\/uploads\/2024\/03\/IMG-20240312-WA0012.jpg",1600,1067,false],"covernews-slider-full":["https:\/\/contextoanalisisperiodistico.com\/wp-content\/uploads\/2024\/03\/IMG-20240312-WA0012-1115x715.jpg",1115,715,true],"covernews-slider-center":["https:\/\/contextoanalisisperiodistico.com\/wp-content\/uploads\/2024\/03\/IMG-20240312-WA0012-800x500.jpg",800,500,true],"covernews-featured":["https:\/\/contextoanalisisperiodistico.com\/wp-content\/uploads\/2024\/03\/IMG-20240312-WA0012-1024x683.jpg",1024,683,true],"covernews-medium":["https:\/\/contextoanalisisperiodistico.com\/wp-content\/uploads\/2024\/03\/IMG-20240312-WA0012-540x340.jpg",540,340,true],"covernews-medium-square":["https:\/\/contextoanalisisperiodistico.com\/wp-content\/uploads\/2024\/03\/IMG-20240312-WA0012-400x250.jpg",400,250,true]},"author_info":{"display_name":"Mario Gir\u00f3n","author_link":"https:\/\/contextoanalisisperiodistico.com\/index.php\/author\/director\/"},"category_info":"<a href=\"https:\/\/contextoanalisisperiodistico.com\/index.php\/category\/politica\/\" rel=\"category tag\">Pol\u00edtica<\/a>","tag_info":"Pol\u00edtica","comment_count":"0","jetpack_featured_media_url":"https:\/\/contextoanalisisperiodistico.com\/wp-content\/uploads\/2024\/03\/IMG-20240312-WA0012.jpg","_links":{"self":[{"href":"https:\/\/contextoanalisisperiodistico.com\/index.php\/wp-json\/wp\/v2\/posts\/25191"}],"collection":[{"href":"https:\/\/contextoanalisisperiodistico.com\/index.php\/wp-json\/wp\/v2\/posts"}],"about":[{"href":"https:\/\/contextoanalisisperiodistico.com\/index.php\/wp-json\/wp\/v2\/types\/post"}],"author":[{"embeddable":true,"href":"https:\/\/contextoanalisisperiodistico.com\/index.php\/wp-json\/wp\/v2\/users\/4"}],"replies":[{"embeddable":true,"href":"https:\/\/contextoanalisisperiodistico.com\/index.php\/wp-json\/wp\/v2\/comments?post=25191"}],"version-history":[{"count":0,"href":"https:\/\/contextoanalisisperiodistico.com\/index.php\/wp-json\/wp\/v2\/posts\/25191\/revisions"}],"wp:featuredmedia":[{"embeddable":true,"href":"https:\/\/contextoanalisisperiodistico.com\/index.php\/wp-json\/wp\/v2\/media\/25189"}],"wp:attachment":[{"href":"https:\/\/contextoanalisisperiodistico.com\/index.php\/wp-json\/wp\/v2\/media?parent=25191"}],"wp:term":[{"taxonomy":"category","embeddable":true,"href":"https:\/\/contextoanalisisperiodistico.com\/index.php\/wp-json\/wp\/v2\/categories?post=25191"},{"taxonomy":"post_tag","embeddable":true,"href":"https:\/\/contextoanalisisperiodistico.com\/index.php\/wp-json\/wp\/v2\/tags?post=25191"}],"curies":[{"name":"wp","href":"https:\/\/api.w.org\/{rel}","templated":true}]}}