{"id":2519,"date":"2022-04-23T06:51:52","date_gmt":"2022-04-23T11:51:52","guid":{"rendered":"http:\/\/contextoanalisisperiodistico.com.mx\/2022\/04\/23\/familias-de-la-agencia-viguera-apoyan-candidatura-de-naty-diaz-del-pan-al-gobierno-del-estado-de-oaxaca\/"},"modified":"2022-04-23T06:51:52","modified_gmt":"2022-04-23T11:51:52","slug":"familias-de-la-agencia-viguera-apoyan-candidatura-de-naty-diaz-del-pan-al-gobierno-del-estado-de-oaxaca","status":"publish","type":"post","link":"https:\/\/contextoanalisisperiodistico.com\/index.php\/2022\/04\/23\/familias-de-la-agencia-viguera-apoyan-candidatura-de-naty-diaz-del-pan-al-gobierno-del-estado-de-oaxaca\/","title":{"rendered":"Familias de la agencia Viguera apoyan candidatura de Naty D\u00edaz, del PAN, al gobierno del estado de Oaxaca"},"content":{"rendered":"<div id=\"fb-root\"><\/div>\n\n<p>Tuve una grata tarde en compa\u00f1\u00eda de familias de Viguera, siempre c\u00e1lidos en su recibimiento, nos unimos en una misma verdad de #ElOaxacaReal, ya no vamos a permitir m\u00e1s saqueos a #Oaxaca, las y los oaxaque\u00f1os ya no nos vamos a dejar lastimar m\u00e1s, vamos a defender Oaxaca.<\/p>\n\n\n\n<h1 class=\"wp-block-heading\">NatyD\u00edazGobernadora<\/h1>\n\n\n\n<h1 class=\"wp-block-heading\">FuerzaYPasi\u00f3n<\/h1>\n\n\n\n<h1 class=\"wp-block-heading\">VotaPAN<\/h1>\n\n\n\n<h1 class=\"wp-block-heading\">ElOaxacaReal<\/h1>\n\n\n\n<figure class=\"wp-block-image size-large\"><img decoding=\"async\" src=\"https:\/\/contextoinformacionyanalisisperiodistico.files.wordpress.com\/2022\/04\/fb_img_1650714180644.jpg?w=720\" alt=\"\" class=\"wp-image-2493\" \/><\/figure>\n\n\n\n<figure class=\"wp-block-image\"><img decoding=\"async\" src=\"https:\/\/contextoinformacionyanalisisperiodistico.files.wordpress.com\/2022\/04\/fb_img_1650714202609.jpg\" alt=\"\" class=\"wp-image-2487\" \/><\/figure>\n\n\n\n<figure class=\"wp-block-image\"><img decoding=\"async\" src=\"https:\/\/contextoinformacionyanalisisperiodistico.files.wordpress.com\/2022\/04\/fb_img_1650714233522.jpg\" alt=\"\" class=\"wp-image-2489\" \/><\/figure>\n\n\n\n<figure class=\"wp-block-image\"><img decoding=\"async\" src=\"https:\/\/contextoinformacionyanalisisperiodistico.files.wordpress.com\/2022\/04\/fb_img_1650714226645.jpg\" alt=\"\" class=\"wp-image-2488\" \/><\/figure>\n\n\n\n<figure class=\"wp-block-image\"><img decoding=\"async\" src=\"https:\/\/contextoinformacionyanalisisperiodistico.files.wordpress.com\/2022\/04\/fb_img_1650714213278.jpg\" alt=\"\" class=\"wp-image-2494\" \/><\/figure>\n\n\n\n<figure class=\"wp-block-image\"><img decoding=\"async\" src=\"https:\/\/contextoinformacionyanalisisperiodistico.files.wordpress.com\/2022\/04\/fb_img_1650714241213.jpg\" alt=\"\" class=\"wp-image-2492\" \/><\/figure>\n\n\n\n<figure class=\"wp-block-image\"><img decoding=\"async\" src=\"https:\/\/contextoinformacionyanalisisperiodistico.files.wordpress.com\/2022\/04\/fb_img_1650714260356.jpg\" alt=\"\" class=\"wp-image-2490\" \/><\/figure>\n\n\n\n<figure class=\"wp-block-image\"><img decoding=\"async\" src=\"https:\/\/contextoinformacionyanalisisperiodistico.files.wordpress.com\/2022\/04\/fb_img_1650714265132.jpg\" alt=\"\" class=\"wp-image-2491\" \/><\/figure>\n\n\n\n<figure class=\"wp-block-image\"><img decoding=\"async\" src=\"https:\/\/contextoinformacionyanalisisperiodistico.files.wordpress.com\/2022\/04\/fb_img_1650714290046.jpg\" alt=\"\" class=\"wp-image-2495\" \/><\/figure>\n\n\n\n<figure class=\"wp-block-image\"><img decoding=\"async\" src=\"https:\/\/contextoinformacionyanalisisperiodistico.files.wordpress.com\/2022\/04\/fb_img_1650714281879.jpg\" alt=\"\" class=\"wp-image-2503\" \/><\/figure>\n\n\n\n<figure class=\"wp-block-image\"><img decoding=\"async\" src=\"https:\/\/contextoinformacionyanalisisperiodistico.files.wordpress.com\/2022\/04\/fb_img_1650714272123.jpg\" alt=\"\" class=\"wp-image-2496\" \/><\/figure>\n\n\n\n<figure class=\"wp-block-image\"><img decoding=\"async\" src=\"https:\/\/contextoinformacionyanalisisperiodistico.files.wordpress.com\/2022\/04\/fb_img_1650714313542.jpg\" alt=\"\" class=\"wp-image-2497\" \/><\/figure>\n\n\n\n<figure class=\"wp-block-image\"><img decoding=\"async\" src=\"https:\/\/contextoinformacionyanalisisperiodistico.files.wordpress.com\/2022\/04\/fb_img_1650714320724.jpg\" alt=\"\" class=\"wp-image-2498\" \/><\/figure>\n\n\n\n<figure class=\"wp-block-image\"><img decoding=\"async\" src=\"https:\/\/contextoinformacionyanalisisperiodistico.files.wordpress.com\/2022\/04\/fb_img_1650714329191.jpg\" alt=\"\" class=\"wp-image-2499\" \/><\/figure>\n\n\n\n<figure class=\"wp-block-image\"><img decoding=\"async\" src=\"https:\/\/contextoinformacionyanalisisperiodistico.files.wordpress.com\/2022\/04\/fb_img_1650714356695.jpg\" alt=\"\" class=\"wp-image-2500\" \/><\/figure>\n\n\n\n<figure class=\"wp-block-image\"><img decoding=\"async\" src=\"https:\/\/contextoinformacionyanalisisperiodistico.files.wordpress.com\/2022\/04\/fb_img_1650714348199.jpg\" alt=\"\" class=\"wp-image-2502\" \/><\/figure>\n\n\n\n<figure class=\"wp-block-image\"><img decoding=\"async\" src=\"https:\/\/contextoinformacionyanalisisperiodistico.files.wordpress.com\/2022\/04\/fb_img_1650714337100.jpg\" alt=\"\" class=\"wp-image-2501\" \/><\/figure>\n\n\n\n<figure class=\"wp-block-image\"><img decoding=\"async\" src=\"https:\/\/contextoinformacionyanalisisperiodistico.files.wordpress.com\/2022\/04\/fb_img_1650714362564.jpg\" alt=\"\" class=\"wp-image-2504\" \/><\/figure>\n\n\n\n<figure class=\"wp-block-image\"><img decoding=\"async\" src=\"https:\/\/contextoinformacionyanalisisperiodistico.files.wordpress.com\/2022\/04\/fb_img_1650714367627.jpg\" alt=\"\" class=\"wp-image-2505\" \/><\/figure>\n\n\n\n<figure class=\"wp-block-image\"><img decoding=\"async\" src=\"https:\/\/contextoinformacionyanalisisperiodistico.files.wordpress.com\/2022\/04\/fb_img_1650714372345.jpg\" alt=\"\" class=\"wp-image-2508\" \/><\/figure>\n\n\n\n<figure class=\"wp-block-image\"><img decoding=\"async\" src=\"https:\/\/contextoinformacionyanalisisperiodistico.files.wordpress.com\/2022\/04\/fb_img_1650714394442.jpg\" alt=\"\" class=\"wp-image-2506\" \/><\/figure>\n\n\n\n<figure class=\"wp-block-image\"><img decoding=\"async\" src=\"https:\/\/contextoinformacionyanalisisperiodistico.files.wordpress.com\/2022\/04\/fb_img_1650714387131.jpg\" alt=\"\" class=\"wp-image-2509\" \/><\/figure>\n\n\n\n<figure class=\"wp-block-image\"><img decoding=\"async\" src=\"https:\/\/contextoinformacionyanalisisperiodistico.files.wordpress.com\/2022\/04\/fb_img_1650714378769.jpg\" alt=\"\" class=\"wp-image-2507\" \/><\/figure>\n\n\n\n<figure class=\"wp-block-image\"><img decoding=\"async\" src=\"https:\/\/contextoinformacionyanalisisperiodistico.files.wordpress.com\/2022\/04\/fb_img_1650714399986.jpg\" alt=\"\" class=\"wp-image-2510\" \/><\/figure>\n\n\n\n<figure class=\"wp-block-image\"><img decoding=\"async\" src=\"https:\/\/contextoinformacionyanalisisperiodistico.files.wordpress.com\/2022\/04\/fb_img_1650714405719.jpg\" alt=\"\" class=\"wp-image-2514\" \/><\/figure>\n\n\n\n<figure class=\"wp-block-image\"><img decoding=\"async\" src=\"\/\/\/storage\/emulated\/0\/DCIM\/Facebook\/FB_IMG_1650714414434.jpg\" alt=\"\" class=\"wp-image-1855\" \/><\/figure>\n\n\n\n<figure class=\"wp-block-image\"><img decoding=\"async\" src=\"\/\/\/storage\/emulated\/0\/DCIM\/Facebook\/FB_IMG_1650714434206.jpg\" alt=\"\" class=\"wp-image-1856\" \/><\/figure>\n\n\n\n<figure class=\"wp-block-image\"><img decoding=\"async\" src=\"\/\/\/storage\/emulated\/0\/DCIM\/Facebook\/FB_IMG_1650714425558.jpg\" alt=\"\" class=\"wp-image-1857\" \/><\/figure>\n\n\n\n<figure class=\"wp-block-image\"><img decoding=\"async\" src=\"\/\/\/storage\/emulated\/0\/DCIM\/Facebook\/FB_IMG_1650714442901.jpg\" alt=\"\" class=\"wp-image-1858\" \/><\/figure>\n\n\n\n<figure class=\"wp-block-image\"><img decoding=\"async\" src=\"\/\/\/storage\/emulated\/0\/DCIM\/Facebook\/FB_IMG_1650714455871.jpg\" alt=\"\" class=\"wp-image-1859\" \/><\/figure>\n\n\n\n<figure class=\"wp-block-image\"><img decoding=\"async\" src=\"\/\/\/storage\/emulated\/0\/DCIM\/Facebook\/FB_IMG_1650714451973.jpg\" alt=\"\" class=\"wp-image-1860\" \/><\/figure>\n\n\n\n<figure class=\"wp-block-image\"><img decoding=\"async\" src=\"\/\/\/storage\/emulated\/0\/DCIM\/Facebook\/FB_IMG_1650714448140.jpg\" alt=\"\" class=\"wp-image-1861\" \/><\/figure>\n","protected":false},"excerpt":{"rendered":"<p>Tuve una grata tarde en compa\u00f1\u00eda de familias de Viguera, siempre c\u00e1lidos en su recibimiento,&#8230;<\/p>\n","protected":false},"author":2,"featured_media":2486,"comment_status":"open","ping_status":"open","sticky":false,"template":"","format":"standard","meta":{"footnotes":""},"categories":[7,9],"tags":[],"jetpack_sharing_enabled":true,"featured_image_urls":{"full":"","thumbnail":"","medium":"","medium_large":"","large":"","1536x1536":"","2048x2048":"","covernews-slider-full":"","covernews-slider-center":"","covernews-featured":"","covernews-medium":"","covernews-medium-square":""},"author_info":{"display_name":"Miguel","author_link":"https:\/\/contextoanalisisperiodistico.com\/index.php\/author\/editor\/"},"category_info":"<a href=\"https:\/\/contextoanalisisperiodistico.com\/index.php\/category\/municipios\/\" rel=\"category tag\">Municipios<\/a> <a href=\"https:\/\/contextoanalisisperiodistico.com\/index.php\/category\/politica\/\" rel=\"category tag\">Pol\u00edtica<\/a>","tag_info":"Pol\u00edtica","comment_count":"0","jetpack_featured_media_url":"","_links":{"self":[{"href":"https:\/\/contextoanalisisperiodistico.com\/index.php\/wp-json\/wp\/v2\/posts\/2519"}],"collection":[{"href":"https:\/\/contextoanalisisperiodistico.com\/index.php\/wp-json\/wp\/v2\/posts"}],"about":[{"href":"https:\/\/contextoanalisisperiodistico.com\/index.php\/wp-json\/wp\/v2\/types\/post"}],"author":[{"embeddable":true,"href":"https:\/\/contextoanalisisperiodistico.com\/index.php\/wp-json\/wp\/v2\/users\/2"}],"replies":[{"embeddable":true,"href":"https:\/\/contextoanalisisperiodistico.com\/index.php\/wp-json\/wp\/v2\/comments?post=2519"}],"version-history":[{"count":0,"href":"https:\/\/contextoanalisisperiodistico.com\/index.php\/wp-json\/wp\/v2\/posts\/2519\/revisions"}],"wp:featuredmedia":[{"embeddable":true,"href":"https:\/\/contextoanalisisperiodistico.com\/index.php\/wp-json\/"}],"wp:attachment":[{"href":"https:\/\/contextoanalisisperiodistico.com\/index.php\/wp-json\/wp\/v2\/media?parent=2519"}],"wp:term":[{"taxonomy":"category","embeddable":true,"href":"https:\/\/contextoanalisisperiodistico.com\/index.php\/wp-json\/wp\/v2\/categories?post=2519"},{"taxonomy":"post_tag","embeddable":true,"href":"https:\/\/contextoanalisisperiodistico.com\/index.php\/wp-json\/wp\/v2\/tags?post=2519"}],"curies":[{"name":"wp","href":"https:\/\/api.w.org\/{rel}","templated":true}]}}