{"id":25123,"date":"2024-03-08T19:41:26","date_gmt":"2024-03-09T01:41:26","guid":{"rendered":"https:\/\/contextoanalisisperiodistico.com\/index.php\/2024\/03\/08\/presentan-pacto-nacional-y-firman-convenio-de-colaboracion-para-implementacion-de-la-justicia-de-genero-en-oaxaca\/"},"modified":"2024-03-08T19:41:26","modified_gmt":"2024-03-09T01:41:26","slug":"presentan-pacto-nacional-y-firman-convenio-de-colaboracion-para-implementacion-de-la-justicia-de-genero-en-oaxaca","status":"publish","type":"post","link":"https:\/\/contextoanalisisperiodistico.com\/index.php\/2024\/03\/08\/presentan-pacto-nacional-y-firman-convenio-de-colaboracion-para-implementacion-de-la-justicia-de-genero-en-oaxaca\/","title":{"rendered":"Presentan Pacto Nacional y firman convenio de colaboraci\u00f3n para Implementaci\u00f3n de la Justicia de G\u00e9nero en Oaxaca"},"content":{"rendered":"<div id=\"fb-root\"><\/div>\n\n<p>\u2022 Pretende consolidar la igualdad al interior de los \u00f3rganos jurisdiccionales y en la impartici\u00f3n de justicia, generar espacios laborales libres de violencia y discriminaci\u00f3n por raz\u00f3n de g\u00e9nero, entre otros<\/p>\n\n\n\n<figure class=\"wp-block-image size-large\"><img fetchpriority=\"high\" decoding=\"async\" width=\"1024\" height=\"682\" src=\"https:\/\/contextoanalisisperiodistico.com\/wp-content\/uploads\/2024\/03\/img-20240308-wa00635044704704512470638-1024x682.jpg\" alt=\"\" class=\"wp-image-25119\" srcset=\"https:\/\/contextoanalisisperiodistico.com\/wp-content\/uploads\/2024\/03\/img-20240308-wa00635044704704512470638-1024x682.jpg 1024w, https:\/\/contextoanalisisperiodistico.com\/wp-content\/uploads\/2024\/03\/img-20240308-wa00635044704704512470638-300x200.jpg 300w, https:\/\/contextoanalisisperiodistico.com\/wp-content\/uploads\/2024\/03\/img-20240308-wa00635044704704512470638-768x512.jpg 768w, https:\/\/contextoanalisisperiodistico.com\/wp-content\/uploads\/2024\/03\/img-20240308-wa00635044704704512470638.jpg 1280w\" sizes=\"(max-width: 1024px) 100vw, 1024px\" \/><\/figure>\n\n\n\n<figure class=\"wp-block-image\"><img decoding=\"async\" width=\"1024\" height=\"682\" src=\"https:\/\/contextoanalisisperiodistico.com\/wp-content\/uploads\/2024\/03\/img-20240308-wa00625930792701974514601-1024x682.jpg\" alt=\"\" class=\"wp-image-25121\" srcset=\"https:\/\/contextoanalisisperiodistico.com\/wp-content\/uploads\/2024\/03\/img-20240308-wa00625930792701974514601-1024x682.jpg 1024w, https:\/\/contextoanalisisperiodistico.com\/wp-content\/uploads\/2024\/03\/img-20240308-wa00625930792701974514601-300x200.jpg 300w, https:\/\/contextoanalisisperiodistico.com\/wp-content\/uploads\/2024\/03\/img-20240308-wa00625930792701974514601-768x512.jpg 768w, https:\/\/contextoanalisisperiodistico.com\/wp-content\/uploads\/2024\/03\/img-20240308-wa00625930792701974514601-1536x1023.jpg 1536w, https:\/\/contextoanalisisperiodistico.com\/wp-content\/uploads\/2024\/03\/img-20240308-wa00625930792701974514601.jpg 1600w\" sizes=\"(max-width: 1024px) 100vw, 1024px\" \/><\/figure>\n\n\n\n<figure class=\"wp-block-image\"><img decoding=\"async\" width=\"1024\" height=\"683\" src=\"https:\/\/contextoanalisisperiodistico.com\/wp-content\/uploads\/2024\/03\/img-20240308-wa00663408836577028217633-1024x683.jpg\" alt=\"\" class=\"wp-image-25120\" srcset=\"https:\/\/contextoanalisisperiodistico.com\/wp-content\/uploads\/2024\/03\/img-20240308-wa00663408836577028217633-1024x683.jpg 1024w, https:\/\/contextoanalisisperiodistico.com\/wp-content\/uploads\/2024\/03\/img-20240308-wa00663408836577028217633-300x200.jpg 300w, https:\/\/contextoanalisisperiodistico.com\/wp-content\/uploads\/2024\/03\/img-20240308-wa00663408836577028217633-768x512.jpg 768w, https:\/\/contextoanalisisperiodistico.com\/wp-content\/uploads\/2024\/03\/img-20240308-wa00663408836577028217633.jpg 1280w\" sizes=\"(max-width: 1024px) 100vw, 1024px\" \/><\/figure>\n\n\n\n<figure class=\"wp-block-image\"><img loading=\"lazy\" decoding=\"async\" width=\"1024\" height=\"682\" src=\"https:\/\/contextoanalisisperiodistico.com\/wp-content\/uploads\/2024\/03\/img-20240308-wa00652762635476402087887-1024x682.jpg\" alt=\"\" class=\"wp-image-25122\" srcset=\"https:\/\/contextoanalisisperiodistico.com\/wp-content\/uploads\/2024\/03\/img-20240308-wa00652762635476402087887-1024x682.jpg 1024w, https:\/\/contextoanalisisperiodistico.com\/wp-content\/uploads\/2024\/03\/img-20240308-wa00652762635476402087887-300x200.jpg 300w, https:\/\/contextoanalisisperiodistico.com\/wp-content\/uploads\/2024\/03\/img-20240308-wa00652762635476402087887-768x512.jpg 768w, https:\/\/contextoanalisisperiodistico.com\/wp-content\/uploads\/2024\/03\/img-20240308-wa00652762635476402087887-1536x1023.jpg 1536w, https:\/\/contextoanalisisperiodistico.com\/wp-content\/uploads\/2024\/03\/img-20240308-wa00652762635476402087887.jpg 1600w\" sizes=\"(max-width: 1024px) 100vw, 1024px\" \/><\/figure>\n\n\n\n<p>San Bartolo Coyotepec, Oax. 8 de marzo de 2024.- El Gobernador Salom\u00f3n Jara Cruz atestigu\u00f3 la presentaci\u00f3n del Pacto Nacional por la Justicia de G\u00e9nero y firm\u00f3 como testigo de honor el convenio de colaboraci\u00f3n para la Implementaci\u00f3n de la Justicia de G\u00e9nero.<\/p>\n\n\n\n<p>En el marco del D\u00eda Internacional de las Mujeres, el Mandatario estatal firm\u00f3 el decreto de reformas a la Ley Estatal de Acceso de las Mujeres a una Vida Libre de Violencia de G\u00e9nero y al C\u00f3digo Penal del Estado, para incluir y tipificar la violencia vicaria.<\/p>\n\n\n\n<p>En su participaci\u00f3n Jara Cruz dijo que, Oaxaca abraza este pacto para consolidar la perspectiva de g\u00e9nero en el quehacer institucional y afrontar con acciones claras las desigualdades hist\u00f3ricas que enfrentan las mujeres.<\/p>\n\n\n\n<p>El Pacto Nacional pretende consolidar la igualdad al interior de los \u00f3rganos jurisdiccionales y en la impartici\u00f3n de justicia, generar espacios laborales libres de violencia y discriminaci\u00f3n por raz\u00f3n de g\u00e9nero, as\u00ed como la capacitaci\u00f3n de las y los juzgadores para aplicar la perspectiva de g\u00e9nero en los asuntos que tienen a su cargo como una herramienta de an\u00e1lisis que eleve la eficiencia a la respuesta de la demanda e impartici\u00f3n de justicia.<\/p>\n\n\n\n<p>Dentro de las acciones que contempla est\u00e1n la prestaci\u00f3n de servicios de alimentos gratuitos o a bajo costo en los centros de trabajo; instalaci\u00f3n de instancias infantiles; elaboraci\u00f3n de protocolos para la prevenci\u00f3n y sanci\u00f3n del acoso y hostigamiento sexual; implementaci\u00f3n de horarios flexibles; la obligatoriedad para la capacitaci\u00f3n del c\u00f3mo hacer y aplicar la perspectiva de g\u00e9nero, entre otras.<\/p>\n\n\n\n<p>La ministra de la Suprema Corte de Justicia de la Naci\u00f3n, Yasm\u00edn Esquivel Mossa mencion\u00f3 que este instrumento suma los compromisos que asumen los \u00f3rganos de impartici\u00f3n de justicia en la ruta hacia la consolidaci\u00f3n e implementaci\u00f3n de la perspectiva de g\u00e9nero para que la labor jurisdiccional se desarrolle con apego a la Constituci\u00f3n Pol\u00edtica de M\u00e9xico.<\/p>\n\n\n\n<p>En tanto, la magistrada presidenta del Tribunal Superior de Justicia del Estado de Oaxaca y del Consejo de la Judicatura del Poder Judicial del Estado de Oaxaca, Berenice Ram\u00edrez Jim\u00e9nez, destac\u00f3 que este pacto tiene el objetivo de erradicar conductas que atenten contra la dignidad humana, as\u00ed como revisar pol\u00edticas laborales para eliminar la discriminaci\u00f3n.<\/p>\n\n\n\n<p>Durante su visita a la sede del Poder Judicial, el titular del Poder Ejecutivo acompa\u00f1ado de la Presidenta Honoraria del Sistema DIF Oaxaca, Irma Bola\u00f1os Quijano, inaugur\u00f3 la primera Sala de Lactancia y presenci\u00f3 la instalaci\u00f3n del Comit\u00e9 Estatal de Seguimiento, Evaluaci\u00f3n y Rendici\u00f3n de Cuentas del Pacto Nacional por la Justicia de G\u00e9nero en el Estado de Oaxaca.<\/p>\n\n\n\n<p>-0-<\/p>\n","protected":false},"excerpt":{"rendered":"<p>\u2022 Pretende consolidar la igualdad al interior de los \u00f3rganos jurisdiccionales y en la impartici\u00f3n&#8230;<\/p>\n","protected":false},"author":4,"featured_media":25118,"comment_status":"","ping_status":"open","sticky":false,"template":"","format":"standard","meta":{"footnotes":""},"categories":[9],"tags":[],"jetpack_sharing_enabled":true,"featured_image_urls":{"full":["https:\/\/contextoanalisisperiodistico.com\/wp-content\/uploads\/2024\/03\/IMG-20240308-WA0064.jpg",1280,854,false],"thumbnail":["https:\/\/contextoanalisisperiodistico.com\/wp-content\/uploads\/2024\/03\/IMG-20240308-WA0064-150x150.jpg",150,150,true],"medium":["https:\/\/contextoanalisisperiodistico.com\/wp-content\/uploads\/2024\/03\/IMG-20240308-WA0064-300x200.jpg",300,200,true],"medium_large":["https:\/\/contextoanalisisperiodistico.com\/wp-content\/uploads\/2024\/03\/IMG-20240308-WA0064-768x512.jpg",640,427,true],"large":["https:\/\/contextoanalisisperiodistico.com\/wp-content\/uploads\/2024\/03\/IMG-20240308-WA0064-1024x683.jpg",640,427,true],"1536x1536":["https:\/\/contextoanalisisperiodistico.com\/wp-content\/uploads\/2024\/03\/IMG-20240308-WA0064.jpg",1280,854,false],"2048x2048":["https:\/\/contextoanalisisperiodistico.com\/wp-content\/uploads\/2024\/03\/IMG-20240308-WA0064.jpg",1280,854,false],"covernews-slider-full":["https:\/\/contextoanalisisperiodistico.com\/wp-content\/uploads\/2024\/03\/IMG-20240308-WA0064-1115x715.jpg",1115,715,true],"covernews-slider-center":["https:\/\/contextoanalisisperiodistico.com\/wp-content\/uploads\/2024\/03\/IMG-20240308-WA0064-800x500.jpg",800,500,true],"covernews-featured":["https:\/\/contextoanalisisperiodistico.com\/wp-content\/uploads\/2024\/03\/IMG-20240308-WA0064-1024x683.jpg",1024,683,true],"covernews-medium":["https:\/\/contextoanalisisperiodistico.com\/wp-content\/uploads\/2024\/03\/IMG-20240308-WA0064-540x340.jpg",540,340,true],"covernews-medium-square":["https:\/\/contextoanalisisperiodistico.com\/wp-content\/uploads\/2024\/03\/IMG-20240308-WA0064-400x250.jpg",400,250,true]},"author_info":{"display_name":"Mario Gir\u00f3n","author_link":"https:\/\/contextoanalisisperiodistico.com\/index.php\/author\/director\/"},"category_info":"<a href=\"https:\/\/contextoanalisisperiodistico.com\/index.php\/category\/politica\/\" rel=\"category tag\">Pol\u00edtica<\/a>","tag_info":"Pol\u00edtica","comment_count":"0","jetpack_featured_media_url":"https:\/\/contextoanalisisperiodistico.com\/wp-content\/uploads\/2024\/03\/IMG-20240308-WA0064.jpg","_links":{"self":[{"href":"https:\/\/contextoanalisisperiodistico.com\/index.php\/wp-json\/wp\/v2\/posts\/25123"}],"collection":[{"href":"https:\/\/contextoanalisisperiodistico.com\/index.php\/wp-json\/wp\/v2\/posts"}],"about":[{"href":"https:\/\/contextoanalisisperiodistico.com\/index.php\/wp-json\/wp\/v2\/types\/post"}],"author":[{"embeddable":true,"href":"https:\/\/contextoanalisisperiodistico.com\/index.php\/wp-json\/wp\/v2\/users\/4"}],"replies":[{"embeddable":true,"href":"https:\/\/contextoanalisisperiodistico.com\/index.php\/wp-json\/wp\/v2\/comments?post=25123"}],"version-history":[{"count":0,"href":"https:\/\/contextoanalisisperiodistico.com\/index.php\/wp-json\/wp\/v2\/posts\/25123\/revisions"}],"wp:featuredmedia":[{"embeddable":true,"href":"https:\/\/contextoanalisisperiodistico.com\/index.php\/wp-json\/wp\/v2\/media\/25118"}],"wp:attachment":[{"href":"https:\/\/contextoanalisisperiodistico.com\/index.php\/wp-json\/wp\/v2\/media?parent=25123"}],"wp:term":[{"taxonomy":"category","embeddable":true,"href":"https:\/\/contextoanalisisperiodistico.com\/index.php\/wp-json\/wp\/v2\/categories?post=25123"},{"taxonomy":"post_tag","embeddable":true,"href":"https:\/\/contextoanalisisperiodistico.com\/index.php\/wp-json\/wp\/v2\/tags?post=25123"}],"curies":[{"name":"wp","href":"https:\/\/api.w.org\/{rel}","templated":true}]}}