{"id":25117,"date":"2024-03-08T18:01:33","date_gmt":"2024-03-09T00:01:33","guid":{"rendered":"https:\/\/contextoanalisisperiodistico.com\/index.php\/2024\/03\/08\/instancias-estatales-a-favor-de-la-mujer-elefantes-blancos-fomentando-la-violencia-entre-la-poblacion-femenina\/"},"modified":"2024-03-08T18:01:33","modified_gmt":"2024-03-09T00:01:33","slug":"instancias-estatales-a-favor-de-la-mujer-elefantes-blancos-fomentando-la-violencia-entre-la-poblacion-femenina","status":"publish","type":"post","link":"https:\/\/contextoanalisisperiodistico.com\/index.php\/2024\/03\/08\/instancias-estatales-a-favor-de-la-mujer-elefantes-blancos-fomentando-la-violencia-entre-la-poblacion-femenina\/","title":{"rendered":"Instancias estatales a favor de la mujer elefantes blancos fomentando la violencia entre la poblaci\u00f3n femenina"},"content":{"rendered":"<div id=\"fb-root\"><\/div>\n\n<p>*La titularidad de la Secretar\u00eda de la Mujer no tiene el perfil necesario para atender a la poblaci\u00f3n femenina<\/p>\n\n\n\n<p>*La dependencia parece agencia de colocaciones, y no ha dado resultados<\/p>\n\n\n\n<p>A unas horas de conmemorar el D\u00eda Internacional de la Mujer, el Partido Acci\u00f3n Nacional en el estado, expuso que los organismos que se dedican a proteger, cuidar y defender los derechos de la poblaci\u00f3n femenina en este sexenio se volvieron verdaderos elefantes blancos.<\/p>\n\n\n\n<p>Acompa\u00f1adas de la presidenta estatal Perla Woolrich Fern\u00e1ndez, del secretario general Sotero Santiago, las candidatas al Senado Griselda Galicia Garc\u00eda y Abigail Vasconcelos Castellanos se pronunciaron porque se busquen perfiles que realmente representen los intereses de las ni\u00f1as, adolescentes y mujeres.<\/p>\n\n\n\n<p>Coincidieron que un caso evidente es el de la secretar\u00eda de las Mujeres, que no ha hecho pronunciamiento ni acci\u00f3n alguna ante los m\u00e1s de 126 feminicidios que organizaciones como GESMujer ha documentado en lo que va de este gobierno morenista.<\/p>\n\n\n\n<p>Adicionalmente el presupuesto a favor de las mujeres y las mujeres ind\u00edgenas tampoco se ha cumplido, \u201cbasta con se\u00f1alar que en el programa especial de los pueblos ind\u00edgenas y afromexicanos 2021-2024 del gobierno federal se programaron 60 casas de la mujer ind\u00edgena y afromexicanas, solo hay 35 ante la evidente la reducci\u00f3n de los recursos, pues solo para este concepto le tienen destinado 0.75%, del presupuesto del INPI, ni siquiera llega al uno por ciento\u201d.<\/p>\n\n\n\n<p>\u201cLas mujeres ind\u00edgenas siguen siendo vulnerables a la trata, al abuso, a la violencia y no son atendidas, siguen siendo v\u00edctimas de la violencia pol\u00edtica de g\u00e9nero\u201d.<\/p>\n\n\n\n<p>Dijo que por eso est\u00e1n de acuerdo en todas las propuestas a favor de la mujer que encabeza la candidata presidencial X\u00f3chitl G\u00e1lvez para mejorar las condiciones de vida para la poblaci\u00f3n femenina, desde garantizar que los programas sociales que ya est\u00e1n en la Constituci\u00f3n se respeten y que regresen las estancias infantiles, para que las madres trabajadoras puedan asegurar el cuidado de sus hijos e hijas.<\/p>\n\n\n\n<p>La candidata al Senado, Griselda Galicia, reconoci\u00f3 que en este proceso electoral hay riesgo de inseguridad y violencia ante la presencia del crimen organizado, que act\u00faa en alianza con el partido oficial y sus gobiernos, \u201cla cantidad de precandidatos que han sido asesinados en diferentes regiones hace que desde ahora sea ya el proceso con mayor violencia, es una preocupaci\u00f3n real, en Oaxaca hay regiones focalizadas con inseguridad como una parte de la Costa, del Istmo y la Cuenca, pero no solo es contra quienes buscan un cargo pol\u00edtico sino contra la violencia cotidiana hacia las mujeres\u201d.<\/p>\n\n\n\n<p>En su oportunidad la cadidata al Senado y tambi\u00e9n activista por los derechos pol\u00edticos de las mujeres, Abigail Vasconcelos, consider\u00f3 lamentable y que ofende al feminismo \u201ccuando llegan a puestos ya sea al Poder Ejecutivo o Legislativo, y se olvidan funcionarias o diputadas de la agenda que las llev\u00f3 a ese lugar, se venden y venden la lucha por un plato de lentejas, de ah\u00ed la importancia de elegir a los mejores perfiles y a quienes realmente pueden representarlas\u201d.<\/p>\n\n\n\n<p>Al hacer un breve recuento de cifras sobre la participaci\u00f3n de las mujeres ind\u00edgenas se\u00f1al\u00f3 que de los 153 municipios que se rigen por el sistema normativo ind\u00edgena, solamente hay un municipio donde hay m\u00e1s mujeres como integrantes de su cabildo que hombres, hay 19 ayuntamientos donde hay m\u00e1s hombres que mujeres como parte de sus concejal\u00edas.<\/p>\n\n\n\n<p>Agreg\u00f3 que, con cifras del 2023, se tiene reportado que hay 246 cargos que fueron para mujeres y 277 para hombres, en 178 las mujeres fueron propietarias, hubo 4 presidentas municipales, 7 s\u00edndicas y 107 regidoras, \u201cpor eso como se observa estamos en pa\u00f1ales para que la mujer se ubique en lugares de la toma de decisiones, considero que si las mujeres est\u00e1n en cargos de decisi\u00f3n ellas har\u00e1n todo para que la ni\u00f1ez de sus comunidades no sea vulnerada y luchen por esos derechos, y conf\u00edo que la candidata X\u00f3chitl G\u00e1lvez haga todo para lograr el respeto pleno a esos derechos y su aplicaci\u00f3n\u201d.<\/p>\n\n\n\n<p>Previamente la presidenta del PAN en la entidad, Perla Woolrich Fern\u00e1ndez lament\u00f3 que el gobierno de Salom\u00f3n Jara sea indolente con las comunidades que enfrentan desgracias como los incendios, \u201cprefiri\u00f3 irse de campa\u00f1a en vez de ejercer su funci\u00f3n, abandon\u00f3 a las comunidades, su gobierno no destina recursos para estas cat\u00e1strofes que en Oaxaca han enlutado a familias de Quiavini en Tlacolula\u201d.<\/p>\n\n\n\n<figure class=\"wp-block-image size-large\"><img fetchpriority=\"high\" decoding=\"async\" width=\"1024\" height=\"768\" src=\"https:\/\/contextoanalisisperiodistico.com\/wp-content\/uploads\/2024\/03\/img-20240308-wa0056794574980581944402-1024x768.jpg\" alt=\"\" class=\"wp-image-25115\" srcset=\"https:\/\/contextoanalisisperiodistico.com\/wp-content\/uploads\/2024\/03\/img-20240308-wa0056794574980581944402-1024x768.jpg 1024w, https:\/\/contextoanalisisperiodistico.com\/wp-content\/uploads\/2024\/03\/img-20240308-wa0056794574980581944402-300x225.jpg 300w, https:\/\/contextoanalisisperiodistico.com\/wp-content\/uploads\/2024\/03\/img-20240308-wa0056794574980581944402-768x576.jpg 768w, https:\/\/contextoanalisisperiodistico.com\/wp-content\/uploads\/2024\/03\/img-20240308-wa0056794574980581944402.jpg 1280w\" sizes=\"(max-width: 1024px) 100vw, 1024px\" \/><\/figure>\n\n\n\n<figure class=\"wp-block-image\"><img decoding=\"async\" width=\"1024\" height=\"768\" src=\"https:\/\/contextoanalisisperiodistico.com\/wp-content\/uploads\/2024\/03\/img-20240308-wa00551336334258679326221-1024x768.jpg\" alt=\"\" class=\"wp-image-25116\" srcset=\"https:\/\/contextoanalisisperiodistico.com\/wp-content\/uploads\/2024\/03\/img-20240308-wa00551336334258679326221-1024x768.jpg 1024w, https:\/\/contextoanalisisperiodistico.com\/wp-content\/uploads\/2024\/03\/img-20240308-wa00551336334258679326221-300x225.jpg 300w, https:\/\/contextoanalisisperiodistico.com\/wp-content\/uploads\/2024\/03\/img-20240308-wa00551336334258679326221-768x576.jpg 768w, https:\/\/contextoanalisisperiodistico.com\/wp-content\/uploads\/2024\/03\/img-20240308-wa00551336334258679326221.jpg 1280w\" sizes=\"(max-width: 1024px) 100vw, 1024px\" \/><\/figure>\n","protected":false},"excerpt":{"rendered":"<p>*La titularidad de la Secretar\u00eda de la Mujer no tiene el perfil necesario para atender&#8230;<\/p>\n","protected":false},"author":4,"featured_media":25114,"comment_status":"","ping_status":"open","sticky":false,"template":"","format":"standard","meta":{"footnotes":""},"categories":[9],"tags":[],"jetpack_sharing_enabled":true,"featured_image_urls":{"full":["https:\/\/contextoanalisisperiodistico.com\/wp-content\/uploads\/2024\/03\/IMG-20240308-WA0057.jpg",1280,1018,false],"thumbnail":["https:\/\/contextoanalisisperiodistico.com\/wp-content\/uploads\/2024\/03\/IMG-20240308-WA0057-150x150.jpg",150,150,true],"medium":["https:\/\/contextoanalisisperiodistico.com\/wp-content\/uploads\/2024\/03\/IMG-20240308-WA0057-300x239.jpg",300,239,true],"medium_large":["https:\/\/contextoanalisisperiodistico.com\/wp-content\/uploads\/2024\/03\/IMG-20240308-WA0057-768x611.jpg",640,509,true],"large":["https:\/\/contextoanalisisperiodistico.com\/wp-content\/uploads\/2024\/03\/IMG-20240308-WA0057-1024x814.jpg",640,509,true],"1536x1536":["https:\/\/contextoanalisisperiodistico.com\/wp-content\/uploads\/2024\/03\/IMG-20240308-WA0057.jpg",1280,1018,false],"2048x2048":["https:\/\/contextoanalisisperiodistico.com\/wp-content\/uploads\/2024\/03\/IMG-20240308-WA0057.jpg",1280,1018,false],"covernews-slider-full":["https:\/\/contextoanalisisperiodistico.com\/wp-content\/uploads\/2024\/03\/IMG-20240308-WA0057-1115x715.jpg",1115,715,true],"covernews-slider-center":["https:\/\/contextoanalisisperiodistico.com\/wp-content\/uploads\/2024\/03\/IMG-20240308-WA0057-800x500.jpg",800,500,true],"covernews-featured":["https:\/\/contextoanalisisperiodistico.com\/wp-content\/uploads\/2024\/03\/IMG-20240308-WA0057-1024x814.jpg",1024,814,true],"covernews-medium":["https:\/\/contextoanalisisperiodistico.com\/wp-content\/uploads\/2024\/03\/IMG-20240308-WA0057-540x340.jpg",540,340,true],"covernews-medium-square":["https:\/\/contextoanalisisperiodistico.com\/wp-content\/uploads\/2024\/03\/IMG-20240308-WA0057-400x250.jpg",400,250,true]},"author_info":{"display_name":"Mario Gir\u00f3n","author_link":"https:\/\/contextoanalisisperiodistico.com\/index.php\/author\/director\/"},"category_info":"<a href=\"https:\/\/contextoanalisisperiodistico.com\/index.php\/category\/politica\/\" rel=\"category tag\">Pol\u00edtica<\/a>","tag_info":"Pol\u00edtica","comment_count":"0","jetpack_featured_media_url":"https:\/\/contextoanalisisperiodistico.com\/wp-content\/uploads\/2024\/03\/IMG-20240308-WA0057.jpg","_links":{"self":[{"href":"https:\/\/contextoanalisisperiodistico.com\/index.php\/wp-json\/wp\/v2\/posts\/25117"}],"collection":[{"href":"https:\/\/contextoanalisisperiodistico.com\/index.php\/wp-json\/wp\/v2\/posts"}],"about":[{"href":"https:\/\/contextoanalisisperiodistico.com\/index.php\/wp-json\/wp\/v2\/types\/post"}],"author":[{"embeddable":true,"href":"https:\/\/contextoanalisisperiodistico.com\/index.php\/wp-json\/wp\/v2\/users\/4"}],"replies":[{"embeddable":true,"href":"https:\/\/contextoanalisisperiodistico.com\/index.php\/wp-json\/wp\/v2\/comments?post=25117"}],"version-history":[{"count":0,"href":"https:\/\/contextoanalisisperiodistico.com\/index.php\/wp-json\/wp\/v2\/posts\/25117\/revisions"}],"wp:featuredmedia":[{"embeddable":true,"href":"https:\/\/contextoanalisisperiodistico.com\/index.php\/wp-json\/wp\/v2\/media\/25114"}],"wp:attachment":[{"href":"https:\/\/contextoanalisisperiodistico.com\/index.php\/wp-json\/wp\/v2\/media?parent=25117"}],"wp:term":[{"taxonomy":"category","embeddable":true,"href":"https:\/\/contextoanalisisperiodistico.com\/index.php\/wp-json\/wp\/v2\/categories?post=25117"},{"taxonomy":"post_tag","embeddable":true,"href":"https:\/\/contextoanalisisperiodistico.com\/index.php\/wp-json\/wp\/v2\/tags?post=25117"}],"curies":[{"name":"wp","href":"https:\/\/api.w.org\/{rel}","templated":true}]}}