{"id":25078,"date":"2024-03-08T14:52:32","date_gmt":"2024-03-08T20:52:32","guid":{"rendered":"https:\/\/contextoanalisisperiodistico.com\/index.php\/2024\/03\/08\/cerca-de-80-delegaciones-buscan-participar-en-la-guelaguetza-2024\/"},"modified":"2024-03-08T14:52:32","modified_gmt":"2024-03-08T20:52:32","slug":"cerca-de-80-delegaciones-buscan-participar-en-la-guelaguetza-2024","status":"publish","type":"post","link":"https:\/\/contextoanalisisperiodistico.com\/index.php\/2024\/03\/08\/cerca-de-80-delegaciones-buscan-participar-en-la-guelaguetza-2024\/","title":{"rendered":"Cerca de 80 delegaciones buscan participar en la Guelaguetza 2024"},"content":{"rendered":"<div id=\"fb-root\"><\/div>\n\n<p>\u25cf Se registraron para representar a los pueblos y comunidades en la m\u00e1xima fiesta de las y los oaxaque\u00f1os<\/p>\n\n\n\n<figure class=\"wp-block-image size-large\"><img fetchpriority=\"high\" decoding=\"async\" width=\"1024\" height=\"682\" src=\"https:\/\/contextoanalisisperiodistico.com\/wp-content\/uploads\/2024\/03\/img-20240308-wa00168939991315654101486-1024x682.jpg\" alt=\"\" class=\"wp-image-25077\" srcset=\"https:\/\/contextoanalisisperiodistico.com\/wp-content\/uploads\/2024\/03\/img-20240308-wa00168939991315654101486-1024x682.jpg 1024w, https:\/\/contextoanalisisperiodistico.com\/wp-content\/uploads\/2024\/03\/img-20240308-wa00168939991315654101486-300x200.jpg 300w, https:\/\/contextoanalisisperiodistico.com\/wp-content\/uploads\/2024\/03\/img-20240308-wa00168939991315654101486-768x512.jpg 768w, https:\/\/contextoanalisisperiodistico.com\/wp-content\/uploads\/2024\/03\/img-20240308-wa00168939991315654101486-1536x1023.jpg 1536w, https:\/\/contextoanalisisperiodistico.com\/wp-content\/uploads\/2024\/03\/img-20240308-wa00168939991315654101486.jpg 1600w\" sizes=\"(max-width: 1024px) 100vw, 1024px\" \/><\/figure>\n\n\n\n<p>Oaxaca de Ju\u00e1rez, Oax. 8 de marzo de 2024.- Cerca de 80 delegaciones que buscan representar a los pueblos y comunidades de Oaxaca en la Guelaguetza 2024, respondieron a la convocatoria de selecci\u00f3n emitida por la Secretar\u00eda de las Culturas y Artes.<\/p>\n\n\n\n<p>La recepci\u00f3n de documentos se realiz\u00f3 este 6 y 7 de marzo, en las oficinas de la dependencia, donde las delegaciones llevaron a cabo su registro para presentarse en los Lunes del Cerro, y compartir con el mundo sus tradiciones, desde la Rotonda de la Azucena.<\/p>\n\n\n\n<p>Toda vez que la Guelaguetza pone en el centro a los pueblos ind\u00edgenas y sus manifestaciones culturales, las delegaciones inscritas deber\u00e1n cumplir con ciertos criterios durante el proceso de evaluaci\u00f3n.<br \/>El proceso de evaluaci\u00f3n de las delegaciones que buscan participar en la fiesta racial m\u00e1s grande de Am\u00e9rica Latina, estar\u00e1 a cargo de la Comisi\u00f3n Cultural Comunitaria, los Consejos Culturales y el Comit\u00e9 Organizador Interinstitucional.<\/p>\n\n\n\n<p>Las fechas de evaluaci\u00f3n ser\u00e1n dadas a conocer pr\u00f3ximamente por la Secretar\u00eda de las Culturas y Artes, y las evaluaciones se llevar\u00e1n a cabo de manera simult\u00e1nea en diversos municipios y en espacios p\u00fablicos y abiertos, para otorgar certeza a la poblaci\u00f3n respecto al proceso.<br \/>-0-<\/p>\n","protected":false},"excerpt":{"rendered":"<p>\u25cf Se registraron para representar a los pueblos y comunidades en la m\u00e1xima fiesta de&#8230;<\/p>\n","protected":false},"author":4,"featured_media":25076,"comment_status":"","ping_status":"open","sticky":false,"template":"","format":"standard","meta":{"footnotes":""},"categories":[4],"tags":[],"jetpack_sharing_enabled":true,"featured_image_urls":{"full":["https:\/\/contextoanalisisperiodistico.com\/wp-content\/uploads\/2024\/03\/IMG-20240308-WA0015.jpg",1600,1066,false],"thumbnail":["https:\/\/contextoanalisisperiodistico.com\/wp-content\/uploads\/2024\/03\/IMG-20240308-WA0015-150x150.jpg",150,150,true],"medium":["https:\/\/contextoanalisisperiodistico.com\/wp-content\/uploads\/2024\/03\/IMG-20240308-WA0015-300x200.jpg",300,200,true],"medium_large":["https:\/\/contextoanalisisperiodistico.com\/wp-content\/uploads\/2024\/03\/IMG-20240308-WA0015-768x512.jpg",640,427,true],"large":["https:\/\/contextoanalisisperiodistico.com\/wp-content\/uploads\/2024\/03\/IMG-20240308-WA0015-1024x682.jpg",640,426,true],"1536x1536":["https:\/\/contextoanalisisperiodistico.com\/wp-content\/uploads\/2024\/03\/IMG-20240308-WA0015-1536x1023.jpg",1536,1023,true],"2048x2048":["https:\/\/contextoanalisisperiodistico.com\/wp-content\/uploads\/2024\/03\/IMG-20240308-WA0015.jpg",1600,1066,false],"covernews-slider-full":["https:\/\/contextoanalisisperiodistico.com\/wp-content\/uploads\/2024\/03\/IMG-20240308-WA0015-1115x715.jpg",1115,715,true],"covernews-slider-center":["https:\/\/contextoanalisisperiodistico.com\/wp-content\/uploads\/2024\/03\/IMG-20240308-WA0015-800x500.jpg",800,500,true],"covernews-featured":["https:\/\/contextoanalisisperiodistico.com\/wp-content\/uploads\/2024\/03\/IMG-20240308-WA0015-1024x682.jpg",1024,682,true],"covernews-medium":["https:\/\/contextoanalisisperiodistico.com\/wp-content\/uploads\/2024\/03\/IMG-20240308-WA0015-540x340.jpg",540,340,true],"covernews-medium-square":["https:\/\/contextoanalisisperiodistico.com\/wp-content\/uploads\/2024\/03\/IMG-20240308-WA0015-400x250.jpg",400,250,true]},"author_info":{"display_name":"Mario Gir\u00f3n","author_link":"https:\/\/contextoanalisisperiodistico.com\/index.php\/author\/director\/"},"category_info":"<a href=\"https:\/\/contextoanalisisperiodistico.com\/index.php\/category\/cultura\/\" rel=\"category tag\">Cultura<\/a>","tag_info":"Cultura","comment_count":"0","jetpack_featured_media_url":"https:\/\/contextoanalisisperiodistico.com\/wp-content\/uploads\/2024\/03\/IMG-20240308-WA0015.jpg","_links":{"self":[{"href":"https:\/\/contextoanalisisperiodistico.com\/index.php\/wp-json\/wp\/v2\/posts\/25078"}],"collection":[{"href":"https:\/\/contextoanalisisperiodistico.com\/index.php\/wp-json\/wp\/v2\/posts"}],"about":[{"href":"https:\/\/contextoanalisisperiodistico.com\/index.php\/wp-json\/wp\/v2\/types\/post"}],"author":[{"embeddable":true,"href":"https:\/\/contextoanalisisperiodistico.com\/index.php\/wp-json\/wp\/v2\/users\/4"}],"replies":[{"embeddable":true,"href":"https:\/\/contextoanalisisperiodistico.com\/index.php\/wp-json\/wp\/v2\/comments?post=25078"}],"version-history":[{"count":0,"href":"https:\/\/contextoanalisisperiodistico.com\/index.php\/wp-json\/wp\/v2\/posts\/25078\/revisions"}],"wp:featuredmedia":[{"embeddable":true,"href":"https:\/\/contextoanalisisperiodistico.com\/index.php\/wp-json\/wp\/v2\/media\/25076"}],"wp:attachment":[{"href":"https:\/\/contextoanalisisperiodistico.com\/index.php\/wp-json\/wp\/v2\/media?parent=25078"}],"wp:term":[{"taxonomy":"category","embeddable":true,"href":"https:\/\/contextoanalisisperiodistico.com\/index.php\/wp-json\/wp\/v2\/categories?post=25078"},{"taxonomy":"post_tag","embeddable":true,"href":"https:\/\/contextoanalisisperiodistico.com\/index.php\/wp-json\/wp\/v2\/tags?post=25078"}],"curies":[{"name":"wp","href":"https:\/\/api.w.org\/{rel}","templated":true}]}}