{"id":25074,"date":"2024-03-08T12:02:50","date_gmt":"2024-03-08T18:02:50","guid":{"rendered":"https:\/\/contextoanalisisperiodistico.com\/index.php\/2024\/03\/08\/mujeres-y-lucha-exposicion-documental-de-testimonios-en-el-ageo\/"},"modified":"2024-03-08T12:02:50","modified_gmt":"2024-03-08T18:02:50","slug":"mujeres-y-lucha-exposicion-documental-de-testimonios-en-el-ageo","status":"publish","type":"post","link":"https:\/\/contextoanalisisperiodistico.com\/index.php\/2024\/03\/08\/mujeres-y-lucha-exposicion-documental-de-testimonios-en-el-ageo\/","title":{"rendered":"Mujeres y lucha, exposici\u00f3n documental de testimonios en el AGEO"},"content":{"rendered":"<div id=\"fb-root\"><\/div>\n\n<p>\u2022 La exposici\u00f3n muestra los distintos procesos y cambios estructurales que ha atravesado el discurso feminista<\/p>\n\n\n\n<figure class=\"wp-block-image size-large\"><img fetchpriority=\"high\" decoding=\"async\" width=\"1024\" height=\"682\" src=\"https:\/\/contextoanalisisperiodistico.com\/wp-content\/uploads\/2024\/03\/img-20240308-wa00066055183512522402201-1024x682.jpg\" alt=\"\" class=\"wp-image-25073\" srcset=\"https:\/\/contextoanalisisperiodistico.com\/wp-content\/uploads\/2024\/03\/img-20240308-wa00066055183512522402201-1024x682.jpg 1024w, https:\/\/contextoanalisisperiodistico.com\/wp-content\/uploads\/2024\/03\/img-20240308-wa00066055183512522402201-300x200.jpg 300w, https:\/\/contextoanalisisperiodistico.com\/wp-content\/uploads\/2024\/03\/img-20240308-wa00066055183512522402201-768x512.jpg 768w, https:\/\/contextoanalisisperiodistico.com\/wp-content\/uploads\/2024\/03\/img-20240308-wa00066055183512522402201-1536x1023.jpg 1536w, https:\/\/contextoanalisisperiodistico.com\/wp-content\/uploads\/2024\/03\/img-20240308-wa00066055183512522402201.jpg 1600w\" sizes=\"(max-width: 1024px) 100vw, 1024px\" \/><\/figure>\n\n\n\n<p>Santa Luc\u00eda del Camino, Oax. 8 de marzo de 2024.- Con el prop\u00f3sito de acercar a diversos p\u00fablicos a los archivos hist\u00f3ricos durante el marco del D\u00eda Internacional de la Mujer, se presenta la exposici\u00f3n documental, fotogr\u00e1fica y sonora Testimonios: mujeres y lucha, en la Sala de exposiciones del Archivo General del Estado de Oaxaca (AGEO).<\/p>\n\n\n\n<p>Esta exposici\u00f3n cuenta con el trabajo de investigaci\u00f3n de Zaira Fuentes S\u00e1nchez quien ha escrito diversos art\u00edculos acerca de los archivos expuestos, los cuales datan de los siglos XVII, XIX y XX.<\/p>\n\n\n\n<p>Estos testimonios muestran distintos procesos y cambios estructurales que ha atravesado el discurso feminista, bajo el cual se identifican diferentes exclusiones, violencias ejercidas hacia la mujer, as\u00ed como a la integraci\u00f3n a la actividad econ\u00f3mica, profesional, pol\u00edtica y social.<\/p>\n\n\n\n<p>Adem\u00e1s, se expone un archivo sonoro que consta de un compendio de 17 audios de Mar\u00eda Sabina, chamana y curandera mazateca, grabado el 21 de julio de 1956, por V.P. &amp; R.G. Wasson, en Huautla de Jim\u00e9nez que lleva por nombre Mushroom Ceremony of the Mazatec Indians of M\u00e9xico.<\/p>\n\n\n\n<p>La exposici\u00f3n puede apreciarse desde este jueves, hasta el 31 de mayo, en un horario de 9:00 a 18:00 horas en el AGEO ubicado en la calle Los Pinos esquina con Avenida Canteras sin n\u00famero, Santa Mar\u00eda Ixcotel, Santa Luc\u00eda del Camino.<\/p>\n\n\n\n<p>-0-<\/p>\n","protected":false},"excerpt":{"rendered":"<p>\u2022 La exposici\u00f3n muestra los distintos procesos y cambios estructurales que ha atravesado el discurso&#8230;<\/p>\n","protected":false},"author":4,"featured_media":25072,"comment_status":"","ping_status":"open","sticky":false,"template":"","format":"standard","meta":{"footnotes":""},"categories":[9],"tags":[],"jetpack_sharing_enabled":true,"featured_image_urls":{"full":["https:\/\/contextoanalisisperiodistico.com\/wp-content\/uploads\/2024\/03\/IMG-20240308-WA0005.jpg",1035,1600,false],"thumbnail":["https:\/\/contextoanalisisperiodistico.com\/wp-content\/uploads\/2024\/03\/IMG-20240308-WA0005-150x150.jpg",150,150,true],"medium":["https:\/\/contextoanalisisperiodistico.com\/wp-content\/uploads\/2024\/03\/IMG-20240308-WA0005-194x300.jpg",194,300,true],"medium_large":["https:\/\/contextoanalisisperiodistico.com\/wp-content\/uploads\/2024\/03\/IMG-20240308-WA0005-768x1187.jpg",640,989,true],"large":["https:\/\/contextoanalisisperiodistico.com\/wp-content\/uploads\/2024\/03\/IMG-20240308-WA0005-662x1024.jpg",640,990,true],"1536x1536":["https:\/\/contextoanalisisperiodistico.com\/wp-content\/uploads\/2024\/03\/IMG-20240308-WA0005-994x1536.jpg",994,1536,true],"2048x2048":["https:\/\/contextoanalisisperiodistico.com\/wp-content\/uploads\/2024\/03\/IMG-20240308-WA0005.jpg",1035,1600,false],"covernews-slider-full":["https:\/\/contextoanalisisperiodistico.com\/wp-content\/uploads\/2024\/03\/IMG-20240308-WA0005-1035x715.jpg",1035,715,true],"covernews-slider-center":["https:\/\/contextoanalisisperiodistico.com\/wp-content\/uploads\/2024\/03\/IMG-20240308-WA0005-800x500.jpg",800,500,true],"covernews-featured":["https:\/\/contextoanalisisperiodistico.com\/wp-content\/uploads\/2024\/03\/IMG-20240308-WA0005-1024x1583.jpg",1024,1583,true],"covernews-medium":["https:\/\/contextoanalisisperiodistico.com\/wp-content\/uploads\/2024\/03\/IMG-20240308-WA0005-540x340.jpg",540,340,true],"covernews-medium-square":["https:\/\/contextoanalisisperiodistico.com\/wp-content\/uploads\/2024\/03\/IMG-20240308-WA0005-400x250.jpg",400,250,true]},"author_info":{"display_name":"Mario Gir\u00f3n","author_link":"https:\/\/contextoanalisisperiodistico.com\/index.php\/author\/director\/"},"category_info":"<a href=\"https:\/\/contextoanalisisperiodistico.com\/index.php\/category\/politica\/\" rel=\"category tag\">Pol\u00edtica<\/a>","tag_info":"Pol\u00edtica","comment_count":"0","jetpack_featured_media_url":"https:\/\/contextoanalisisperiodistico.com\/wp-content\/uploads\/2024\/03\/IMG-20240308-WA0005.jpg","_links":{"self":[{"href":"https:\/\/contextoanalisisperiodistico.com\/index.php\/wp-json\/wp\/v2\/posts\/25074"}],"collection":[{"href":"https:\/\/contextoanalisisperiodistico.com\/index.php\/wp-json\/wp\/v2\/posts"}],"about":[{"href":"https:\/\/contextoanalisisperiodistico.com\/index.php\/wp-json\/wp\/v2\/types\/post"}],"author":[{"embeddable":true,"href":"https:\/\/contextoanalisisperiodistico.com\/index.php\/wp-json\/wp\/v2\/users\/4"}],"replies":[{"embeddable":true,"href":"https:\/\/contextoanalisisperiodistico.com\/index.php\/wp-json\/wp\/v2\/comments?post=25074"}],"version-history":[{"count":0,"href":"https:\/\/contextoanalisisperiodistico.com\/index.php\/wp-json\/wp\/v2\/posts\/25074\/revisions"}],"wp:featuredmedia":[{"embeddable":true,"href":"https:\/\/contextoanalisisperiodistico.com\/index.php\/wp-json\/wp\/v2\/media\/25072"}],"wp:attachment":[{"href":"https:\/\/contextoanalisisperiodistico.com\/index.php\/wp-json\/wp\/v2\/media?parent=25074"}],"wp:term":[{"taxonomy":"category","embeddable":true,"href":"https:\/\/contextoanalisisperiodistico.com\/index.php\/wp-json\/wp\/v2\/categories?post=25074"},{"taxonomy":"post_tag","embeddable":true,"href":"https:\/\/contextoanalisisperiodistico.com\/index.php\/wp-json\/wp\/v2\/tags?post=25074"}],"curies":[{"name":"wp","href":"https:\/\/api.w.org\/{rel}","templated":true}]}}