{"id":25063,"date":"2024-03-06T09:19:41","date_gmt":"2024-03-06T15:19:41","guid":{"rendered":"https:\/\/contextoanalisisperiodistico.com\/index.php\/2024\/03\/06\/exhorta-sso-para-cuidado-almacenamiento-y-manejo-del-agua\/"},"modified":"2024-03-06T09:19:41","modified_gmt":"2024-03-06T15:19:41","slug":"exhorta-sso-para-cuidado-almacenamiento-y-manejo-del-agua","status":"publish","type":"post","link":"https:\/\/contextoanalisisperiodistico.com\/index.php\/2024\/03\/06\/exhorta-sso-para-cuidado-almacenamiento-y-manejo-del-agua\/","title":{"rendered":"Exhorta SSO para cuidado, almacenamiento y manejo del agua"},"content":{"rendered":"<div id=\"fb-root\"><\/div>\n\n<p>\u2022 El objetivo es evitar su desperdicio y enfermedades relacionadas con su consumo<\/p>\n\n\n\n<p>Oaxaca de Ju\u00e1rez, Oax., 5 de marzo de 2024.- Ante la temporada de estiaje y las altas temperaturas que se han presentado en la entidad, Servicios de Salud de Oaxaca (SSO) exhorta a la poblaci\u00f3n a seguir las recomendaciones para el cuidado, almacenamiento y manejo seguro del agua, a fin de evitar su desperdicio y enfermedades relacionadas con su consumo.<\/p>\n\n\n\n<p>Sugiere a las personas que no cuentan con agua embotellada, hervir el vital l\u00edquido durante 10 minutos antes de consumirlo y posteriormente tapar el recipiente donde se almacene, ya que es la forma m\u00e1s segura de destruir los microbios que puedan existir.<\/p>\n\n\n\n<p>Es necesario cuidar los garrafones de agua, resguardarlos en lugares frescos, no exponerlos al sol, evitar su uso en caso de tener golpes o rayaduras, no colocar ning\u00fan l\u00edquido dentro de ellos como gasolina o productos de limpieza, en caso de hacerlo, no utilizarlo para almacenar agua para el consumo humano.<\/p>\n\n\n\n<p>Para la preparaci\u00f3n de alimentos es preciso desinfectar el agua, por ello se recomienda usar unas gotas de cloro de uso dom\u00e9stico por cada litro de agua, una gota de plata coloidal por cada dos litros de agua, o bien, seguir las instrucciones del envase. Tambi\u00e9n, es importante lavar y desinfectar las frutas y verduras en recipientes para evitar el desperdicio de agua y enfermedades diarreicas.<\/p>\n\n\n\n<p>En la ducha es fundamental cerrar la regadera mientras las personas se enjabonan, evitar el uso de tinas de ba\u00f1o, toda vez que con estas acciones se ahorran al menos 150 litros de agua potable.<\/p>\n\n\n\n<p>Se sugiere reutilizar el agua de la lavadora para otras tareas como regar plantas o para el inodoro; as\u00ed como lavar los veh\u00edculos con cubetas y evitar el uso de las mangueras.<\/p>\n\n\n\n<p>Adem\u00e1s de lavar los tinacos cada seis meses para evitar la proliferaci\u00f3n del mosquito transmisor del dengue, zika y chikungunya; as\u00ed como mantener tapadas las piletas o cubetas que almacenen agua limpia.<\/p>\n\n\n\n<hr class=\"wp-block-separator has-alpha-channel-opacity\"\/>\n\n\n\n<p>Este material es exclusivamente de car\u00e1cter informativo, dirigido \u00fanicamente a medios de comunicaci\u00f3n, y no tiene fines propagand\u00edsticos<\/p>\n\n\n\n<p>-0-<\/p>\n\n\n\n<figure class=\"wp-block-image size-large\"><img fetchpriority=\"high\" decoding=\"async\" width=\"1024\" height=\"576\" src=\"https:\/\/contextoanalisisperiodistico.com\/wp-content\/uploads\/2024\/03\/img-20240305-wa00145411828080518186018-1024x576.jpg\" alt=\"\" class=\"wp-image-25061\" srcset=\"https:\/\/contextoanalisisperiodistico.com\/wp-content\/uploads\/2024\/03\/img-20240305-wa00145411828080518186018-1024x576.jpg 1024w, https:\/\/contextoanalisisperiodistico.com\/wp-content\/uploads\/2024\/03\/img-20240305-wa00145411828080518186018-300x169.jpg 300w, https:\/\/contextoanalisisperiodistico.com\/wp-content\/uploads\/2024\/03\/img-20240305-wa00145411828080518186018-768x432.jpg 768w, https:\/\/contextoanalisisperiodistico.com\/wp-content\/uploads\/2024\/03\/img-20240305-wa00145411828080518186018-1536x864.jpg 1536w, https:\/\/contextoanalisisperiodistico.com\/wp-content\/uploads\/2024\/03\/img-20240305-wa00145411828080518186018.jpg 1600w\" sizes=\"(max-width: 1024px) 100vw, 1024px\" \/><\/figure>\n\n\n\n<figure class=\"wp-block-image\"><img decoding=\"async\" width=\"768\" height=\"1024\" src=\"https:\/\/contextoanalisisperiodistico.com\/wp-content\/uploads\/2024\/03\/img-20240305-wa0017645975282929709731-768x1024.jpg\" alt=\"\" class=\"wp-image-25062\" srcset=\"https:\/\/contextoanalisisperiodistico.com\/wp-content\/uploads\/2024\/03\/img-20240305-wa0017645975282929709731-768x1024.jpg 768w, https:\/\/contextoanalisisperiodistico.com\/wp-content\/uploads\/2024\/03\/img-20240305-wa0017645975282929709731-225x300.jpg 225w, https:\/\/contextoanalisisperiodistico.com\/wp-content\/uploads\/2024\/03\/img-20240305-wa0017645975282929709731-1152x1536.jpg 1152w, https:\/\/contextoanalisisperiodistico.com\/wp-content\/uploads\/2024\/03\/img-20240305-wa0017645975282929709731-1024x1365.jpg 1024w, https:\/\/contextoanalisisperiodistico.com\/wp-content\/uploads\/2024\/03\/img-20240305-wa0017645975282929709731.jpg 1200w\" sizes=\"(max-width: 768px) 100vw, 768px\" \/><\/figure>\n","protected":false},"excerpt":{"rendered":"<p>\u2022 El objetivo es evitar su desperdicio y enfermedades relacionadas con su consumo Oaxaca de&#8230;<\/p>\n","protected":false},"author":4,"featured_media":25060,"comment_status":"","ping_status":"open","sticky":false,"template":"","format":"standard","meta":{"footnotes":""},"categories":[92],"tags":[],"jetpack_sharing_enabled":true,"featured_image_urls":{"full":["https:\/\/contextoanalisisperiodistico.com\/wp-content\/uploads\/2024\/03\/IMG-20240305-WA0016.jpg",1600,900,false],"thumbnail":["https:\/\/contextoanalisisperiodistico.com\/wp-content\/uploads\/2024\/03\/IMG-20240305-WA0016-150x150.jpg",150,150,true],"medium":["https:\/\/contextoanalisisperiodistico.com\/wp-content\/uploads\/2024\/03\/IMG-20240305-WA0016-300x169.jpg",300,169,true],"medium_large":["https:\/\/contextoanalisisperiodistico.com\/wp-content\/uploads\/2024\/03\/IMG-20240305-WA0016-768x432.jpg",640,360,true],"large":["https:\/\/contextoanalisisperiodistico.com\/wp-content\/uploads\/2024\/03\/IMG-20240305-WA0016-1024x576.jpg",640,360,true],"1536x1536":["https:\/\/contextoanalisisperiodistico.com\/wp-content\/uploads\/2024\/03\/IMG-20240305-WA0016-1536x864.jpg",1536,864,true],"2048x2048":["https:\/\/contextoanalisisperiodistico.com\/wp-content\/uploads\/2024\/03\/IMG-20240305-WA0016.jpg",1600,900,false],"covernews-slider-full":["https:\/\/contextoanalisisperiodistico.com\/wp-content\/uploads\/2024\/03\/IMG-20240305-WA0016-1115x715.jpg",1115,715,true],"covernews-slider-center":["https:\/\/contextoanalisisperiodistico.com\/wp-content\/uploads\/2024\/03\/IMG-20240305-WA0016-800x500.jpg",800,500,true],"covernews-featured":["https:\/\/contextoanalisisperiodistico.com\/wp-content\/uploads\/2024\/03\/IMG-20240305-WA0016-1024x576.jpg",1024,576,true],"covernews-medium":["https:\/\/contextoanalisisperiodistico.com\/wp-content\/uploads\/2024\/03\/IMG-20240305-WA0016-540x340.jpg",540,340,true],"covernews-medium-square":["https:\/\/contextoanalisisperiodistico.com\/wp-content\/uploads\/2024\/03\/IMG-20240305-WA0016-400x250.jpg",400,250,true]},"author_info":{"display_name":"Mario Gir\u00f3n","author_link":"https:\/\/contextoanalisisperiodistico.com\/index.php\/author\/director\/"},"category_info":"<a href=\"https:\/\/contextoanalisisperiodistico.com\/index.php\/category\/salud\/\" rel=\"category tag\">Salud<\/a>","tag_info":"Salud","comment_count":"0","jetpack_featured_media_url":"https:\/\/contextoanalisisperiodistico.com\/wp-content\/uploads\/2024\/03\/IMG-20240305-WA0016.jpg","_links":{"self":[{"href":"https:\/\/contextoanalisisperiodistico.com\/index.php\/wp-json\/wp\/v2\/posts\/25063"}],"collection":[{"href":"https:\/\/contextoanalisisperiodistico.com\/index.php\/wp-json\/wp\/v2\/posts"}],"about":[{"href":"https:\/\/contextoanalisisperiodistico.com\/index.php\/wp-json\/wp\/v2\/types\/post"}],"author":[{"embeddable":true,"href":"https:\/\/contextoanalisisperiodistico.com\/index.php\/wp-json\/wp\/v2\/users\/4"}],"replies":[{"embeddable":true,"href":"https:\/\/contextoanalisisperiodistico.com\/index.php\/wp-json\/wp\/v2\/comments?post=25063"}],"version-history":[{"count":1,"href":"https:\/\/contextoanalisisperiodistico.com\/index.php\/wp-json\/wp\/v2\/posts\/25063\/revisions"}],"predecessor-version":[{"id":25075,"href":"https:\/\/contextoanalisisperiodistico.com\/index.php\/wp-json\/wp\/v2\/posts\/25063\/revisions\/25075"}],"wp:featuredmedia":[{"embeddable":true,"href":"https:\/\/contextoanalisisperiodistico.com\/index.php\/wp-json\/wp\/v2\/media\/25060"}],"wp:attachment":[{"href":"https:\/\/contextoanalisisperiodistico.com\/index.php\/wp-json\/wp\/v2\/media?parent=25063"}],"wp:term":[{"taxonomy":"category","embeddable":true,"href":"https:\/\/contextoanalisisperiodistico.com\/index.php\/wp-json\/wp\/v2\/categories?post=25063"},{"taxonomy":"post_tag","embeddable":true,"href":"https:\/\/contextoanalisisperiodistico.com\/index.php\/wp-json\/wp\/v2\/tags?post=25063"}],"curies":[{"name":"wp","href":"https:\/\/api.w.org\/{rel}","templated":true}]}}