{"id":25053,"date":"2024-03-05T15:12:25","date_gmt":"2024-03-05T21:12:25","guid":{"rendered":"https:\/\/contextoanalisisperiodistico.com\/index.php\/2024\/03\/05\/respetuosos-de-ley-electoral-para-garantizar-un-proceso-en-paz-sin-amenazas-y-participativo-salomon-jara\/"},"modified":"2024-03-05T15:13:38","modified_gmt":"2024-03-05T21:13:38","slug":"respetuosos-de-ley-electoral-para-garantizar-un-proceso-en-paz-sin-amenazas-y-participativo-salomon-jara","status":"publish","type":"post","link":"https:\/\/contextoanalisisperiodistico.com\/index.php\/2024\/03\/05\/respetuosos-de-ley-electoral-para-garantizar-un-proceso-en-paz-sin-amenazas-y-participativo-salomon-jara\/","title":{"rendered":"Respetuoso de ley Electoral para garantizar proceso en paz, sin amenazas y participativo: Salom\u00f3n Jara"},"content":{"rendered":"<div id=\"fb-root\"><\/div>\n\n<p>\u201d No permitiremos amenazas a los candidatos\u201d, ofreci\u00f3 el Mandatario Estatal<\/p>\n\n\n\n<p><br \/>Mario GIR\u00d3N<\/p>\n\n\n\n<p><br \/>A respetar la veda marcada en la ley Electoral se comprometi\u00f3 esta ma\u00f1ana el gobernador Salom\u00f3n Jara Cruz.<\/p>\n\n\n\n<p><br \/>En la semanal conferencia de prensa ofrecida a medios de comunicaci\u00f3n del estado, Jara Cruz asegur\u00f3: \u201cvamos a respetar este proceso electoral. En tiempos de campa\u00f1a, el gobierno del estado de Oaxaca no se meter\u00e1 en nada\u201d.<\/p>\n\n\n\n<p>Explic\u00f3. \u201cno haremos lo que antes se pon\u00eda en pr\u00e1ctica, por ejemplo, exigirle moche electoral a secretarios y subsecretarios para que apoyen; \u00a1nada! \u00a1absolutamente nada! Seremos respetuosos de la ley Electoral. Nada fuera de la legalidad\u201d, asegur\u00f3.<\/p>\n\n\n\n<figure class=\"wp-block-video\"><video controls src=\"https:\/\/contextoanalisisperiodistico.com\/wp-content\/uploads\/2024\/03\/VID20240305145704.mp4\"><\/video><\/figure>\n","protected":false},"excerpt":{"rendered":"<p>\u201d No permitiremos amenazas a los candidatos\u201d, ofreci\u00f3 el Mandatario Estatal Mario GIR\u00d3N A respetar&#8230;<\/p>\n","protected":false},"author":4,"featured_media":25051,"comment_status":"closed","ping_status":"open","sticky":false,"template":"","format":"standard","meta":{"footnotes":""},"categories":[9],"tags":[],"jetpack_sharing_enabled":true,"featured_image_urls":{"full":["https:\/\/contextoanalisisperiodistico.com\/wp-content\/uploads\/2024\/03\/IMG-20240305-WA0002-1.jpg",1600,1066,false],"thumbnail":["https:\/\/contextoanalisisperiodistico.com\/wp-content\/uploads\/2024\/03\/IMG-20240305-WA0002-1-150x150.jpg",150,150,true],"medium":["https:\/\/contextoanalisisperiodistico.com\/wp-content\/uploads\/2024\/03\/IMG-20240305-WA0002-1-300x200.jpg",300,200,true],"medium_large":["https:\/\/contextoanalisisperiodistico.com\/wp-content\/uploads\/2024\/03\/IMG-20240305-WA0002-1-768x512.jpg",640,427,true],"large":["https:\/\/contextoanalisisperiodistico.com\/wp-content\/uploads\/2024\/03\/IMG-20240305-WA0002-1-1024x682.jpg",640,426,true],"1536x1536":["https:\/\/contextoanalisisperiodistico.com\/wp-content\/uploads\/2024\/03\/IMG-20240305-WA0002-1-1536x1023.jpg",1536,1023,true],"2048x2048":["https:\/\/contextoanalisisperiodistico.com\/wp-content\/uploads\/2024\/03\/IMG-20240305-WA0002-1.jpg",1600,1066,false],"covernews-slider-full":["https:\/\/contextoanalisisperiodistico.com\/wp-content\/uploads\/2024\/03\/IMG-20240305-WA0002-1-1115x715.jpg",1115,715,true],"covernews-slider-center":["https:\/\/contextoanalisisperiodistico.com\/wp-content\/uploads\/2024\/03\/IMG-20240305-WA0002-1-800x500.jpg",800,500,true],"covernews-featured":["https:\/\/contextoanalisisperiodistico.com\/wp-content\/uploads\/2024\/03\/IMG-20240305-WA0002-1-1024x682.jpg",1024,682,true],"covernews-medium":["https:\/\/contextoanalisisperiodistico.com\/wp-content\/uploads\/2024\/03\/IMG-20240305-WA0002-1-540x340.jpg",540,340,true],"covernews-medium-square":["https:\/\/contextoanalisisperiodistico.com\/wp-content\/uploads\/2024\/03\/IMG-20240305-WA0002-1-400x250.jpg",400,250,true]},"author_info":{"display_name":"Mario Gir\u00f3n","author_link":"https:\/\/contextoanalisisperiodistico.com\/index.php\/author\/director\/"},"category_info":"<a href=\"https:\/\/contextoanalisisperiodistico.com\/index.php\/category\/politica\/\" rel=\"category tag\">Pol\u00edtica<\/a>","tag_info":"Pol\u00edtica","comment_count":"0","jetpack_featured_media_url":"https:\/\/contextoanalisisperiodistico.com\/wp-content\/uploads\/2024\/03\/IMG-20240305-WA0002-1.jpg","_links":{"self":[{"href":"https:\/\/contextoanalisisperiodistico.com\/index.php\/wp-json\/wp\/v2\/posts\/25053"}],"collection":[{"href":"https:\/\/contextoanalisisperiodistico.com\/index.php\/wp-json\/wp\/v2\/posts"}],"about":[{"href":"https:\/\/contextoanalisisperiodistico.com\/index.php\/wp-json\/wp\/v2\/types\/post"}],"author":[{"embeddable":true,"href":"https:\/\/contextoanalisisperiodistico.com\/index.php\/wp-json\/wp\/v2\/users\/4"}],"replies":[{"embeddable":true,"href":"https:\/\/contextoanalisisperiodistico.com\/index.php\/wp-json\/wp\/v2\/comments?post=25053"}],"version-history":[{"count":1,"href":"https:\/\/contextoanalisisperiodistico.com\/index.php\/wp-json\/wp\/v2\/posts\/25053\/revisions"}],"predecessor-version":[{"id":25054,"href":"https:\/\/contextoanalisisperiodistico.com\/index.php\/wp-json\/wp\/v2\/posts\/25053\/revisions\/25054"}],"wp:featuredmedia":[{"embeddable":true,"href":"https:\/\/contextoanalisisperiodistico.com\/index.php\/wp-json\/wp\/v2\/media\/25051"}],"wp:attachment":[{"href":"https:\/\/contextoanalisisperiodistico.com\/index.php\/wp-json\/wp\/v2\/media?parent=25053"}],"wp:term":[{"taxonomy":"category","embeddable":true,"href":"https:\/\/contextoanalisisperiodistico.com\/index.php\/wp-json\/wp\/v2\/categories?post=25053"},{"taxonomy":"post_tag","embeddable":true,"href":"https:\/\/contextoanalisisperiodistico.com\/index.php\/wp-json\/wp\/v2\/tags?post=25053"}],"curies":[{"name":"wp","href":"https:\/\/api.w.org\/{rel}","templated":true}]}}