{"id":25047,"date":"2024-03-05T12:21:19","date_gmt":"2024-03-05T18:21:19","guid":{"rendered":"https:\/\/contextoanalisisperiodistico.com\/index.php\/2024\/03\/05\/anuncian-control-y-liquidacion-del-incendio-en-quiavini-al-100\/"},"modified":"2024-03-05T12:21:19","modified_gmt":"2024-03-05T18:21:19","slug":"anuncian-control-y-liquidacion-del-incendio-en-quiavini-al-100","status":"publish","type":"post","link":"https:\/\/contextoanalisisperiodistico.com\/index.php\/2024\/03\/05\/anuncian-control-y-liquidacion-del-incendio-en-quiavini-al-100\/","title":{"rendered":"Anuncian control y liquidaci\u00f3n del incendio en Quiavin\u00ed al 100%"},"content":{"rendered":"<div id=\"fb-root\"><\/div>\n\n<p>\u2022 Los comuneros fueron la fuerza principal en las labores de sofocaci\u00f3n<\/p>\n\n\n\n<p><br>Oaxaca de Ju\u00e1rez, Oax. 5 de marzo de 2024. El Gobernador Salom\u00f3n Jara Cruz inform\u00f3 que el incendio registrado en San Lucas Quiavin\u00ed, San Felipe G\u00fcil\u00e1 y San Pablo G\u00fcil\u00e1 se encuentra 100 por ciento controlado y liquidado desde este lunes, como resultado de la suma de esfuerzos entre las diversas instancias de los tres niveles de gobierno.<\/p>\n\n\n\n<figure class=\"wp-block-image size-large\"><img fetchpriority=\"high\" decoding=\"async\" width=\"1024\" height=\"682\" src=\"https:\/\/contextoanalisisperiodistico.com\/wp-content\/uploads\/2024\/03\/img-20240305-wa00036844563172814380284-1024x682.jpg\" alt=\"\" class=\"wp-image-25046\" srcset=\"https:\/\/contextoanalisisperiodistico.com\/wp-content\/uploads\/2024\/03\/img-20240305-wa00036844563172814380284-1024x682.jpg 1024w, https:\/\/contextoanalisisperiodistico.com\/wp-content\/uploads\/2024\/03\/img-20240305-wa00036844563172814380284-300x200.jpg 300w, https:\/\/contextoanalisisperiodistico.com\/wp-content\/uploads\/2024\/03\/img-20240305-wa00036844563172814380284-768x512.jpg 768w, https:\/\/contextoanalisisperiodistico.com\/wp-content\/uploads\/2024\/03\/img-20240305-wa00036844563172814380284-1536x1023.jpg 1536w, https:\/\/contextoanalisisperiodistico.com\/wp-content\/uploads\/2024\/03\/img-20240305-wa00036844563172814380284.jpg 1600w\" sizes=\"(max-width: 1024px) 100vw, 1024px\" \/><\/figure>\n\n\n\n<p>Al encabezar la conferencia de prensa este martes desde Palacio de Gobierno y luego de rendir un minuto de silencio en memoria de los cinco comuneros que fallecieron en San Lucas Quiavin\u00ed, el Mandatario estatal expres\u00f3 que a casi una semana del inicio de este siniestro que afect\u00f3 m\u00e1s de 700 hect\u00e1reas, la liquidaci\u00f3n fue posible luego del trabajo de 267 elementos y 50 veh\u00edculos; as\u00ed como del helic\u00f3ptero MI-17 de la Secretar\u00eda de Marina (Semar) que contribuy\u00f3 con descargas de agua.<\/p>\n\n\n\n<p>Dio a conocer que las labores realizadas por las y los elementos de la Secretar\u00eda de la Defensa Nacional (Sedena), Secretar\u00eda de Marina, Guardia Nacional, la Comisi\u00f3n Nacional Forestal (Conafor), Comisi\u00f3n Nacional del Agua (Conagua); as\u00ed como de la Comisi\u00f3n Estatal Forestal (Coesfo), la Direcci\u00f3n General del Hangar del Gobierno del Estado, la Coordinaci\u00f3n General de Protecci\u00f3n Civil y Gesti\u00f3n de Riesgos (CGPCyGR), y la Secretar\u00eda de Seguridad y Protecci\u00f3n Ciudadana (SSPC).<\/p>\n\n\n\n<p>A trav\u00e9s de la Secretar\u00eda de Gobierno (Sego) se atender\u00e1 a los familiares de los cinco comuneros que perecieron en defensa de su territorio.<\/p>\n\n\n\n<p>En presencia del presidente municipal de San Lucas Quiavin\u00ed Rafael Morales Curiel y el presidente de Bienes Comunales Rumualdo L\u00f3pez Cruz, Jara Cruz expres\u00f3 que, por su extensi\u00f3n geogr\u00e1fica, riqueza y biodiversidad biol\u00f3gica, Oaxaca es la tercera entidad en el pa\u00eds con mayor afectaci\u00f3n por incendios forestales, por lo que se mantiene un constante monitoreo a trav\u00e9s de la Coesfo.<\/p>\n\n\n\n<p>Rutas del Citybus seguras<\/p>\n\n\n\n<p>En esta conferencia de prensa, el Gobernador Salom\u00f3n Jara Cruz tambi\u00e9n anunci\u00f3 que, para garantizar una movilidad segura a la poblaci\u00f3n, el Sistema de Transporte Colectivo Metropolitano (Citybus) pondr\u00e1 en operaci\u00f3n este viernes 15 de marzo la ruta de Tlalixtac de Cabrera a la Rotonda de la Lib\u00e9lula.<\/p>\n\n\n\n<p>Para ello ser\u00e1n habilitadas 5 unidades con plataformas de ascenso y descenso de personas con discapacidad; la ruta operar\u00e1 de 6:00 a 22:00 horas.<br \/>-0-<\/p>\n","protected":false},"excerpt":{"rendered":"<p>\u2022 Los comuneros fueron la fuerza principal en las labores de sofocaci\u00f3n Oaxaca de Ju\u00e1rez,&#8230;<\/p>\n","protected":false},"author":4,"featured_media":25045,"comment_status":"","ping_status":"open","sticky":false,"template":"","format":"standard","meta":{"footnotes":""},"categories":[9],"tags":[],"jetpack_sharing_enabled":true,"featured_image_urls":{"full":["https:\/\/contextoanalisisperiodistico.com\/wp-content\/uploads\/2024\/03\/IMG-20240305-WA0002.jpg",1600,1066,false],"thumbnail":["https:\/\/contextoanalisisperiodistico.com\/wp-content\/uploads\/2024\/03\/IMG-20240305-WA0002-150x150.jpg",150,150,true],"medium":["https:\/\/contextoanalisisperiodistico.com\/wp-content\/uploads\/2024\/03\/IMG-20240305-WA0002-300x200.jpg",300,200,true],"medium_large":["https:\/\/contextoanalisisperiodistico.com\/wp-content\/uploads\/2024\/03\/IMG-20240305-WA0002-768x512.jpg",640,427,true],"large":["https:\/\/contextoanalisisperiodistico.com\/wp-content\/uploads\/2024\/03\/IMG-20240305-WA0002-1024x682.jpg",640,426,true],"1536x1536":["https:\/\/contextoanalisisperiodistico.com\/wp-content\/uploads\/2024\/03\/IMG-20240305-WA0002-1536x1023.jpg",1536,1023,true],"2048x2048":["https:\/\/contextoanalisisperiodistico.com\/wp-content\/uploads\/2024\/03\/IMG-20240305-WA0002.jpg",1600,1066,false],"covernews-slider-full":["https:\/\/contextoanalisisperiodistico.com\/wp-content\/uploads\/2024\/03\/IMG-20240305-WA0002-1115x715.jpg",1115,715,true],"covernews-slider-center":["https:\/\/contextoanalisisperiodistico.com\/wp-content\/uploads\/2024\/03\/IMG-20240305-WA0002-800x500.jpg",800,500,true],"covernews-featured":["https:\/\/contextoanalisisperiodistico.com\/wp-content\/uploads\/2024\/03\/IMG-20240305-WA0002-1024x682.jpg",1024,682,true],"covernews-medium":["https:\/\/contextoanalisisperiodistico.com\/wp-content\/uploads\/2024\/03\/IMG-20240305-WA0002-540x340.jpg",540,340,true],"covernews-medium-square":["https:\/\/contextoanalisisperiodistico.com\/wp-content\/uploads\/2024\/03\/IMG-20240305-WA0002-400x250.jpg",400,250,true]},"author_info":{"display_name":"Mario Gir\u00f3n","author_link":"https:\/\/contextoanalisisperiodistico.com\/index.php\/author\/director\/"},"category_info":"<a href=\"https:\/\/contextoanalisisperiodistico.com\/index.php\/category\/politica\/\" rel=\"category tag\">Pol\u00edtica<\/a>","tag_info":"Pol\u00edtica","comment_count":"0","jetpack_featured_media_url":"https:\/\/contextoanalisisperiodistico.com\/wp-content\/uploads\/2024\/03\/IMG-20240305-WA0002.jpg","_links":{"self":[{"href":"https:\/\/contextoanalisisperiodistico.com\/index.php\/wp-json\/wp\/v2\/posts\/25047"}],"collection":[{"href":"https:\/\/contextoanalisisperiodistico.com\/index.php\/wp-json\/wp\/v2\/posts"}],"about":[{"href":"https:\/\/contextoanalisisperiodistico.com\/index.php\/wp-json\/wp\/v2\/types\/post"}],"author":[{"embeddable":true,"href":"https:\/\/contextoanalisisperiodistico.com\/index.php\/wp-json\/wp\/v2\/users\/4"}],"replies":[{"embeddable":true,"href":"https:\/\/contextoanalisisperiodistico.com\/index.php\/wp-json\/wp\/v2\/comments?post=25047"}],"version-history":[{"count":0,"href":"https:\/\/contextoanalisisperiodistico.com\/index.php\/wp-json\/wp\/v2\/posts\/25047\/revisions"}],"wp:featuredmedia":[{"embeddable":true,"href":"https:\/\/contextoanalisisperiodistico.com\/index.php\/wp-json\/wp\/v2\/media\/25045"}],"wp:attachment":[{"href":"https:\/\/contextoanalisisperiodistico.com\/index.php\/wp-json\/wp\/v2\/media?parent=25047"}],"wp:term":[{"taxonomy":"category","embeddable":true,"href":"https:\/\/contextoanalisisperiodistico.com\/index.php\/wp-json\/wp\/v2\/categories?post=25047"},{"taxonomy":"post_tag","embeddable":true,"href":"https:\/\/contextoanalisisperiodistico.com\/index.php\/wp-json\/wp\/v2\/tags?post=25047"}],"curies":[{"name":"wp","href":"https:\/\/api.w.org\/{rel}","templated":true}]}}