{"id":25037,"date":"2024-03-04T15:28:28","date_gmt":"2024-03-04T21:28:28","guid":{"rendered":"https:\/\/contextoanalisisperiodistico.com\/index.php\/2024\/03\/04\/padecen-sobrepeso-y-obesidad-75-de-las-personas-adultas-sso\/"},"modified":"2024-03-04T15:28:28","modified_gmt":"2024-03-04T21:28:28","slug":"padecen-sobrepeso-y-obesidad-75-de-las-personas-adultas-sso","status":"publish","type":"post","link":"https:\/\/contextoanalisisperiodistico.com\/index.php\/2024\/03\/04\/padecen-sobrepeso-y-obesidad-75-de-las-personas-adultas-sso\/","title":{"rendered":"Padecen sobrepeso y obesidad 75% de las personas adultas: SSO"},"content":{"rendered":"<div id=\"fb-root\"><\/div>\n\n<p>\u2022 De acuerdo con la Encuesta Nacional de Salud y Nutrici\u00f3n (Ensanut) 2018-2019, en M\u00e9xico, el sobrepeso y la obesidad tambi\u00e9n afectan a 35.6% de la poblaci\u00f3n infantil<br \/>\u2022 Este 4 de marzo se conmemora el D\u00eda Mundial de la Obesidad<\/p>\n\n\n\n<p>Oaxaca de Ju\u00e1rez, Oax. 4 de marzo de 2024.- En el marco del D\u00eda Mundial de la Obesidad que se conmemora este 4 de marzo, Servicios de Salud de Oaxaca (SSO) inform\u00f3 que este padecimiento es prevenible y reversible si se toman medidas a tiempo como hacer ejercicio regularmente, de acuerdo con la edad, y seguir un plan de alimentaci\u00f3n saludable.<\/p>\n\n\n\n<p>Algunos factores que permiten incrementar el riesgo de obesidad son el sedentarismo, sumado a los patrones alimenticios poco saludables, una cantidad insuficiente de sue\u00f1o y altos niveles de estr\u00e9s.<\/p>\n\n\n\n<p>La dieta diaria debe ser rica en nutrientes, con consumo frecuente de frutas, vegetales y cereales integrales, adem\u00e1s de un control del peso; asimismo, se deben evitar las grasas saturadas, las calor\u00edas, los excesos de alcohol o dulces.<\/p>\n\n\n\n<p>Esta patolog\u00eda est\u00e1 relacionada con factores biol\u00f3gicos, sociales, culturales y psicol\u00f3gicos. Su tratamiento debe ser manejado de manera integral por un grupo de especialistas en medicina, nutrici\u00f3n, psicolog\u00eda y personas expertas en activaci\u00f3n f\u00edsica.<\/p>\n\n\n\n<p>Algunos de los s\u00edntomas de la obesidad son aumento de peso, dificultad para respirar (durante el d\u00eda y al dormir), cansancio, fatiga y dolor de las articulaciones en rodillas y pies, reflujo y acidez, hinchaz\u00f3n, dolor y calambres en las piernas, tambi\u00e9n p\u00e9rdida de control para orinar.<\/p>\n\n\n\n<p>La instituci\u00f3n destaca que este padecimiento incrementa el riesgo de desarrollar enfermedades del coraz\u00f3n, diabetes, hipertensi\u00f3n arterial, afectaciones al h\u00edgado, dislipidemia (niveles excesivamente elevados de colesterol o grasas), artritis, osteoporosis, m\u00faltiples tipos de c\u00e1ncer, complicaciones por Covid-19, entre otros.<\/p>\n\n\n\n<p>De acuerdo con datos de la Encuesta Nacional de Salud y Nutrici\u00f3n (Ensanut) 2018-2019, en M\u00e9xico, el sobrepeso y la obesidad afectan a m\u00e1s del 75 por ciento de las personas adultas y al 35.6 por ciento de la poblaci\u00f3n infantil.<\/p>\n\n\n\n<p>Mientras que de acuerdo con la Organizaci\u00f3n Mundial de la Salud (OMS), 800 millones de personas en el mundo viven con obesidad. Se estima que para el 2030 se alcancen 250 millones de casos, debido al incremento en la obesidad infantil.<\/p>\n\n\n\n<p>La instituci\u00f3n exhorta a la poblaci\u00f3n acudir al especialista para que conjuntamente puedan tener un seguimiento m\u00e9dico que evite complicaciones en la salud.<br \/>-0-<\/p>\n","protected":false},"excerpt":{"rendered":"<p>\u2022 De acuerdo con la Encuesta Nacional de Salud y Nutrici\u00f3n (Ensanut) 2018-2019, en M\u00e9xico,&#8230;<\/p>\n","protected":false},"author":4,"featured_media":25036,"comment_status":"","ping_status":"open","sticky":false,"template":"","format":"standard","meta":{"footnotes":""},"categories":[9],"tags":[],"jetpack_sharing_enabled":true,"featured_image_urls":{"full":["https:\/\/contextoanalisisperiodistico.com\/wp-content\/uploads\/2024\/03\/IMG-20240304-WA0006.jpg",1600,1066,false],"thumbnail":["https:\/\/contextoanalisisperiodistico.com\/wp-content\/uploads\/2024\/03\/IMG-20240304-WA0006-150x150.jpg",150,150,true],"medium":["https:\/\/contextoanalisisperiodistico.com\/wp-content\/uploads\/2024\/03\/IMG-20240304-WA0006-300x200.jpg",300,200,true],"medium_large":["https:\/\/contextoanalisisperiodistico.com\/wp-content\/uploads\/2024\/03\/IMG-20240304-WA0006-768x512.jpg",640,427,true],"large":["https:\/\/contextoanalisisperiodistico.com\/wp-content\/uploads\/2024\/03\/IMG-20240304-WA0006-1024x682.jpg",640,426,true],"1536x1536":["https:\/\/contextoanalisisperiodistico.com\/wp-content\/uploads\/2024\/03\/IMG-20240304-WA0006-1536x1023.jpg",1536,1023,true],"2048x2048":["https:\/\/contextoanalisisperiodistico.com\/wp-content\/uploads\/2024\/03\/IMG-20240304-WA0006.jpg",1600,1066,false],"covernews-slider-full":["https:\/\/contextoanalisisperiodistico.com\/wp-content\/uploads\/2024\/03\/IMG-20240304-WA0006-1115x715.jpg",1115,715,true],"covernews-slider-center":["https:\/\/contextoanalisisperiodistico.com\/wp-content\/uploads\/2024\/03\/IMG-20240304-WA0006-800x500.jpg",800,500,true],"covernews-featured":["https:\/\/contextoanalisisperiodistico.com\/wp-content\/uploads\/2024\/03\/IMG-20240304-WA0006-1024x682.jpg",1024,682,true],"covernews-medium":["https:\/\/contextoanalisisperiodistico.com\/wp-content\/uploads\/2024\/03\/IMG-20240304-WA0006-540x340.jpg",540,340,true],"covernews-medium-square":["https:\/\/contextoanalisisperiodistico.com\/wp-content\/uploads\/2024\/03\/IMG-20240304-WA0006-400x250.jpg",400,250,true]},"author_info":{"display_name":"Mario Gir\u00f3n","author_link":"https:\/\/contextoanalisisperiodistico.com\/index.php\/author\/director\/"},"category_info":"<a href=\"https:\/\/contextoanalisisperiodistico.com\/index.php\/category\/politica\/\" rel=\"category tag\">Pol\u00edtica<\/a>","tag_info":"Pol\u00edtica","comment_count":"0","jetpack_featured_media_url":"https:\/\/contextoanalisisperiodistico.com\/wp-content\/uploads\/2024\/03\/IMG-20240304-WA0006.jpg","_links":{"self":[{"href":"https:\/\/contextoanalisisperiodistico.com\/index.php\/wp-json\/wp\/v2\/posts\/25037"}],"collection":[{"href":"https:\/\/contextoanalisisperiodistico.com\/index.php\/wp-json\/wp\/v2\/posts"}],"about":[{"href":"https:\/\/contextoanalisisperiodistico.com\/index.php\/wp-json\/wp\/v2\/types\/post"}],"author":[{"embeddable":true,"href":"https:\/\/contextoanalisisperiodistico.com\/index.php\/wp-json\/wp\/v2\/users\/4"}],"replies":[{"embeddable":true,"href":"https:\/\/contextoanalisisperiodistico.com\/index.php\/wp-json\/wp\/v2\/comments?post=25037"}],"version-history":[{"count":0,"href":"https:\/\/contextoanalisisperiodistico.com\/index.php\/wp-json\/wp\/v2\/posts\/25037\/revisions"}],"wp:featuredmedia":[{"embeddable":true,"href":"https:\/\/contextoanalisisperiodistico.com\/index.php\/wp-json\/wp\/v2\/media\/25036"}],"wp:attachment":[{"href":"https:\/\/contextoanalisisperiodistico.com\/index.php\/wp-json\/wp\/v2\/media?parent=25037"}],"wp:term":[{"taxonomy":"category","embeddable":true,"href":"https:\/\/contextoanalisisperiodistico.com\/index.php\/wp-json\/wp\/v2\/categories?post=25037"},{"taxonomy":"post_tag","embeddable":true,"href":"https:\/\/contextoanalisisperiodistico.com\/index.php\/wp-json\/wp\/v2\/tags?post=25037"}],"curies":[{"name":"wp","href":"https:\/\/api.w.org\/{rel}","templated":true}]}}