{"id":25029,"date":"2024-03-02T15:38:14","date_gmt":"2024-03-02T21:38:14","guid":{"rendered":"https:\/\/contextoanalisisperiodistico.com\/index.php\/2024\/03\/02\/llega-helicoptero-de-la-marina-para-apoyar-en-combate-de-incendio-en-quiavini\/"},"modified":"2024-03-02T15:38:14","modified_gmt":"2024-03-02T21:38:14","slug":"llega-helicoptero-de-la-marina-para-apoyar-en-combate-de-incendio-en-quiavini","status":"publish","type":"post","link":"https:\/\/contextoanalisisperiodistico.com\/index.php\/2024\/03\/02\/llega-helicoptero-de-la-marina-para-apoyar-en-combate-de-incendio-en-quiavini\/","title":{"rendered":"Llega helic\u00f3ptero de la Marina para apoyar en combate de incendio en Quiavin\u00ed"},"content":{"rendered":"<div id=\"fb-root\"><\/div>\n\n<p>\u2022 La aeronave cuenta con un helibalde con capacidad de 2 mil 500 litros, que permitir\u00e1 llevar a cabo descargas de agua<br \/>\u2022 El incendio se reporta como controlado al 70% por ciento y con 40% de liquidaci\u00f3n<\/p>\n\n\n\n<p>Oaxaca de Ju\u00e1rez, Oax. 2 de marzo de 2024.- A las 14:10 horas de este s\u00e1bado aterriz\u00f3 en el Hangar del Gobierno del Estado de Oaxaca el helic\u00f3ptero MI-17 de la Secretar\u00eda de Marina que apoyar\u00e1 en el combate al incendio que se registra en el municipio de San Lucas Quiavin\u00ed en la regi\u00f3n de Valles Centrales.<\/p>\n\n\n\n<p>La aeronave, que fue solicitada por el Gobierno del Estado para que apoye en el combate de la conflagraci\u00f3n, cuenta con Sistema Bambi Bucket, un helibalde con capacidad de 2 mil 500 litros que permitir\u00e1 llevar a cabo descargas de agua, para que de manera conjunta y conforme a las indicaciones del jefe de incidente se realicen las labores de liquidaci\u00f3n.<\/p>\n\n\n\n<p>Cabe destacar que el equipo a\u00e9reo estar\u00e1 el tiempo que sea necesario para combatir este incendio, posteriormente retomar\u00e1 sus actividades ya que existen otros incendios activos a nivel nacional.<\/p>\n\n\n\n<p>Controlado a 70% por ciento incendio en Quiavin\u00ed; registra liquidaci\u00f3n del 40%<\/p>\n\n\n\n<p>La Comisi\u00f3n Estatal Forestal (Coesfo) report\u00f3 que el incendio en San Lucas Quiavin\u00ed con frente en la localidad de San Felipe G\u00fcil\u00e1 tiene un 70 por ciento de control y 40 por ciento de liquidaci\u00f3n.<\/p>\n\n\n\n<p>La Coesfo cuenta con 13 brigadas de combatientes, de las cuales seis se encuentran trabajando en este siniestro, adem\u00e1s de 39 personas combatientes y t\u00e9cnicas de la Comisi\u00f3n Nacional Forestal (Conafor), un promedio de 80 elementos de la Secretar\u00eda de la Defensa Nacional (Sedena) e igual n\u00famero de la Guardia Nacional, as\u00ed como autoridades, personas comuneras y otras instituciones que realizan trabajos en tierra para el combate de esta conflagraci\u00f3n.<\/p>\n\n\n\n<p>La dependencia se\u00f1al\u00f3 que de manera preliminar 700 hect\u00e1reas han sido afectadas, sin embargo, es necesario esperar el informe de levantamiento con el m\u00e9todo poligonal al t\u00e9rmino del incidente.<\/p>\n\n\n\n<p>Agreg\u00f3 que las unidades a\u00e9reas de la Direcci\u00f3n General del Hangar Oficial del Gobierno del Estado han estado a la disponibilidad para el sobrevuelo en la zona siniestrada, a fin de reconocer los frentes activos y llevar a cabo un plan de combate efectivo sin exponer a las personas.<\/p>\n\n\n\n<p>La Coesfo exhorta a la poblaci\u00f3n en general a hacer un uso correcto del fuego, evitar quemar basura cerca de zonas con cobertura vegetal o forestal y, antes de realizar una quema agropecuaria, avisar a las autoridades municipales.<\/p>\n\n\n\n<p>-0-<\/p>\n\n\n\n<figure class=\"wp-block-image size-large\"><img fetchpriority=\"high\" decoding=\"async\" width=\"1024\" height=\"683\" src=\"https:\/\/contextoanalisisperiodistico.com\/wp-content\/uploads\/2024\/03\/img-20240302-wa00197830070646887037522-1024x683.jpg\" alt=\"\" class=\"wp-image-25025\" srcset=\"https:\/\/contextoanalisisperiodistico.com\/wp-content\/uploads\/2024\/03\/img-20240302-wa00197830070646887037522-1024x683.jpg 1024w, https:\/\/contextoanalisisperiodistico.com\/wp-content\/uploads\/2024\/03\/img-20240302-wa00197830070646887037522-300x200.jpg 300w, https:\/\/contextoanalisisperiodistico.com\/wp-content\/uploads\/2024\/03\/img-20240302-wa00197830070646887037522-768x512.jpg 768w, https:\/\/contextoanalisisperiodistico.com\/wp-content\/uploads\/2024\/03\/img-20240302-wa00197830070646887037522.jpg 1092w\" sizes=\"(max-width: 1024px) 100vw, 1024px\" \/><\/figure>\n\n\n\n<figure class=\"wp-block-image\"><img decoding=\"async\" width=\"1024\" height=\"682\" src=\"https:\/\/contextoanalisisperiodistico.com\/wp-content\/uploads\/2024\/03\/img-20240302-wa00205752812656154616018-1024x682.jpg\" alt=\"\" class=\"wp-image-25026\" srcset=\"https:\/\/contextoanalisisperiodistico.com\/wp-content\/uploads\/2024\/03\/img-20240302-wa00205752812656154616018-1024x682.jpg 1024w, https:\/\/contextoanalisisperiodistico.com\/wp-content\/uploads\/2024\/03\/img-20240302-wa00205752812656154616018-300x200.jpg 300w, https:\/\/contextoanalisisperiodistico.com\/wp-content\/uploads\/2024\/03\/img-20240302-wa00205752812656154616018-768x512.jpg 768w, https:\/\/contextoanalisisperiodistico.com\/wp-content\/uploads\/2024\/03\/img-20240302-wa00205752812656154616018.jpg 1280w\" sizes=\"(max-width: 1024px) 100vw, 1024px\" \/><\/figure>\n\n\n\n<figure class=\"wp-block-image\"><img decoding=\"async\" width=\"1024\" height=\"682\" src=\"https:\/\/contextoanalisisperiodistico.com\/wp-content\/uploads\/2024\/03\/img-20240302-wa00178038370257878858939-1024x682.jpg\" alt=\"\" class=\"wp-image-25027\" srcset=\"https:\/\/contextoanalisisperiodistico.com\/wp-content\/uploads\/2024\/03\/img-20240302-wa00178038370257878858939-1024x682.jpg 1024w, https:\/\/contextoanalisisperiodistico.com\/wp-content\/uploads\/2024\/03\/img-20240302-wa00178038370257878858939-300x200.jpg 300w, https:\/\/contextoanalisisperiodistico.com\/wp-content\/uploads\/2024\/03\/img-20240302-wa00178038370257878858939-768x512.jpg 768w, https:\/\/contextoanalisisperiodistico.com\/wp-content\/uploads\/2024\/03\/img-20240302-wa00178038370257878858939.jpg 1280w\" sizes=\"(max-width: 1024px) 100vw, 1024px\" \/><\/figure>\n\n\n\n<figure class=\"wp-block-image\"><img loading=\"lazy\" decoding=\"async\" width=\"1024\" height=\"682\" src=\"https:\/\/contextoanalisisperiodistico.com\/wp-content\/uploads\/2024\/03\/img-20240302-wa00186565348227810466165-1024x682.jpg\" alt=\"\" class=\"wp-image-25028\" srcset=\"https:\/\/contextoanalisisperiodistico.com\/wp-content\/uploads\/2024\/03\/img-20240302-wa00186565348227810466165-1024x682.jpg 1024w, https:\/\/contextoanalisisperiodistico.com\/wp-content\/uploads\/2024\/03\/img-20240302-wa00186565348227810466165-300x200.jpg 300w, https:\/\/contextoanalisisperiodistico.com\/wp-content\/uploads\/2024\/03\/img-20240302-wa00186565348227810466165-768x512.jpg 768w, https:\/\/contextoanalisisperiodistico.com\/wp-content\/uploads\/2024\/03\/img-20240302-wa00186565348227810466165.jpg 1280w\" sizes=\"(max-width: 1024px) 100vw, 1024px\" \/><\/figure>\n","protected":false},"excerpt":{"rendered":"<p>\u2022 La aeronave cuenta con un helibalde con capacidad de 2 mil 500 litros, que&#8230;<\/p>\n","protected":false},"author":4,"featured_media":25024,"comment_status":"","ping_status":"open","sticky":false,"template":"","format":"standard","meta":{"footnotes":""},"categories":[9],"tags":[],"jetpack_sharing_enabled":true,"featured_image_urls":{"full":["https:\/\/contextoanalisisperiodistico.com\/wp-content\/uploads\/2024\/03\/IMG-20240302-WA0021.jpg",1280,853,false],"thumbnail":["https:\/\/contextoanalisisperiodistico.com\/wp-content\/uploads\/2024\/03\/IMG-20240302-WA0021-150x150.jpg",150,150,true],"medium":["https:\/\/contextoanalisisperiodistico.com\/wp-content\/uploads\/2024\/03\/IMG-20240302-WA0021-300x200.jpg",300,200,true],"medium_large":["https:\/\/contextoanalisisperiodistico.com\/wp-content\/uploads\/2024\/03\/IMG-20240302-WA0021-768x512.jpg",640,427,true],"large":["https:\/\/contextoanalisisperiodistico.com\/wp-content\/uploads\/2024\/03\/IMG-20240302-WA0021-1024x682.jpg",640,426,true],"1536x1536":["https:\/\/contextoanalisisperiodistico.com\/wp-content\/uploads\/2024\/03\/IMG-20240302-WA0021.jpg",1280,853,false],"2048x2048":["https:\/\/contextoanalisisperiodistico.com\/wp-content\/uploads\/2024\/03\/IMG-20240302-WA0021.jpg",1280,853,false],"covernews-slider-full":["https:\/\/contextoanalisisperiodistico.com\/wp-content\/uploads\/2024\/03\/IMG-20240302-WA0021-1115x715.jpg",1115,715,true],"covernews-slider-center":["https:\/\/contextoanalisisperiodistico.com\/wp-content\/uploads\/2024\/03\/IMG-20240302-WA0021-800x500.jpg",800,500,true],"covernews-featured":["https:\/\/contextoanalisisperiodistico.com\/wp-content\/uploads\/2024\/03\/IMG-20240302-WA0021-1024x682.jpg",1024,682,true],"covernews-medium":["https:\/\/contextoanalisisperiodistico.com\/wp-content\/uploads\/2024\/03\/IMG-20240302-WA0021-540x340.jpg",540,340,true],"covernews-medium-square":["https:\/\/contextoanalisisperiodistico.com\/wp-content\/uploads\/2024\/03\/IMG-20240302-WA0021-400x250.jpg",400,250,true]},"author_info":{"display_name":"Mario Gir\u00f3n","author_link":"https:\/\/contextoanalisisperiodistico.com\/index.php\/author\/director\/"},"category_info":"<a href=\"https:\/\/contextoanalisisperiodistico.com\/index.php\/category\/politica\/\" rel=\"category tag\">Pol\u00edtica<\/a>","tag_info":"Pol\u00edtica","comment_count":"0","jetpack_featured_media_url":"https:\/\/contextoanalisisperiodistico.com\/wp-content\/uploads\/2024\/03\/IMG-20240302-WA0021.jpg","_links":{"self":[{"href":"https:\/\/contextoanalisisperiodistico.com\/index.php\/wp-json\/wp\/v2\/posts\/25029"}],"collection":[{"href":"https:\/\/contextoanalisisperiodistico.com\/index.php\/wp-json\/wp\/v2\/posts"}],"about":[{"href":"https:\/\/contextoanalisisperiodistico.com\/index.php\/wp-json\/wp\/v2\/types\/post"}],"author":[{"embeddable":true,"href":"https:\/\/contextoanalisisperiodistico.com\/index.php\/wp-json\/wp\/v2\/users\/4"}],"replies":[{"embeddable":true,"href":"https:\/\/contextoanalisisperiodistico.com\/index.php\/wp-json\/wp\/v2\/comments?post=25029"}],"version-history":[{"count":0,"href":"https:\/\/contextoanalisisperiodistico.com\/index.php\/wp-json\/wp\/v2\/posts\/25029\/revisions"}],"wp:featuredmedia":[{"embeddable":true,"href":"https:\/\/contextoanalisisperiodistico.com\/index.php\/wp-json\/wp\/v2\/media\/25024"}],"wp:attachment":[{"href":"https:\/\/contextoanalisisperiodistico.com\/index.php\/wp-json\/wp\/v2\/media?parent=25029"}],"wp:term":[{"taxonomy":"category","embeddable":true,"href":"https:\/\/contextoanalisisperiodistico.com\/index.php\/wp-json\/wp\/v2\/categories?post=25029"},{"taxonomy":"post_tag","embeddable":true,"href":"https:\/\/contextoanalisisperiodistico.com\/index.php\/wp-json\/wp\/v2\/tags?post=25029"}],"curies":[{"name":"wp","href":"https:\/\/api.w.org\/{rel}","templated":true}]}}