{"id":25023,"date":"2024-03-02T07:57:46","date_gmt":"2024-03-02T13:57:46","guid":{"rendered":"https:\/\/contextoanalisisperiodistico.com\/index.php\/2024\/03\/02\/anuncian-cuarta-edicion-del-festival-mural-cuicatlan-por-la-reserva-de-la-biosfera\/"},"modified":"2024-03-02T07:57:46","modified_gmt":"2024-03-02T13:57:46","slug":"anuncian-cuarta-edicion-del-festival-mural-cuicatlan-por-la-reserva-de-la-biosfera","status":"publish","type":"post","link":"https:\/\/contextoanalisisperiodistico.com\/index.php\/2024\/03\/02\/anuncian-cuarta-edicion-del-festival-mural-cuicatlan-por-la-reserva-de-la-biosfera\/","title":{"rendered":"Anuncian cuarta edici\u00f3n del Festival Mural Cuicatl\u00e1n por la Reserva de la Bi\u00f3sfera"},"content":{"rendered":"<div id=\"fb-root\"><\/div>\n\n<p>\u2022 El festival art\u00edstico estar\u00e1 enfocado en la preservaci\u00f3n de la riqueza natural<\/p>\n\n\n\n<figure class=\"wp-block-image size-large\"><img fetchpriority=\"high\" decoding=\"async\" width=\"1024\" height=\"682\" src=\"https:\/\/contextoanalisisperiodistico.com\/wp-content\/uploads\/2024\/03\/img-20240302-wa00033662828505131794463-1024x682.jpg\" alt=\"\" class=\"wp-image-25022\" srcset=\"https:\/\/contextoanalisisperiodistico.com\/wp-content\/uploads\/2024\/03\/img-20240302-wa00033662828505131794463-1024x682.jpg 1024w, https:\/\/contextoanalisisperiodistico.com\/wp-content\/uploads\/2024\/03\/img-20240302-wa00033662828505131794463-300x200.jpg 300w, https:\/\/contextoanalisisperiodistico.com\/wp-content\/uploads\/2024\/03\/img-20240302-wa00033662828505131794463-768x512.jpg 768w, https:\/\/contextoanalisisperiodistico.com\/wp-content\/uploads\/2024\/03\/img-20240302-wa00033662828505131794463-1536x1023.jpg 1536w, https:\/\/contextoanalisisperiodistico.com\/wp-content\/uploads\/2024\/03\/img-20240302-wa00033662828505131794463.jpg 1600w\" sizes=\"(max-width: 1024px) 100vw, 1024px\" \/><\/figure>\n\n\n\n<p>Oaxaca de Ju\u00e1rez, Oax. 1 de marzo de 2024.- Con el objetivo de promover la preservaci\u00f3n de la riqueza natural de San Juan Bautista Cuicatl\u00e1n, as\u00ed como de incentivar la econom\u00eda local, del 2 al 14 de marzo celebrar\u00e1n la cuarta edici\u00f3n del Festival Mural Cuicatl\u00e1n por la Reserva de la Bi\u00f3sfera Tehuac\u00e1n-Cuicatl\u00e1n, en el que participar\u00e1n artistas locales, nacionales e internacionales.<\/p>\n\n\n\n<p>El evento fue anunciado por la Secretar\u00eda de Turismo (Sectur) estatal y la Secretar\u00eda de Medio Ambiente, Biodiversidad, Energ\u00edas y Sostenibilidad en conjunto con autoridades municipales de San Juan Bautista Cuicatl\u00e1n y personas organizadoras del festival.<\/p>\n\n\n\n<p>Ser\u00e1n 25 artistas quienes a trav\u00e9s de su arte promover\u00e1n la importancia de una de las \u00e1reas naturales protegidas con mayor riqueza biol\u00f3gica de zonas \u00e1ridas y semi\u00e1ridas de Am\u00e9rica del Norte, enclavada en los estados de Oaxaca y Puebla.<\/p>\n\n\n\n<p>Al respecto, el director del festival, Julio Ram\u00edrez, resalt\u00f3 que el proyecto es una iniciativa de Axolotl Collective, realizado con el apoyo de autoridades municipales, con el que se sumaron 75 murales a lo largo de las ediciones anteriores y se espera llegar a los 100 este 2024.<\/p>\n\n\n\n<p>En esta edici\u00f3n participar\u00e1n artistas de la entidad y del municipio sede, as\u00ed como de los estados de Puebla, Sonora, Guanajuato, Quer\u00e9taro, Chiapas, Estado de M\u00e9xico y Ciudad de M\u00e9xico, adem\u00e1s de pa\u00edses como Rumania, Italia, Espa\u00f1a, Francia y Colombia.<\/p>\n\n\n\n<p>La Sectur destac\u00f3 que el Festival resalta el bagaje cultural, natural e hist\u00f3rico de la Reserva, al promover la participaci\u00f3n activa de las y los visitantes en la conservaci\u00f3n de los recursos naturales, lo que genera una actividad tur\u00edstica responsable, sustentable y sostenible.<\/p>\n\n\n\n<p>De acuerdo con la Secretar\u00eda de Medio Ambiente, la Reserva de la Bi\u00f3sfera Tehuac\u00e1n\u2013Cuicatl\u00e1n es uno de los emblemas m\u00e1s importantes de Oaxaca en cuanto a diversidad biol\u00f3gica y cultural, con alrededor de 60.44 por ciento del territorio correspondiente a la entidad oaxaque\u00f1a.<\/p>\n\n\n\n<p>La dependencia recalc\u00f3 la importancia del Festival que coadyuva en los procesos de conservaci\u00f3n y educaci\u00f3n ambiental enfocados en la regi\u00f3n, que destaca por ser el hogar de la guacamaya verde y por contar con alrededor de 3 mil especies de plantas, de las cuales el 10 por ciento son end\u00e9micas.<\/p>\n\n\n\n<p>Por su parte autoridades de San Juan Bautista Cuicatl\u00e1n invitaron a las personas a disfrutar del evento y conocer la riqueza gastron\u00f3mica, cultural y natural del municipio. El Festival tendr\u00e1 actividades culturales a cargo bandas de m\u00fasica locales e instituciones educativas, adem\u00e1s de ponencias y campa\u00f1as de reciclaje.<\/p>\n\n\n\n<p>-0-<\/p>\n","protected":false},"excerpt":{"rendered":"<p>\u2022 El festival art\u00edstico estar\u00e1 enfocado en la preservaci\u00f3n de la riqueza natural Oaxaca de&#8230;<\/p>\n","protected":false},"author":4,"featured_media":25021,"comment_status":"","ping_status":"open","sticky":false,"template":"","format":"standard","meta":{"footnotes":""},"categories":[9],"tags":[],"jetpack_sharing_enabled":true,"featured_image_urls":{"full":["https:\/\/contextoanalisisperiodistico.com\/wp-content\/uploads\/2024\/03\/IMG-20240302-WA0004.jpg",1600,1066,false],"thumbnail":["https:\/\/contextoanalisisperiodistico.com\/wp-content\/uploads\/2024\/03\/IMG-20240302-WA0004-150x150.jpg",150,150,true],"medium":["https:\/\/contextoanalisisperiodistico.com\/wp-content\/uploads\/2024\/03\/IMG-20240302-WA0004-300x200.jpg",300,200,true],"medium_large":["https:\/\/contextoanalisisperiodistico.com\/wp-content\/uploads\/2024\/03\/IMG-20240302-WA0004-768x512.jpg",640,427,true],"large":["https:\/\/contextoanalisisperiodistico.com\/wp-content\/uploads\/2024\/03\/IMG-20240302-WA0004-1024x682.jpg",640,426,true],"1536x1536":["https:\/\/contextoanalisisperiodistico.com\/wp-content\/uploads\/2024\/03\/IMG-20240302-WA0004-1536x1023.jpg",1536,1023,true],"2048x2048":["https:\/\/contextoanalisisperiodistico.com\/wp-content\/uploads\/2024\/03\/IMG-20240302-WA0004.jpg",1600,1066,false],"covernews-slider-full":["https:\/\/contextoanalisisperiodistico.com\/wp-content\/uploads\/2024\/03\/IMG-20240302-WA0004-1115x715.jpg",1115,715,true],"covernews-slider-center":["https:\/\/contextoanalisisperiodistico.com\/wp-content\/uploads\/2024\/03\/IMG-20240302-WA0004-800x500.jpg",800,500,true],"covernews-featured":["https:\/\/contextoanalisisperiodistico.com\/wp-content\/uploads\/2024\/03\/IMG-20240302-WA0004-1024x682.jpg",1024,682,true],"covernews-medium":["https:\/\/contextoanalisisperiodistico.com\/wp-content\/uploads\/2024\/03\/IMG-20240302-WA0004-540x340.jpg",540,340,true],"covernews-medium-square":["https:\/\/contextoanalisisperiodistico.com\/wp-content\/uploads\/2024\/03\/IMG-20240302-WA0004-400x250.jpg",400,250,true]},"author_info":{"display_name":"Mario Gir\u00f3n","author_link":"https:\/\/contextoanalisisperiodistico.com\/index.php\/author\/director\/"},"category_info":"<a href=\"https:\/\/contextoanalisisperiodistico.com\/index.php\/category\/politica\/\" rel=\"category tag\">Pol\u00edtica<\/a>","tag_info":"Pol\u00edtica","comment_count":"0","jetpack_featured_media_url":"https:\/\/contextoanalisisperiodistico.com\/wp-content\/uploads\/2024\/03\/IMG-20240302-WA0004.jpg","_links":{"self":[{"href":"https:\/\/contextoanalisisperiodistico.com\/index.php\/wp-json\/wp\/v2\/posts\/25023"}],"collection":[{"href":"https:\/\/contextoanalisisperiodistico.com\/index.php\/wp-json\/wp\/v2\/posts"}],"about":[{"href":"https:\/\/contextoanalisisperiodistico.com\/index.php\/wp-json\/wp\/v2\/types\/post"}],"author":[{"embeddable":true,"href":"https:\/\/contextoanalisisperiodistico.com\/index.php\/wp-json\/wp\/v2\/users\/4"}],"replies":[{"embeddable":true,"href":"https:\/\/contextoanalisisperiodistico.com\/index.php\/wp-json\/wp\/v2\/comments?post=25023"}],"version-history":[{"count":0,"href":"https:\/\/contextoanalisisperiodistico.com\/index.php\/wp-json\/wp\/v2\/posts\/25023\/revisions"}],"wp:featuredmedia":[{"embeddable":true,"href":"https:\/\/contextoanalisisperiodistico.com\/index.php\/wp-json\/wp\/v2\/media\/25021"}],"wp:attachment":[{"href":"https:\/\/contextoanalisisperiodistico.com\/index.php\/wp-json\/wp\/v2\/media?parent=25023"}],"wp:term":[{"taxonomy":"category","embeddable":true,"href":"https:\/\/contextoanalisisperiodistico.com\/index.php\/wp-json\/wp\/v2\/categories?post=25023"},{"taxonomy":"post_tag","embeddable":true,"href":"https:\/\/contextoanalisisperiodistico.com\/index.php\/wp-json\/wp\/v2\/tags?post=25023"}],"curies":[{"name":"wp","href":"https:\/\/api.w.org\/{rel}","templated":true}]}}