{"id":25020,"date":"2024-03-01T17:33:38","date_gmt":"2024-03-01T23:33:38","guid":{"rendered":"https:\/\/contextoanalisisperiodistico.com\/index.php\/2024\/03\/01\/con-acciones-aereas-combaten-incendio-en-san-lucas-quiavini\/"},"modified":"2024-03-01T17:33:38","modified_gmt":"2024-03-01T23:33:38","slug":"con-acciones-aereas-combaten-incendio-en-san-lucas-quiavini","status":"publish","type":"post","link":"https:\/\/contextoanalisisperiodistico.com\/index.php\/2024\/03\/01\/con-acciones-aereas-combaten-incendio-en-san-lucas-quiavini\/","title":{"rendered":"Con acciones a\u00e9reas combaten incendio en San Lucas Quiavin\u00ed"},"content":{"rendered":"<div id=\"fb-root\"><\/div>\n\n<p>\u2022 Se realizan sobrevuelos de reconocimiento para localizar puntos estrat\u00e9gicos para efectuar un plan de combate del fuego<\/p>\n\n\n\n<figure class=\"wp-block-image size-large\"><img fetchpriority=\"high\" decoding=\"async\" width=\"1024\" height=\"768\" src=\"https:\/\/contextoanalisisperiodistico.com\/wp-content\/uploads\/2024\/03\/img-20240301-wa00251208019776163139107-1024x768.jpg\" alt=\"\" class=\"wp-image-25018\" srcset=\"https:\/\/contextoanalisisperiodistico.com\/wp-content\/uploads\/2024\/03\/img-20240301-wa00251208019776163139107-1024x768.jpg 1024w, https:\/\/contextoanalisisperiodistico.com\/wp-content\/uploads\/2024\/03\/img-20240301-wa00251208019776163139107-300x225.jpg 300w, https:\/\/contextoanalisisperiodistico.com\/wp-content\/uploads\/2024\/03\/img-20240301-wa00251208019776163139107-768x576.jpg 768w, https:\/\/contextoanalisisperiodistico.com\/wp-content\/uploads\/2024\/03\/img-20240301-wa00251208019776163139107-1536x1152.jpg 1536w, https:\/\/contextoanalisisperiodistico.com\/wp-content\/uploads\/2024\/03\/img-20240301-wa00251208019776163139107.jpg 1600w\" sizes=\"(max-width: 1024px) 100vw, 1024px\" \/><\/figure>\n\n\n\n<figure class=\"wp-block-image\"><img decoding=\"async\" width=\"1024\" height=\"1024\" src=\"https:\/\/contextoanalisisperiodistico.com\/wp-content\/uploads\/2024\/03\/img-20240301-wa00243348849636545079400-1024x1024.jpg\" alt=\"\" class=\"wp-image-25019\" srcset=\"https:\/\/contextoanalisisperiodistico.com\/wp-content\/uploads\/2024\/03\/img-20240301-wa00243348849636545079400-1024x1024.jpg 1024w, https:\/\/contextoanalisisperiodistico.com\/wp-content\/uploads\/2024\/03\/img-20240301-wa00243348849636545079400-300x300.jpg 300w, https:\/\/contextoanalisisperiodistico.com\/wp-content\/uploads\/2024\/03\/img-20240301-wa00243348849636545079400-150x150.jpg 150w, https:\/\/contextoanalisisperiodistico.com\/wp-content\/uploads\/2024\/03\/img-20240301-wa00243348849636545079400-768x768.jpg 768w, https:\/\/contextoanalisisperiodistico.com\/wp-content\/uploads\/2024\/03\/img-20240301-wa00243348849636545079400.jpg 1496w\" sizes=\"(max-width: 1024px) 100vw, 1024px\" \/><\/figure>\n\n\n\n<p>Oaxaca de Ju\u00e1rez, Oax. 1 de marzo de 2024.- El Gobierno del Estado informa que se realizan trabajos por tierra y aire para sofocar y liquidar el incendio forestal registrado en el municipio de San Lucas Quiavin\u00ed.<\/p>\n\n\n\n<p>Unidades a\u00e9reas de la Direcci\u00f3n General del Hangar Oficial del Gobierno del Estado sobrevuelan la zona siniestrada para reconocer los frentes activos y llevar a cabo un plan de combate efectivo sin exponer a las personas.<\/p>\n\n\n\n<p>Hasta el momento, este incendio cuenta con un frente activo; en tanto, dos frentes m\u00e1s se encuentran bajo control total gracias al trabajo unido de las personas voluntarias y personal combatiente.<\/p>\n\n\n\n<p>En la zona, la Guardia Nacional implementa el Plan GN-A con la finalidad de salvaguardar la integridad de la poblaci\u00f3n y sus bienes, as\u00ed como facilitar las tareas de Protecci\u00f3n Civil. Adem\u00e1s, la Secretar\u00eda de Defensa Nacional (Sedena) aplica el Plan DN-III-E.<\/p>\n\n\n\n<p>Participan tambi\u00e9n personal combatiente de la Coesfo, 50 personas voluntarias, 39 elementos combatientes de la Comisi\u00f3n Nacional Forestal (Conafor), elementos de Protecci\u00f3n Civil y de la Polic\u00eda Municipal de esta comunidad.<\/p>\n\n\n\n<p>La Coesfo exhorta a la poblaci\u00f3n en general a hacer un uso correcto del fuego, evitar quemar basura cerca de zonas con cobertura vegetal o forestal y, antes de realizar una quema agropecuaria, avisar a las autoridades municipales.<\/p>\n\n\n\n<p>Asimismo, si se detecta un incendio forestal reportarlo a los n\u00fameros telef\u00f3nicos 951 503 21 66, 951 503 25 37 de la Coesfo, as\u00ed como al 951 516 51 12 de la Conafor o al n\u00famero de emergencia 911.<br \/>-0-<\/p>\n","protected":false},"excerpt":{"rendered":"<p>\u2022 Se realizan sobrevuelos de reconocimiento para localizar puntos estrat\u00e9gicos para efectuar un plan de&#8230;<\/p>\n","protected":false},"author":4,"featured_media":25017,"comment_status":"","ping_status":"open","sticky":false,"template":"","format":"standard","meta":{"footnotes":""},"categories":[9],"tags":[],"jetpack_sharing_enabled":true,"featured_image_urls":{"full":["https:\/\/contextoanalisisperiodistico.com\/wp-content\/uploads\/2024\/03\/IMG-20240301-WA0026.jpg",1600,1200,false],"thumbnail":["https:\/\/contextoanalisisperiodistico.com\/wp-content\/uploads\/2024\/03\/IMG-20240301-WA0026-150x150.jpg",150,150,true],"medium":["https:\/\/contextoanalisisperiodistico.com\/wp-content\/uploads\/2024\/03\/IMG-20240301-WA0026-300x225.jpg",300,225,true],"medium_large":["https:\/\/contextoanalisisperiodistico.com\/wp-content\/uploads\/2024\/03\/IMG-20240301-WA0026-768x576.jpg",640,480,true],"large":["https:\/\/contextoanalisisperiodistico.com\/wp-content\/uploads\/2024\/03\/IMG-20240301-WA0026-1024x768.jpg",640,480,true],"1536x1536":["https:\/\/contextoanalisisperiodistico.com\/wp-content\/uploads\/2024\/03\/IMG-20240301-WA0026-1536x1152.jpg",1536,1152,true],"2048x2048":["https:\/\/contextoanalisisperiodistico.com\/wp-content\/uploads\/2024\/03\/IMG-20240301-WA0026.jpg",1600,1200,false],"covernews-slider-full":["https:\/\/contextoanalisisperiodistico.com\/wp-content\/uploads\/2024\/03\/IMG-20240301-WA0026-1115x715.jpg",1115,715,true],"covernews-slider-center":["https:\/\/contextoanalisisperiodistico.com\/wp-content\/uploads\/2024\/03\/IMG-20240301-WA0026-800x500.jpg",800,500,true],"covernews-featured":["https:\/\/contextoanalisisperiodistico.com\/wp-content\/uploads\/2024\/03\/IMG-20240301-WA0026-1024x768.jpg",1024,768,true],"covernews-medium":["https:\/\/contextoanalisisperiodistico.com\/wp-content\/uploads\/2024\/03\/IMG-20240301-WA0026-540x340.jpg",540,340,true],"covernews-medium-square":["https:\/\/contextoanalisisperiodistico.com\/wp-content\/uploads\/2024\/03\/IMG-20240301-WA0026-400x250.jpg",400,250,true]},"author_info":{"display_name":"Mario Gir\u00f3n","author_link":"https:\/\/contextoanalisisperiodistico.com\/index.php\/author\/director\/"},"category_info":"<a href=\"https:\/\/contextoanalisisperiodistico.com\/index.php\/category\/politica\/\" rel=\"category tag\">Pol\u00edtica<\/a>","tag_info":"Pol\u00edtica","comment_count":"0","jetpack_featured_media_url":"https:\/\/contextoanalisisperiodistico.com\/wp-content\/uploads\/2024\/03\/IMG-20240301-WA0026.jpg","_links":{"self":[{"href":"https:\/\/contextoanalisisperiodistico.com\/index.php\/wp-json\/wp\/v2\/posts\/25020"}],"collection":[{"href":"https:\/\/contextoanalisisperiodistico.com\/index.php\/wp-json\/wp\/v2\/posts"}],"about":[{"href":"https:\/\/contextoanalisisperiodistico.com\/index.php\/wp-json\/wp\/v2\/types\/post"}],"author":[{"embeddable":true,"href":"https:\/\/contextoanalisisperiodistico.com\/index.php\/wp-json\/wp\/v2\/users\/4"}],"replies":[{"embeddable":true,"href":"https:\/\/contextoanalisisperiodistico.com\/index.php\/wp-json\/wp\/v2\/comments?post=25020"}],"version-history":[{"count":0,"href":"https:\/\/contextoanalisisperiodistico.com\/index.php\/wp-json\/wp\/v2\/posts\/25020\/revisions"}],"wp:featuredmedia":[{"embeddable":true,"href":"https:\/\/contextoanalisisperiodistico.com\/index.php\/wp-json\/wp\/v2\/media\/25017"}],"wp:attachment":[{"href":"https:\/\/contextoanalisisperiodistico.com\/index.php\/wp-json\/wp\/v2\/media?parent=25020"}],"wp:term":[{"taxonomy":"category","embeddable":true,"href":"https:\/\/contextoanalisisperiodistico.com\/index.php\/wp-json\/wp\/v2\/categories?post=25020"},{"taxonomy":"post_tag","embeddable":true,"href":"https:\/\/contextoanalisisperiodistico.com\/index.php\/wp-json\/wp\/v2\/tags?post=25020"}],"curies":[{"name":"wp","href":"https:\/\/api.w.org\/{rel}","templated":true}]}}