{"id":24690,"date":"2024-02-16T15:04:15","date_gmt":"2024-02-16T21:04:15","guid":{"rendered":"https:\/\/contextoanalisisperiodistico.com\/index.php\/2024\/02\/16\/oaxaca-es-galardonada-por-su-riqueza-cultural-en-los-premios-al-turismo-2023\/"},"modified":"2024-02-16T15:04:15","modified_gmt":"2024-02-16T21:04:15","slug":"oaxaca-es-galardonada-por-su-riqueza-cultural-en-los-premios-al-turismo-2023","status":"publish","type":"post","link":"https:\/\/contextoanalisisperiodistico.com\/index.php\/2024\/02\/16\/oaxaca-es-galardonada-por-su-riqueza-cultural-en-los-premios-al-turismo-2023\/","title":{"rendered":"Oaxaca es galardonada por su riqueza cultural en los Premios al Turismo 2023"},"content":{"rendered":"<div id=\"fb-root\"><\/div>\n\n<p>\u2022 La entidad fue reconocida por organizaciones de profesionales de turismo<\/p>\n\n\n\n<figure class=\"wp-block-image size-large\"><img fetchpriority=\"high\" decoding=\"async\" width=\"768\" height=\"1024\" src=\"https:\/\/contextoanalisisperiodistico.com\/wp-content\/uploads\/2024\/02\/img-20240216-wa00331737731838830721985-768x1024.jpg\" alt=\"\" class=\"wp-image-24687\" srcset=\"https:\/\/contextoanalisisperiodistico.com\/wp-content\/uploads\/2024\/02\/img-20240216-wa00331737731838830721985-768x1024.jpg 768w, https:\/\/contextoanalisisperiodistico.com\/wp-content\/uploads\/2024\/02\/img-20240216-wa00331737731838830721985-225x300.jpg 225w, https:\/\/contextoanalisisperiodistico.com\/wp-content\/uploads\/2024\/02\/img-20240216-wa00331737731838830721985-1152x1536.jpg 1152w, https:\/\/contextoanalisisperiodistico.com\/wp-content\/uploads\/2024\/02\/img-20240216-wa00331737731838830721985-1024x1365.jpg 1024w, https:\/\/contextoanalisisperiodistico.com\/wp-content\/uploads\/2024\/02\/img-20240216-wa00331737731838830721985.jpg 1200w\" sizes=\"(max-width: 768px) 100vw, 768px\" \/><\/figure>\n\n\n\n<figure class=\"wp-block-image\"><img decoding=\"async\" width=\"1024\" height=\"684\" src=\"https:\/\/contextoanalisisperiodistico.com\/wp-content\/uploads\/2024\/02\/img-20240216-wa00301292828343760417694-1024x684.jpg\" alt=\"\" class=\"wp-image-24688\" srcset=\"https:\/\/contextoanalisisperiodistico.com\/wp-content\/uploads\/2024\/02\/img-20240216-wa00301292828343760417694-1024x684.jpg 1024w, https:\/\/contextoanalisisperiodistico.com\/wp-content\/uploads\/2024\/02\/img-20240216-wa00301292828343760417694-300x200.jpg 300w, https:\/\/contextoanalisisperiodistico.com\/wp-content\/uploads\/2024\/02\/img-20240216-wa00301292828343760417694-768x513.jpg 768w, https:\/\/contextoanalisisperiodistico.com\/wp-content\/uploads\/2024\/02\/img-20240216-wa00301292828343760417694-1536x1025.jpg 1536w, https:\/\/contextoanalisisperiodistico.com\/wp-content\/uploads\/2024\/02\/img-20240216-wa00301292828343760417694.jpg 1600w\" sizes=\"(max-width: 1024px) 100vw, 1024px\" \/><\/figure>\n\n\n\n<figure class=\"wp-block-image\"><img decoding=\"async\" width=\"1024\" height=\"684\" src=\"https:\/\/contextoanalisisperiodistico.com\/wp-content\/uploads\/2024\/02\/img-20240216-wa00322746703595838780049-1024x684.jpg\" alt=\"\" class=\"wp-image-24686\" srcset=\"https:\/\/contextoanalisisperiodistico.com\/wp-content\/uploads\/2024\/02\/img-20240216-wa00322746703595838780049-1024x684.jpg 1024w, https:\/\/contextoanalisisperiodistico.com\/wp-content\/uploads\/2024\/02\/img-20240216-wa00322746703595838780049-300x200.jpg 300w, https:\/\/contextoanalisisperiodistico.com\/wp-content\/uploads\/2024\/02\/img-20240216-wa00322746703595838780049-768x513.jpg 768w, https:\/\/contextoanalisisperiodistico.com\/wp-content\/uploads\/2024\/02\/img-20240216-wa00322746703595838780049-1536x1025.jpg 1536w, https:\/\/contextoanalisisperiodistico.com\/wp-content\/uploads\/2024\/02\/img-20240216-wa00322746703595838780049.jpg 1600w\" sizes=\"(max-width: 1024px) 100vw, 1024px\" \/><\/figure>\n\n\n\n<figure class=\"wp-block-image\"><img loading=\"lazy\" decoding=\"async\" width=\"1024\" height=\"684\" src=\"https:\/\/contextoanalisisperiodistico.com\/wp-content\/uploads\/2024\/02\/img-20240216-wa0031605072682123029314-1024x684.jpg\" alt=\"\" class=\"wp-image-24689\" srcset=\"https:\/\/contextoanalisisperiodistico.com\/wp-content\/uploads\/2024\/02\/img-20240216-wa0031605072682123029314-1024x684.jpg 1024w, https:\/\/contextoanalisisperiodistico.com\/wp-content\/uploads\/2024\/02\/img-20240216-wa0031605072682123029314-300x200.jpg 300w, https:\/\/contextoanalisisperiodistico.com\/wp-content\/uploads\/2024\/02\/img-20240216-wa0031605072682123029314-768x513.jpg 768w, https:\/\/contextoanalisisperiodistico.com\/wp-content\/uploads\/2024\/02\/img-20240216-wa0031605072682123029314-1536x1025.jpg 1536w, https:\/\/contextoanalisisperiodistico.com\/wp-content\/uploads\/2024\/02\/img-20240216-wa0031605072682123029314.jpg 1600w\" sizes=\"(max-width: 1024px) 100vw, 1024px\" \/><\/figure>\n\n\n\n<p>Ciudad de M\u00e9xico. 16 de febrero del 2024.- Por su riqueza cultural, Oaxaca fue galardonada en los Premios al Turismo 2023 realizados en el Senado de la Rep\u00fablica por las organizaciones Expertos en Turismo y Educaci\u00f3n Tur\u00edstica.<\/p>\n\n\n\n<p>En la ceremonia presidida por el presidente de la Comisi\u00f3n de Turismo, Antonio Garc\u00eda Conejo, con la representaci\u00f3n de la secretaria de Turismo, Saymi Pineda Velasco y a nombre del pueblo de Oaxaca, el director de Promoci\u00f3n Tur\u00edstica Carlos David Jacinto Ortiz recibi\u00f3 este reconocimiento obtenido en la categor\u00eda de Cultura.<\/p>\n\n\n\n<p>Al ser Oaxaca uno de los estados ganadores de las 19 categor\u00edas de este certamen, Jacinto Ortiz resalt\u00f3 ante representantes de la industria tur\u00edstica del pa\u00eds, la vasta riqueza cultural de la entidad, que representa para turistas nacionales e internacionales uno de sus principales atractivos.<\/p>\n\n\n\n<p>\u201cLa Guelaguetza, tradiciones ancestrales, sitios hist\u00f3ricos y sus mercados, atraen cada a\u00f1o a miles de turistas que saben que Oaxaca es sin\u00f3nimo de cultura\u201d, destac\u00f3.<\/p>\n\n\n\n<p>Durante enero, miles de personas participaron en la votaci\u00f3n que se realiz\u00f3 a trav\u00e9s de las plataformas digitales de Expertos en Turismo, con el objetivo de reconocer y celebrar la labor sobresaliente de personas dedicadas al sector tur\u00edstico, a organizaciones y entidades federativas.<\/p>\n\n\n\n<p>La entrega de premios se llev\u00f3 a cabo en el marco de la tercera edici\u00f3n del Homenaje a L\u00edderes Destacados en la Industria Tur\u00edstica, impulsado por las organizaciones Expertos en Turismo y Educaci\u00f3n Tur\u00edstica e integradas por personas acad\u00e9micas, empresariado y profesionistas nacionales e internacionales que se dedican a la capacitaci\u00f3n de este sector y que trabajan por el fortalecimiento de la actividad econ\u00f3mica.<\/p>\n\n\n\n<p>El evento cont\u00f3 con la presencia del presidente de Expertos en Turismo Ian Poot Franco; el director de Educaci\u00f3n Tur\u00edstica Ra\u00fal Hammed Torres y el presidente de la Asociaci\u00f3n para la Cultura y el Turismo en Am\u00e9rica Latina Armando Boj\u00f3rquez Patr\u00f3n.<\/p>\n\n\n\n<p>-0-<\/p>\n","protected":false},"excerpt":{"rendered":"<p>\u2022 La entidad fue reconocida por organizaciones de profesionales de turismo Ciudad de M\u00e9xico. 16&#8230;<\/p>\n","protected":false},"author":4,"featured_media":24685,"comment_status":"","ping_status":"open","sticky":false,"template":"","format":"standard","meta":{"footnotes":""},"categories":[9],"tags":[],"jetpack_sharing_enabled":true,"featured_image_urls":{"full":["https:\/\/contextoanalisisperiodistico.com\/wp-content\/uploads\/2024\/02\/IMG-20240216-WA0029.jpg",1600,1068,false],"thumbnail":["https:\/\/contextoanalisisperiodistico.com\/wp-content\/uploads\/2024\/02\/IMG-20240216-WA0029-150x150.jpg",150,150,true],"medium":["https:\/\/contextoanalisisperiodistico.com\/wp-content\/uploads\/2024\/02\/IMG-20240216-WA0029-300x200.jpg",300,200,true],"medium_large":["https:\/\/contextoanalisisperiodistico.com\/wp-content\/uploads\/2024\/02\/IMG-20240216-WA0029-768x513.jpg",640,428,true],"large":["https:\/\/contextoanalisisperiodistico.com\/wp-content\/uploads\/2024\/02\/IMG-20240216-WA0029-1024x684.jpg",640,428,true],"1536x1536":["https:\/\/contextoanalisisperiodistico.com\/wp-content\/uploads\/2024\/02\/IMG-20240216-WA0029-1536x1025.jpg",1536,1025,true],"2048x2048":["https:\/\/contextoanalisisperiodistico.com\/wp-content\/uploads\/2024\/02\/IMG-20240216-WA0029.jpg",1600,1068,false],"covernews-slider-full":["https:\/\/contextoanalisisperiodistico.com\/wp-content\/uploads\/2024\/02\/IMG-20240216-WA0029-1115x715.jpg",1115,715,true],"covernews-slider-center":["https:\/\/contextoanalisisperiodistico.com\/wp-content\/uploads\/2024\/02\/IMG-20240216-WA0029-800x500.jpg",800,500,true],"covernews-featured":["https:\/\/contextoanalisisperiodistico.com\/wp-content\/uploads\/2024\/02\/IMG-20240216-WA0029-1024x684.jpg",1024,684,true],"covernews-medium":["https:\/\/contextoanalisisperiodistico.com\/wp-content\/uploads\/2024\/02\/IMG-20240216-WA0029-540x340.jpg",540,340,true],"covernews-medium-square":["https:\/\/contextoanalisisperiodistico.com\/wp-content\/uploads\/2024\/02\/IMG-20240216-WA0029-400x250.jpg",400,250,true]},"author_info":{"display_name":"Mario Gir\u00f3n","author_link":"https:\/\/contextoanalisisperiodistico.com\/index.php\/author\/director\/"},"category_info":"<a href=\"https:\/\/contextoanalisisperiodistico.com\/index.php\/category\/politica\/\" rel=\"category tag\">Pol\u00edtica<\/a>","tag_info":"Pol\u00edtica","comment_count":"0","jetpack_featured_media_url":"https:\/\/contextoanalisisperiodistico.com\/wp-content\/uploads\/2024\/02\/IMG-20240216-WA0029.jpg","_links":{"self":[{"href":"https:\/\/contextoanalisisperiodistico.com\/index.php\/wp-json\/wp\/v2\/posts\/24690"}],"collection":[{"href":"https:\/\/contextoanalisisperiodistico.com\/index.php\/wp-json\/wp\/v2\/posts"}],"about":[{"href":"https:\/\/contextoanalisisperiodistico.com\/index.php\/wp-json\/wp\/v2\/types\/post"}],"author":[{"embeddable":true,"href":"https:\/\/contextoanalisisperiodistico.com\/index.php\/wp-json\/wp\/v2\/users\/4"}],"replies":[{"embeddable":true,"href":"https:\/\/contextoanalisisperiodistico.com\/index.php\/wp-json\/wp\/v2\/comments?post=24690"}],"version-history":[{"count":0,"href":"https:\/\/contextoanalisisperiodistico.com\/index.php\/wp-json\/wp\/v2\/posts\/24690\/revisions"}],"wp:featuredmedia":[{"embeddable":true,"href":"https:\/\/contextoanalisisperiodistico.com\/index.php\/wp-json\/wp\/v2\/media\/24685"}],"wp:attachment":[{"href":"https:\/\/contextoanalisisperiodistico.com\/index.php\/wp-json\/wp\/v2\/media?parent=24690"}],"wp:term":[{"taxonomy":"category","embeddable":true,"href":"https:\/\/contextoanalisisperiodistico.com\/index.php\/wp-json\/wp\/v2\/categories?post=24690"},{"taxonomy":"post_tag","embeddable":true,"href":"https:\/\/contextoanalisisperiodistico.com\/index.php\/wp-json\/wp\/v2\/tags?post=24690"}],"curies":[{"name":"wp","href":"https:\/\/api.w.org\/{rel}","templated":true}]}}