{"id":24673,"date":"2024-02-16T09:18:21","date_gmt":"2024-02-16T15:18:21","guid":{"rendered":"https:\/\/contextoanalisisperiodistico.com\/index.php\/2024\/02\/16\/beneficia-gobierno-de-oaxaca-a-santiago-tilantongo-con-obras-y-acciones-por-mas-de-24-mdp\/"},"modified":"2024-02-16T09:18:21","modified_gmt":"2024-02-16T15:18:21","slug":"beneficia-gobierno-de-oaxaca-a-santiago-tilantongo-con-obras-y-acciones-por-mas-de-24-mdp","status":"publish","type":"post","link":"https:\/\/contextoanalisisperiodistico.com\/index.php\/2024\/02\/16\/beneficia-gobierno-de-oaxaca-a-santiago-tilantongo-con-obras-y-acciones-por-mas-de-24-mdp\/","title":{"rendered":"Beneficia Gobierno de Oaxaca a Santiago Tilantongo con obras y acciones por m\u00e1s de 24 mdp"},"content":{"rendered":"<div id=\"fb-root\"><\/div>\n\n<p>\u2022 Destaca el apoyo en caminos, agua, infraestructura educativa, vivienda y salud<\/p>\n\n\n\n<figure class=\"wp-block-image size-large\"><img fetchpriority=\"high\" decoding=\"async\" width=\"1024\" height=\"682\" src=\"https:\/\/contextoanalisisperiodistico.com\/wp-content\/uploads\/2024\/02\/img-20240216-wa00055743665406292448856-1024x682.jpg\" alt=\"\" class=\"wp-image-24670\" srcset=\"https:\/\/contextoanalisisperiodistico.com\/wp-content\/uploads\/2024\/02\/img-20240216-wa00055743665406292448856-1024x682.jpg 1024w, https:\/\/contextoanalisisperiodistico.com\/wp-content\/uploads\/2024\/02\/img-20240216-wa00055743665406292448856-300x200.jpg 300w, https:\/\/contextoanalisisperiodistico.com\/wp-content\/uploads\/2024\/02\/img-20240216-wa00055743665406292448856-768x512.jpg 768w, https:\/\/contextoanalisisperiodistico.com\/wp-content\/uploads\/2024\/02\/img-20240216-wa00055743665406292448856-1536x1023.jpg 1536w, https:\/\/contextoanalisisperiodistico.com\/wp-content\/uploads\/2024\/02\/img-20240216-wa00055743665406292448856.jpg 1600w\" sizes=\"(max-width: 1024px) 100vw, 1024px\" \/><\/figure>\n\n\n\n<figure class=\"wp-block-image\"><img decoding=\"async\" width=\"1024\" height=\"682\" src=\"https:\/\/contextoanalisisperiodistico.com\/wp-content\/uploads\/2024\/02\/img-20240216-wa00023736256229522968619-1024x682.jpg\" alt=\"\" class=\"wp-image-24672\" srcset=\"https:\/\/contextoanalisisperiodistico.com\/wp-content\/uploads\/2024\/02\/img-20240216-wa00023736256229522968619-1024x682.jpg 1024w, https:\/\/contextoanalisisperiodistico.com\/wp-content\/uploads\/2024\/02\/img-20240216-wa00023736256229522968619-300x200.jpg 300w, https:\/\/contextoanalisisperiodistico.com\/wp-content\/uploads\/2024\/02\/img-20240216-wa00023736256229522968619-768x512.jpg 768w, https:\/\/contextoanalisisperiodistico.com\/wp-content\/uploads\/2024\/02\/img-20240216-wa00023736256229522968619-1536x1023.jpg 1536w, https:\/\/contextoanalisisperiodistico.com\/wp-content\/uploads\/2024\/02\/img-20240216-wa00023736256229522968619.jpg 1600w\" sizes=\"(max-width: 1024px) 100vw, 1024px\" \/><\/figure>\n\n\n\n<figure class=\"wp-block-image\"><img decoding=\"async\" width=\"1024\" height=\"682\" src=\"https:\/\/contextoanalisisperiodistico.com\/wp-content\/uploads\/2024\/02\/img-20240216-wa00044610961554591068258-1024x682.jpg\" alt=\"\" class=\"wp-image-24671\" srcset=\"https:\/\/contextoanalisisperiodistico.com\/wp-content\/uploads\/2024\/02\/img-20240216-wa00044610961554591068258-1024x682.jpg 1024w, https:\/\/contextoanalisisperiodistico.com\/wp-content\/uploads\/2024\/02\/img-20240216-wa00044610961554591068258-300x200.jpg 300w, https:\/\/contextoanalisisperiodistico.com\/wp-content\/uploads\/2024\/02\/img-20240216-wa00044610961554591068258-768x512.jpg 768w, https:\/\/contextoanalisisperiodistico.com\/wp-content\/uploads\/2024\/02\/img-20240216-wa00044610961554591068258-1536x1023.jpg 1536w, https:\/\/contextoanalisisperiodistico.com\/wp-content\/uploads\/2024\/02\/img-20240216-wa00044610961554591068258.jpg 1600w\" sizes=\"(max-width: 1024px) 100vw, 1024px\" \/><\/figure>\n\n\n\n<figure class=\"wp-block-image\"><img loading=\"lazy\" decoding=\"async\" width=\"300\" height=\"200\" src=\"https:\/\/contextoanalisisperiodistico.com\/wp-content\/uploads\/2024\/02\/img-20240216-wa00032071145332713447605-300x200.jpg\" alt=\"\" class=\"wp-image-24669\" srcset=\"https:\/\/contextoanalisisperiodistico.com\/wp-content\/uploads\/2024\/02\/img-20240216-wa00032071145332713447605-300x200.jpg 300w, https:\/\/contextoanalisisperiodistico.com\/wp-content\/uploads\/2024\/02\/img-20240216-wa00032071145332713447605-768x511.jpg 768w, https:\/\/contextoanalisisperiodistico.com\/wp-content\/uploads\/2024\/02\/img-20240216-wa00032071145332713447605.jpg 990w\" sizes=\"(max-width: 300px) 100vw, 300px\" \/><\/figure>\n\n\n\n<p>Santiago Tilantongo, Oax. 16 de febrero de 2024.- En su gira de trabajo por la Mixteca, el Gobernador Salom\u00f3n Jara Cruz acudi\u00f3 a Santiago Tilantongo, en donde, a trav\u00e9s de la estrategia Trabajo que Transforma tu Municipio anunci\u00f3 una inversi\u00f3n por 24 millones 344 mil pesos en beneficio de esta comunidad que ocupa el lugar 71 en pobreza a nivel estatal.<\/p>\n\n\n\n<p>Acompa\u00f1ado por la Presidenta Honoraria del Sistema para el Desarrollo Integral de la Familia (DIF) Oaxaca, Irma Bola\u00f1os Quijano, el Mandatario estatal inform\u00f3 los trabajos que se llevar\u00e1n a cabo, toda vez que durante sus recorridos por los 570 municipios se ha constatado el abandono en el que se encuentran las comunidades.<\/p>\n\n\n\n<p>\u201cEn este nuevo modelo de atenci\u00f3n tenemos un gobierno cercano al pueblo, a las comunidades, a las autoridades; un gobierno que trabaja con sencillez, con humildad, con transparencia y de manera directa\u201d, asegur\u00f3 en la explanada municipal.<\/p>\n\n\n\n<p>Para dar inicio al desglose de acciones, a trav\u00e9s de Caminos Bienestar (Cabien) se dio a conocer que se realizar\u00e1 la pavimentaci\u00f3n del paraje La Cruz, que va de la agencia de polic\u00eda El Socorro a San Mart\u00edn de las Palmas, con una inversi\u00f3n de 5 millones de pesos. En tanto, Vivienda Bienestar (Vibien) realizar\u00e1 70 pisos firmes por 1 mill\u00f3n 15 mil pesos para beneficiar a 420 habitantes.<\/p>\n\n\n\n<p>En dicho contexto la Comisi\u00f3n Estatal del Agua para el Bienestar (Ceabien) agreg\u00f3 que invertir\u00e1 3 millones para el sistema de agua potable en la cabecera municipal, adem\u00e1s de que realizar\u00e1 estudios y proyectos para la construcci\u00f3n del sistema de agua en la localidad de El Carmen, ampliaci\u00f3n en la agencia de polic\u00eda de San Isidro y para poner en operaci\u00f3n la planta tratadora de aguas residuales.<\/p>\n\n\n\n<p>Por su parte la Secretar\u00eda de Infraestructuras y Comunicaciones detall\u00f3 que con recursos de 2023 se realiz\u00f3 la ampliaci\u00f3n de la red de energ\u00eda el\u00e9ctrica por 1 mill\u00f3n 884 mil 423 pesos, adem\u00e1s de que realizar\u00e1 estudios de viabilidad de otra ampliaci\u00f3n y de algunas peticiones de techados y pavimentos.<\/p>\n\n\n\n<p>En apoyo a la educaci\u00f3n, el Instituto Oaxaque\u00f1o Constructor de Infraestructura Educativa (Iocied) inform\u00f3 que con 4 millones 100 mil pesos, construir\u00e1 la biblioteca para una telesecundaria, realizar\u00e1 el proyecto de construcci\u00f3n de una cancha de f\u00fatbol r\u00e1pido para una primaria y una visita t\u00e9cnica como parte del proyecto de construcci\u00f3n de la barda perimetral de un preescolar.<\/p>\n\n\n\n<p>Con el mismo monto construir\u00e1 una biblioteca para la Casa de la Ni\u00f1ez Ind\u00edgena, trabajar\u00e1 en el proyecto para una bodega en otro preescolar y la construcci\u00f3n de un laboratorio para el Instituto de Estudios de Bachillerato del Estado de Oaxaca (IEBO), adem\u00e1s de entregar 15 equipos de c\u00f3mputo.<\/p>\n\n\n\n<p>En tanto, el Instituto Estatal de Educaci\u00f3n P\u00fablica de Oaxaca (IEEPO) apoyar\u00e1 a 28 escuelas con material de aseo, deportivo y de oficina, adem\u00e1s de beneficiar a cinco instituciones del nivel b\u00e1sico con computadoras de escritorio y port\u00e1tiles, pintura, bafles, escritorios y sillas para maestros y maestras, as\u00ed como banderas, material de aseo deportivo, de oficina y libreros, con inversi\u00f3n inicial de 418 mil 680 pesos.<\/p>\n\n\n\n<p>En este encuentro, Servicios de Salud de Oaxaca (SSO) destac\u00f3 que en esta localidad se ha apoyado a tres centros de salud y cuatro casas de salud con medicamentos, insumos y equipamiento de exploraci\u00f3n por un monto de 3 millones 720 mil 667 pesos.<\/p>\n\n\n\n<p>Asimismo, se dio a conocer que a trav\u00e9s del DIF Oaxaca, con 1 mill\u00f3n 388 mil 746 pesos se implementan los programa de Alimentaci\u00f3n a Grupos Prioritarios, y Alimentaci\u00f3n Escolar; as\u00ed como el subprograma Comedores Comunitarios para el Bienestar.<\/p>\n\n\n\n<p>Asimismo, la Secretar\u00eda de Fomento Agroalimentario y Desarrollo Rural (Sefader) dio a conocer que durante el a\u00f1o 2023 invirti\u00f3 646 mil 920 pesos a trav\u00e9s del programa Autosuficiencia Alimentaria en beneficio de 93 familias, y para 2024 beneficiar\u00e1 al mismo n\u00famero de familias con similar inversi\u00f3n.<\/p>\n\n\n\n<p>De la misma manera, la Secretar\u00eda de Bienestar, Tequio e Inclusi\u00f3n (Sebienti), precis\u00f3 que en 2023 en esta localidad se beneficiaron a 33 jefas de familias con la Tarjeta Margarita Maza por un monto de 400 mil pesos.<\/p>\n\n\n\n<p>Asimismo, la Secretar\u00eda de Interculturalidad, Pueblos y Comunidades Ind\u00edgenas y Afromexicanas (SIPCIA) asegur\u00f3 que con el programa Juventudes Interculturales Originarias brind\u00f3 becas a dos j\u00f3venes estudiantes; con el Fondo Comunitario accion\u00f3 el proyecto Conciencia H\u00eddrica, y con Mujeres Emprendiendo benefici\u00f3 a seis. Todo por el orden de 73 mil pesos.<\/p>\n\n\n\n<p>Finalmente se dio a conocer que a trav\u00e9s de la Secretar\u00eda de Finanzas (Sefin) se deposit\u00f3 a esta localidad un Fondo Compensatorio por la cantidad de 269 mil 40 pesos.<\/p>\n\n\n\n<p>-0-<\/p>\n","protected":false},"excerpt":{"rendered":"<p>\u2022 Destaca el apoyo en caminos, agua, infraestructura educativa, vivienda y salud Santiago Tilantongo, Oax&#8230;.<\/p>\n","protected":false},"author":4,"featured_media":24668,"comment_status":"","ping_status":"open","sticky":false,"template":"","format":"standard","meta":{"footnotes":""},"categories":[9],"tags":[],"jetpack_sharing_enabled":true,"featured_image_urls":{"full":["https:\/\/contextoanalisisperiodistico.com\/wp-content\/uploads\/2024\/02\/IMG-20240216-WA0006.jpg",1600,1066,false],"thumbnail":["https:\/\/contextoanalisisperiodistico.com\/wp-content\/uploads\/2024\/02\/IMG-20240216-WA0006-150x150.jpg",150,150,true],"medium":["https:\/\/contextoanalisisperiodistico.com\/wp-content\/uploads\/2024\/02\/IMG-20240216-WA0006-300x200.jpg",300,200,true],"medium_large":["https:\/\/contextoanalisisperiodistico.com\/wp-content\/uploads\/2024\/02\/IMG-20240216-WA0006-768x512.jpg",640,427,true],"large":["https:\/\/contextoanalisisperiodistico.com\/wp-content\/uploads\/2024\/02\/IMG-20240216-WA0006-1024x682.jpg",640,426,true],"1536x1536":["https:\/\/contextoanalisisperiodistico.com\/wp-content\/uploads\/2024\/02\/IMG-20240216-WA0006-1536x1023.jpg",1536,1023,true],"2048x2048":["https:\/\/contextoanalisisperiodistico.com\/wp-content\/uploads\/2024\/02\/IMG-20240216-WA0006.jpg",1600,1066,false],"covernews-slider-full":["https:\/\/contextoanalisisperiodistico.com\/wp-content\/uploads\/2024\/02\/IMG-20240216-WA0006-1115x715.jpg",1115,715,true],"covernews-slider-center":["https:\/\/contextoanalisisperiodistico.com\/wp-content\/uploads\/2024\/02\/IMG-20240216-WA0006-800x500.jpg",800,500,true],"covernews-featured":["https:\/\/contextoanalisisperiodistico.com\/wp-content\/uploads\/2024\/02\/IMG-20240216-WA0006-1024x682.jpg",1024,682,true],"covernews-medium":["https:\/\/contextoanalisisperiodistico.com\/wp-content\/uploads\/2024\/02\/IMG-20240216-WA0006-540x340.jpg",540,340,true],"covernews-medium-square":["https:\/\/contextoanalisisperiodistico.com\/wp-content\/uploads\/2024\/02\/IMG-20240216-WA0006-400x250.jpg",400,250,true]},"author_info":{"display_name":"Mario Gir\u00f3n","author_link":"https:\/\/contextoanalisisperiodistico.com\/index.php\/author\/director\/"},"category_info":"<a href=\"https:\/\/contextoanalisisperiodistico.com\/index.php\/category\/politica\/\" rel=\"category tag\">Pol\u00edtica<\/a>","tag_info":"Pol\u00edtica","comment_count":"0","jetpack_featured_media_url":"https:\/\/contextoanalisisperiodistico.com\/wp-content\/uploads\/2024\/02\/IMG-20240216-WA0006.jpg","_links":{"self":[{"href":"https:\/\/contextoanalisisperiodistico.com\/index.php\/wp-json\/wp\/v2\/posts\/24673"}],"collection":[{"href":"https:\/\/contextoanalisisperiodistico.com\/index.php\/wp-json\/wp\/v2\/posts"}],"about":[{"href":"https:\/\/contextoanalisisperiodistico.com\/index.php\/wp-json\/wp\/v2\/types\/post"}],"author":[{"embeddable":true,"href":"https:\/\/contextoanalisisperiodistico.com\/index.php\/wp-json\/wp\/v2\/users\/4"}],"replies":[{"embeddable":true,"href":"https:\/\/contextoanalisisperiodistico.com\/index.php\/wp-json\/wp\/v2\/comments?post=24673"}],"version-history":[{"count":0,"href":"https:\/\/contextoanalisisperiodistico.com\/index.php\/wp-json\/wp\/v2\/posts\/24673\/revisions"}],"wp:featuredmedia":[{"embeddable":true,"href":"https:\/\/contextoanalisisperiodistico.com\/index.php\/wp-json\/wp\/v2\/media\/24668"}],"wp:attachment":[{"href":"https:\/\/contextoanalisisperiodistico.com\/index.php\/wp-json\/wp\/v2\/media?parent=24673"}],"wp:term":[{"taxonomy":"category","embeddable":true,"href":"https:\/\/contextoanalisisperiodistico.com\/index.php\/wp-json\/wp\/v2\/categories?post=24673"},{"taxonomy":"post_tag","embeddable":true,"href":"https:\/\/contextoanalisisperiodistico.com\/index.php\/wp-json\/wp\/v2\/tags?post=24673"}],"curies":[{"name":"wp","href":"https:\/\/api.w.org\/{rel}","templated":true}]}}