{"id":24649,"date":"2024-02-15T22:21:41","date_gmt":"2024-02-16T04:21:41","guid":{"rendered":"https:\/\/contextoanalisisperiodistico.com\/index.php\/2024\/02\/15\/en-yutanduchi-de-guerrero-gobierno-del-estado-refrenda-su-compromiso-con-los-pueblos-de-oaxaca\/"},"modified":"2024-02-15T22:21:41","modified_gmt":"2024-02-16T04:21:41","slug":"en-yutanduchi-de-guerrero-gobierno-del-estado-refrenda-su-compromiso-con-los-pueblos-de-oaxaca","status":"publish","type":"post","link":"https:\/\/contextoanalisisperiodistico.com\/index.php\/2024\/02\/15\/en-yutanduchi-de-guerrero-gobierno-del-estado-refrenda-su-compromiso-con-los-pueblos-de-oaxaca\/","title":{"rendered":"En Yutanduchi de Guerrero, Gobierno del Estado refrenda su compromiso con los pueblos de Oaxaca"},"content":{"rendered":"<div id=\"fb-root\"><\/div>\n\n<p>\u2022 Con m\u00e1s de 11 millones de pesos se atender\u00e1n rezagos en materia educativa, de salud e infraestructura<\/p>\n\n\n\n<figure class=\"wp-block-image size-large\"><img fetchpriority=\"high\" decoding=\"async\" width=\"1000\" height=\"667\" src=\"https:\/\/contextoanalisisperiodistico.com\/wp-content\/uploads\/2024\/02\/img-20240215-wa00862263343554190712388.jpg\" alt=\"\" class=\"wp-image-24646\" srcset=\"https:\/\/contextoanalisisperiodistico.com\/wp-content\/uploads\/2024\/02\/img-20240215-wa00862263343554190712388.jpg 1000w, https:\/\/contextoanalisisperiodistico.com\/wp-content\/uploads\/2024\/02\/img-20240215-wa00862263343554190712388-300x200.jpg 300w, https:\/\/contextoanalisisperiodistico.com\/wp-content\/uploads\/2024\/02\/img-20240215-wa00862263343554190712388-768x512.jpg 768w\" sizes=\"(max-width: 1000px) 100vw, 1000px\" \/><\/figure>\n\n\n\n<figure class=\"wp-block-image\"><img decoding=\"async\" width=\"300\" height=\"200\" src=\"https:\/\/contextoanalisisperiodistico.com\/wp-content\/uploads\/2024\/02\/img-20240215-wa00842890712393212417029-300x200.jpg\" alt=\"\" class=\"wp-image-24645\" srcset=\"https:\/\/contextoanalisisperiodistico.com\/wp-content\/uploads\/2024\/02\/img-20240215-wa00842890712393212417029-300x200.jpg 300w, https:\/\/contextoanalisisperiodistico.com\/wp-content\/uploads\/2024\/02\/img-20240215-wa00842890712393212417029-768x512.jpg 768w, https:\/\/contextoanalisisperiodistico.com\/wp-content\/uploads\/2024\/02\/img-20240215-wa00842890712393212417029.jpg 1000w\" sizes=\"(max-width: 300px) 100vw, 300px\" \/><\/figure>\n\n\n\n<figure class=\"wp-block-image\"><img decoding=\"async\" width=\"300\" height=\"200\" src=\"https:\/\/contextoanalisisperiodistico.com\/wp-content\/uploads\/2024\/02\/img-20240215-wa00871486828703599979417-300x200.jpg\" alt=\"\" class=\"wp-image-24647\" srcset=\"https:\/\/contextoanalisisperiodistico.com\/wp-content\/uploads\/2024\/02\/img-20240215-wa00871486828703599979417-300x200.jpg 300w, https:\/\/contextoanalisisperiodistico.com\/wp-content\/uploads\/2024\/02\/img-20240215-wa00871486828703599979417-768x512.jpg 768w, https:\/\/contextoanalisisperiodistico.com\/wp-content\/uploads\/2024\/02\/img-20240215-wa00871486828703599979417.jpg 1000w\" sizes=\"(max-width: 300px) 100vw, 300px\" \/><\/figure>\n\n\n\n<figure class=\"wp-block-image\"><img loading=\"lazy\" decoding=\"async\" width=\"300\" height=\"200\" src=\"https:\/\/contextoanalisisperiodistico.com\/wp-content\/uploads\/2024\/02\/img-20240215-wa00856798340706154993378-300x200.jpg\" alt=\"\" class=\"wp-image-24648\" srcset=\"https:\/\/contextoanalisisperiodistico.com\/wp-content\/uploads\/2024\/02\/img-20240215-wa00856798340706154993378-300x200.jpg 300w, https:\/\/contextoanalisisperiodistico.com\/wp-content\/uploads\/2024\/02\/img-20240215-wa00856798340706154993378-768x512.jpg 768w, https:\/\/contextoanalisisperiodistico.com\/wp-content\/uploads\/2024\/02\/img-20240215-wa00856798340706154993378.jpg 1000w\" sizes=\"(max-width: 300px) 100vw, 300px\" \/><\/figure>\n\n\n\n<p>Yutanduchi de Guerrero, Oax. 15 de febrero de 2024.- Con la finalidad de abatir los a\u00f1os de marginaci\u00f3n en los que han estado los municipios oaxaque\u00f1os, el Gobernador Salom\u00f3n Jara Cruz contin\u00faa con la estrategia Trabajo que Transforma tu Municipio, por lo que en esta ocasi\u00f3n visit\u00f3 Yutanduchi de Guerrero, donde anunci\u00f3 una inversi\u00f3n de 11 millones 285 mil pesos, con lo que se busca el desarrollo de la comunidad, la cual se encuentra en el lugar 127 de pobreza.<br \/>\u201cNunca m\u00e1s un gobernador ausente de sus responsabilidades, alejado de los municipios y de los pueblos, vamos a caminar junto con ustedes\u201d, afirm\u00f3 el Mandatario oaxaque\u00f1o, ante habitantes y en compa\u00f1\u00eda de la Presidenta Honoraria del Sistema para el Desarrollo Integral de la Familia (DIF) Oaxaca, Irma Bola\u00f1os Quijano.<br \/>A Yutanduchi de Guerrero, trav\u00e9s del subprograma Comedores Populares para el Bienestar y el programa Atenci\u00f3n Alimentaria a Grupos Prioritarios, el DIF Oaxaca le benefici\u00f3 con una inversi\u00f3n de 581 mil pesos.<br \/>Los Servicios de Salud de Oaxaca (SSO) invertir\u00e1 en medicamentos 700 mil pesos, as\u00ed como 857 mil pesos para el mantenimiento del Centro de Salud, lo que suma una inversi\u00f3n total de un mill\u00f3n 560 mil pesos, de igual forma recibieron solicitudes para la dotaci\u00f3n de equipos de c\u00f3mputo.<br \/>En tanto, la Secretar\u00eda de Bienestar Tequio e Inclusi\u00f3n (Sebienti) ha invertido 300 mil pesos con la Tarjeta Margarita Maza en apoyo a 25 jefas de familia.<br \/>La Secretar\u00eda de Finanzas inform\u00f3 que al municipio le fue depositado en 2023 un Fondo Compensatorio correspondiente a 122 mil 286 pesos, monto que fue determinado para obras prioritarias.<br \/>En el campo, a trav\u00e9s de la Secretar\u00eda de Fomento Agroalimentario y Desarrollo Rural (Sefader) se garantiz\u00f3 en 2023 la producci\u00f3n de ma\u00edz, frijol, hortalizas, entre otros, con el programa de Autosuficiencia Alimentaria en apoyo a 50 familias con una inversi\u00f3n de 528 mil pesos, y este a\u00f1o se replicar\u00e1 este mismo monto.<br \/>El Instituto Estatal de Educaci\u00f3n P\u00fablica de Oaxaca (IEEPO) destinar\u00e1 un total de 304 mil 304 pesos en instituciones como el Preescolar Mariano Matamoros con mobiliario, material de aseo, deportivo y de oficina y un equipo de c\u00f3mputo; mientras que en la Escuela de Educaci\u00f3n Ind\u00edgena destinar\u00e1 una computadora, una impresora, un pizarr\u00f3n, material de aseo y oficina, as\u00ed como cinco computadoras en la Telesecundaria.<br \/>El Instituto Oaxaque\u00f1o Constructor de Infraestructura Educativa (Iocied) apoyar\u00e1 al plantel del Instituto de Estudios de Bachillerato de Oaxaca (IEBO) con 10 computadoras, adem\u00e1s revisar\u00e1n la solicitud de un muro de contenci\u00f3n en la primaria Ricardo Flores Mag\u00f3n, mientras que en la Telesecundaria se construir\u00e1 un techado, de igual forma, en la Escuela de Educaci\u00f3n Inicial Ind\u00edgena se construir\u00e1 un aula, todo con una inversi\u00f3n de 3 millones 969 mil pesos.<br \/>Finalmente, Vivienda Bienestar (Vibien) realizar\u00e1 61 pisos firmes y 20 ba\u00f1os biodigestores con una inversi\u00f3n de 2 millones 284 mil pesos.<\/p>\n\n\n\n<p>-0-<\/p>\n","protected":false},"excerpt":{"rendered":"<p>\u2022 Con m\u00e1s de 11 millones de pesos se atender\u00e1n rezagos en materia educativa, de&#8230;<\/p>\n","protected":false},"author":4,"featured_media":24644,"comment_status":"","ping_status":"open","sticky":false,"template":"","format":"standard","meta":{"footnotes":""},"categories":[9],"tags":[],"jetpack_sharing_enabled":true,"featured_image_urls":{"full":["https:\/\/contextoanalisisperiodistico.com\/wp-content\/uploads\/2024\/02\/IMG-20240215-WA0083.jpg",1000,667,false],"thumbnail":["https:\/\/contextoanalisisperiodistico.com\/wp-content\/uploads\/2024\/02\/IMG-20240215-WA0083-150x150.jpg",150,150,true],"medium":["https:\/\/contextoanalisisperiodistico.com\/wp-content\/uploads\/2024\/02\/IMG-20240215-WA0083-300x200.jpg",300,200,true],"medium_large":["https:\/\/contextoanalisisperiodistico.com\/wp-content\/uploads\/2024\/02\/IMG-20240215-WA0083-768x512.jpg",640,427,true],"large":["https:\/\/contextoanalisisperiodistico.com\/wp-content\/uploads\/2024\/02\/IMG-20240215-WA0083.jpg",640,427,false],"1536x1536":["https:\/\/contextoanalisisperiodistico.com\/wp-content\/uploads\/2024\/02\/IMG-20240215-WA0083.jpg",1000,667,false],"2048x2048":["https:\/\/contextoanalisisperiodistico.com\/wp-content\/uploads\/2024\/02\/IMG-20240215-WA0083.jpg",1000,667,false],"covernews-slider-full":["https:\/\/contextoanalisisperiodistico.com\/wp-content\/uploads\/2024\/02\/IMG-20240215-WA0083.jpg",1000,667,false],"covernews-slider-center":["https:\/\/contextoanalisisperiodistico.com\/wp-content\/uploads\/2024\/02\/IMG-20240215-WA0083-800x500.jpg",800,500,true],"covernews-featured":["https:\/\/contextoanalisisperiodistico.com\/wp-content\/uploads\/2024\/02\/IMG-20240215-WA0083.jpg",1000,667,false],"covernews-medium":["https:\/\/contextoanalisisperiodistico.com\/wp-content\/uploads\/2024\/02\/IMG-20240215-WA0083-540x340.jpg",540,340,true],"covernews-medium-square":["https:\/\/contextoanalisisperiodistico.com\/wp-content\/uploads\/2024\/02\/IMG-20240215-WA0083-400x250.jpg",400,250,true]},"author_info":{"display_name":"Mario Gir\u00f3n","author_link":"https:\/\/contextoanalisisperiodistico.com\/index.php\/author\/director\/"},"category_info":"<a href=\"https:\/\/contextoanalisisperiodistico.com\/index.php\/category\/politica\/\" rel=\"category tag\">Pol\u00edtica<\/a>","tag_info":"Pol\u00edtica","comment_count":"0","jetpack_featured_media_url":"https:\/\/contextoanalisisperiodistico.com\/wp-content\/uploads\/2024\/02\/IMG-20240215-WA0083.jpg","_links":{"self":[{"href":"https:\/\/contextoanalisisperiodistico.com\/index.php\/wp-json\/wp\/v2\/posts\/24649"}],"collection":[{"href":"https:\/\/contextoanalisisperiodistico.com\/index.php\/wp-json\/wp\/v2\/posts"}],"about":[{"href":"https:\/\/contextoanalisisperiodistico.com\/index.php\/wp-json\/wp\/v2\/types\/post"}],"author":[{"embeddable":true,"href":"https:\/\/contextoanalisisperiodistico.com\/index.php\/wp-json\/wp\/v2\/users\/4"}],"replies":[{"embeddable":true,"href":"https:\/\/contextoanalisisperiodistico.com\/index.php\/wp-json\/wp\/v2\/comments?post=24649"}],"version-history":[{"count":0,"href":"https:\/\/contextoanalisisperiodistico.com\/index.php\/wp-json\/wp\/v2\/posts\/24649\/revisions"}],"wp:featuredmedia":[{"embeddable":true,"href":"https:\/\/contextoanalisisperiodistico.com\/index.php\/wp-json\/wp\/v2\/media\/24644"}],"wp:attachment":[{"href":"https:\/\/contextoanalisisperiodistico.com\/index.php\/wp-json\/wp\/v2\/media?parent=24649"}],"wp:term":[{"taxonomy":"category","embeddable":true,"href":"https:\/\/contextoanalisisperiodistico.com\/index.php\/wp-json\/wp\/v2\/categories?post=24649"},{"taxonomy":"post_tag","embeddable":true,"href":"https:\/\/contextoanalisisperiodistico.com\/index.php\/wp-json\/wp\/v2\/tags?post=24649"}],"curies":[{"name":"wp","href":"https:\/\/api.w.org\/{rel}","templated":true}]}}