{"id":24626,"date":"2024-02-15T16:09:06","date_gmt":"2024-02-15T22:09:06","guid":{"rendered":"https:\/\/contextoanalisisperiodistico.com\/index.php\/2024\/02\/15\/el-ogaipo-y-la-utvco-celebran-convenio-de-colaboracion\/"},"modified":"2024-02-15T16:09:06","modified_gmt":"2024-02-15T22:09:06","slug":"el-ogaipo-y-la-utvco-celebran-convenio-de-colaboracion","status":"publish","type":"post","link":"https:\/\/contextoanalisisperiodistico.com\/index.php\/2024\/02\/15\/el-ogaipo-y-la-utvco-celebran-convenio-de-colaboracion\/","title":{"rendered":"El OGAIPO y la UTVCO celebran convenio de colaboraci\u00f3n"},"content":{"rendered":"<div id=\"fb-root\"><\/div>\n\n<p><strong>&nbsp;<\/strong><\/p>\n\n\n\n<p>Oaxaca de Ju\u00e1rez, Oax., a 15 de febrero de 2024.- Esta ma\u00f1ana, el \u00d3rgano Garante de Acceso a la Informaci\u00f3n P\u00fablica, Transparencia, Protecci\u00f3n de Datos Personales y Buen Gobierno del Estado de Oaxaca (OGAIPO), celebr\u00f3 Convenio de Colaboraci\u00f3n con la Universidad Tecnol\u00f3gica de los Valles Centrales de Oaxaca (UTVCO).<\/p>\n\n\n\n<p>&nbsp;<\/p>\n\n\n\n<p>El objetivo es establecer bases de colaboraci\u00f3n para planeaci\u00f3n y ejecuci\u00f3n de actividades y estrategias dirigidas a la promoci\u00f3n de cultura de transparencia, acceso a la informaci\u00f3n p\u00fablica, rendici\u00f3n de cuentas, transparencia proactiva, datos abiertos, protecci\u00f3n de datos personales y ejercicio de los derechos de acceso, rectificaci\u00f3n, cancelaci\u00f3n, oposici\u00f3n y portabilidad. Adem\u00e1s de actividades acad\u00e9micas extracurriculares de temas que ponderen la importancia social del derecho de protecci\u00f3n de datos personales dirigidos a las y los estudiantes y al personal docente y administrativo.<\/p>\n\n\n\n<p>&nbsp;<\/p>\n\n\n\n<p>En su mensaje de bienvenida, la Rectora&nbsp;de la UTVCO, Tania L\u00f3pez L\u00f3pez, agradeci\u00f3 al Consejo General del OGAIPO por hacer posible la realizaci\u00f3n de este convenio, asimismo mencion\u00f3 que este acto permitir\u00e1 el trabajo conjunto para capacitaciones al personal administrativo, as\u00ed como estudiantil, en los derechos que tutela el \u00d3rgano Garante.<\/p>\n\n\n\n<p>&nbsp;<\/p>\n\n\n\n<p>L\u00f3pez L\u00f3pez hizo menci\u00f3n de la responsabilidad que tiene la UTVCO como Sujeto obligado para cumplir con sus obligaciones en materia de transparencia y de protecci\u00f3n de datos personales; abon\u00f3 respecto a estad\u00edas de sus estudiantes en el OGAIPO para desarrollar sus competencias universitarias.<\/p>\n\n\n\n<p>&nbsp;<\/p>\n\n\n\n<p>En su intervenci\u00f3n, el Comisionado Presidente del OGAIPO,&nbsp;Josu\u00e9 Solana Salmor\u00e1n expres\u00f3 que el \u00d3rgano Garante Local, tutela y garantiza dos derechos fundamentales, el de acceso a la informaci\u00f3n y el de protecci\u00f3n de datos personales; entre ellos existe una l\u00ednea entre lo que s\u00ed es p\u00fablico, pero especialmente en la academia se da la gesti\u00f3n de datos personales, por ende se tiene que poner especial cuidado en su privacidad.<\/p>\n\n\n\n<p>&nbsp;<\/p>\n\n\n\n<p>El titular del OGAIPO, indic\u00f3 que posterior al acto protocolario, se impartir\u00eda la capacitaci\u00f3n de \u201cObligaciones en materia de Protecci\u00f3n de Datos Personales\u201d dirigida al personal docente con el prop\u00f3sito de promover la responsabilidad en el manejo de los datos personales para realizar su adecuado tratamiento, cumpliendo con el marco normativo en la materia. Abon\u00f3 que se prev\u00e9 la generaci\u00f3n de capacitaciones para la comunidad estudiantil, ya que al menos el setenta por ciento de la poblaci\u00f3n en M\u00e9xico, maneja redes sociales, lo que significa que estamos inmersos en la comunidad digital, y existen situaciones que vulneran los datos personales.&nbsp;<\/p>\n\n\n\n<p>&nbsp;<\/p>\n\n\n\n<p>Presenciaron el evento,&nbsp;las Comisionadas del OGAIPO, Claudia Ivette Soto Pineda, X\u00f3chitl Elizabeth M\u00e9ndez S\u00e1nchez y Mar\u00eda Tanivet Ramos Reyes. Por parte de la UTVCO, estuvo el Director Jur\u00eddico, Carlos Fernando Moreno Baltazar y la Directora Acad\u00e9mica, Gladys Castellanos Hern\u00e1ndez.&nbsp;<\/p>\n","protected":false},"excerpt":{"rendered":"<p>&nbsp; Oaxaca de Ju\u00e1rez, Oax., a 15 de febrero de 2024.- Esta ma\u00f1ana, el \u00d3rgano&#8230;<\/p>\n","protected":false},"author":4,"featured_media":24624,"comment_status":"","ping_status":"open","sticky":false,"template":"","format":"standard","meta":{"footnotes":""},"categories":[9],"tags":[],"jetpack_sharing_enabled":true,"featured_image_urls":{"full":["https:\/\/contextoanalisisperiodistico.com\/wp-content\/uploads\/2024\/02\/IMG_2317-scaled.jpg",2560,1707,false],"thumbnail":["https:\/\/contextoanalisisperiodistico.com\/wp-content\/uploads\/2024\/02\/IMG_2317-150x150.jpg",150,150,true],"medium":["https:\/\/contextoanalisisperiodistico.com\/wp-content\/uploads\/2024\/02\/IMG_2317-300x200.jpg",300,200,true],"medium_large":["https:\/\/contextoanalisisperiodistico.com\/wp-content\/uploads\/2024\/02\/IMG_2317-768x512.jpg",640,427,true],"large":["https:\/\/contextoanalisisperiodistico.com\/wp-content\/uploads\/2024\/02\/IMG_2317-1024x683.jpg",640,427,true],"1536x1536":["https:\/\/contextoanalisisperiodistico.com\/wp-content\/uploads\/2024\/02\/IMG_2317-1536x1024.jpg",1536,1024,true],"2048x2048":["https:\/\/contextoanalisisperiodistico.com\/wp-content\/uploads\/2024\/02\/IMG_2317-2048x1365.jpg",2048,1365,true],"covernews-slider-full":["https:\/\/contextoanalisisperiodistico.com\/wp-content\/uploads\/2024\/02\/IMG_2317-1115x715.jpg",1115,715,true],"covernews-slider-center":["https:\/\/contextoanalisisperiodistico.com\/wp-content\/uploads\/2024\/02\/IMG_2317-800x500.jpg",800,500,true],"covernews-featured":["https:\/\/contextoanalisisperiodistico.com\/wp-content\/uploads\/2024\/02\/IMG_2317-1024x683.jpg",1024,683,true],"covernews-medium":["https:\/\/contextoanalisisperiodistico.com\/wp-content\/uploads\/2024\/02\/IMG_2317-540x340.jpg",540,340,true],"covernews-medium-square":["https:\/\/contextoanalisisperiodistico.com\/wp-content\/uploads\/2024\/02\/IMG_2317-400x250.jpg",400,250,true]},"author_info":{"display_name":"Mario Gir\u00f3n","author_link":"https:\/\/contextoanalisisperiodistico.com\/index.php\/author\/director\/"},"category_info":"<a href=\"https:\/\/contextoanalisisperiodistico.com\/index.php\/category\/politica\/\" rel=\"category tag\">Pol\u00edtica<\/a>","tag_info":"Pol\u00edtica","comment_count":"0","jetpack_featured_media_url":"https:\/\/contextoanalisisperiodistico.com\/wp-content\/uploads\/2024\/02\/IMG_2317-scaled.jpg","_links":{"self":[{"href":"https:\/\/contextoanalisisperiodistico.com\/index.php\/wp-json\/wp\/v2\/posts\/24626"}],"collection":[{"href":"https:\/\/contextoanalisisperiodistico.com\/index.php\/wp-json\/wp\/v2\/posts"}],"about":[{"href":"https:\/\/contextoanalisisperiodistico.com\/index.php\/wp-json\/wp\/v2\/types\/post"}],"author":[{"embeddable":true,"href":"https:\/\/contextoanalisisperiodistico.com\/index.php\/wp-json\/wp\/v2\/users\/4"}],"replies":[{"embeddable":true,"href":"https:\/\/contextoanalisisperiodistico.com\/index.php\/wp-json\/wp\/v2\/comments?post=24626"}],"version-history":[{"count":0,"href":"https:\/\/contextoanalisisperiodistico.com\/index.php\/wp-json\/wp\/v2\/posts\/24626\/revisions"}],"wp:featuredmedia":[{"embeddable":true,"href":"https:\/\/contextoanalisisperiodistico.com\/index.php\/wp-json\/wp\/v2\/media\/24624"}],"wp:attachment":[{"href":"https:\/\/contextoanalisisperiodistico.com\/index.php\/wp-json\/wp\/v2\/media?parent=24626"}],"wp:term":[{"taxonomy":"category","embeddable":true,"href":"https:\/\/contextoanalisisperiodistico.com\/index.php\/wp-json\/wp\/v2\/categories?post=24626"},{"taxonomy":"post_tag","embeddable":true,"href":"https:\/\/contextoanalisisperiodistico.com\/index.php\/wp-json\/wp\/v2\/tags?post=24626"}],"curies":[{"name":"wp","href":"https:\/\/api.w.org\/{rel}","templated":true}]}}